{"id":127308,"date":"2026-01-10T00:26:54","date_gmt":"2026-01-10T03:26:54","guid":{"rendered":"https:\/\/www.blogdopaulonunes.com\/v5\/?p=127308"},"modified":"2026-01-09T22:34:14","modified_gmt":"2026-01-10T01:34:14","slug":"getulio-vargas-era-de-direita-ou-de-esquerda-o-debate-historico","status":"publish","type":"post","link":"https:\/\/www.blogdopaulonunes.com\/v5\/index.php\/2026\/01\/10\/getulio-vargas-era-de-direita-ou-de-esquerda-o-debate-historico\/","title":{"rendered":"Get\u00falio Vargas era de direita ou de esquerda? O debate hist\u00f3rico"},"content":{"rendered":"<p style=\"text-align: justify;\"><strong>Get\u00falio Vargas foi uma figura complexa e cercada de contradi\u00e7\u00f5es pol\u00edticas e ideol\u00f3gicas<\/strong><\/p>\n<p style=\"text-align: justify;\"><a title=\"Ver todos os posts de Penelope Nogueira\" href=\"https:\/\/revistaforum.com.br\/autor\/penelope-nogueira\/\">Por: Penelope Nogueira<\/a><\/p>\n<p style=\"text-align: justify;\">Poucos personagens da hist\u00f3ria brasileira despertam debates t\u00e3o intensos quanto <strong>Get\u00falio Vargas<\/strong>. Presidente, ditador, l\u00edder popular e figura central da pol\u00edtica nacional por quase duas d\u00e9cadas, Vargas \u00e9 frequentemente enquadrado de forma simplificada: para alguns, um l\u00edder de esquerda por ter criado leis trabalhistas e ampliado direitos sociais; para outros, um governante de direita, autorit\u00e1rio e simp\u00e1tico ao nazifascismo europeu. A hist\u00f3ria, no entanto, raramente se encaixa em r\u00f3tulos t\u00e3o diretos.<\/p>\n<h3>Quem foi Get\u00falio Vargas<\/h3>\n<p class=\"isSelectedEnd\" style=\"text-align: justify;\">Get\u00falio Vargas nasceu em 1882, no Rio Grande do Sul, e chegou ao poder em 1930, ap\u00f3s a chamada\u00a0<strong>Revolu\u00e7\u00e3o de 1930<\/strong>, que p\u00f4s fim \u00e0 Rep\u00fablica Velha. Governou o Brasil de forma quase cont\u00ednua entre 1930 e 1945 \u2014 per\u00edodo que inclui a ditadura do\u00a0<strong>Estado Novo<\/strong>\u00a0(1937\u20131945) \u2014 e retornou ao poder pelo voto direto entre 1951 e 1954.<\/p>\n<p class=\"isSelectedEnd\" style=\"text-align: justify;\">Vargas foi um pol\u00edtico pragm\u00e1tico, centralizador e atento \u00e0s transforma\u00e7\u00f5es do s\u00e9culo XX. Sua principal ambi\u00e7\u00e3o foi reorganizar o Estado brasileiro, rompendo com o poder das oligarquias regionais e conduzindo o pa\u00eds a um projeto de industrializa\u00e7\u00e3o e fortalecimento nacional.<\/p>\n<p class=\"isSelectedEnd\" style=\"text-align: justify;\">O varguismo se desenvolveu em um cen\u00e1rio internacional marcado pela\u00a0<strong>Crise de 1929<\/strong>, pela ascens\u00e3o dos\u00a0<strong>regimes fascistas na Europa<\/strong>, pela radicaliza\u00e7\u00e3o ideol\u00f3gica e pelo fortalecimento do movimento oper\u00e1rio. No Brasil, a urbaniza\u00e7\u00e3o acelerada e o crescimento da classe trabalhadora exigiam novas formas de controle social e pol\u00edtico.<\/p>\n<p class=\"isSelectedEnd\" style=\"text-align: justify;\">\u00c9 nesse contexto que Vargas construiu um regime que combinava\u00a0<strong>autoritarismo pol\u00edtico com concess\u00f5es sociais<\/strong>, inspirado em modelos corporativistas ent\u00e3o em voga, especialmente o fascismo italiano.<\/p>\n<h3>As pol\u00edticas de Vargas: controle social e populismo<\/h3>\n<p class=\"isSelectedEnd\" style=\"text-align: justify;\">Durante seus governos, Vargas implementou reformas profundas, como a\u00a0<strong>Consolida\u00e7\u00e3o das Leis do Trabalho (CLT)<\/strong>, o sal\u00e1rio m\u00ednimo, a regulamenta\u00e7\u00e3o da jornada de trabalho, f\u00e9rias e direitos sindicais. Essas medidas lhe renderam o t\u00edtulo simb\u00f3lico de \u201cpai dos pobres\u201d e garantiram forte apoio popular urbano.<\/p>\n<p class=\"isSelectedEnd\" style=\"text-align: justify;\">No entanto, essas pol\u00edticas n\u00e3o nasceram de um projeto socialista ou de esquerda democr\u00e1tica. Elas foram concebidas como parte de uma\u00a0<strong>estrat\u00e9gia populista de controle e integra\u00e7\u00e3o dos trabalhadores ao Estado<\/strong>, subordinando sindicatos ao governo e neutralizando a autonomia do movimento oper\u00e1rio. Direitos foram concedidos \u201cde cima para baixo\u201d, em troca de lealdade pol\u00edtica, ao mesmo tempo em que greves eram reprimidas e opositores perseguidos.<\/p>\n<p class=\"isSelectedEnd\" style=\"text-align: justify;\">Paralelamente, o Estado Novo consolidou um regime\u00a0<strong>abertamente autorit\u00e1rio<\/strong>, com fechamento do Congresso, censura \u00e0 imprensa, repress\u00e3o a comunistas e integral controle do poder executivo. A est\u00e9tica, a propaganda oficial, o culto ao l\u00edder e o corporativismo aproximam Vargas, como figura pol\u00edtica, dos regimes fascistas europeus, ainda que sem adotar o racismo biol\u00f3gico ou o expansionismo militar t\u00edpicos do nazismo.<\/p>\n<p class=\"isSelectedEnd\" style=\"text-align: justify;\">Na economia, Vargas defendeu o\u00a0<strong>nacional-desenvolvimentismo<\/strong>, fortalecendo o papel do Estado, criando empresas estrat\u00e9gicas e estimulando a industrializa\u00e7\u00e3o pesada. Esse modelo buscava reduzir a depend\u00eancia externa e consolidar um mercado interno forte. Em seu segundo governo, j\u00e1 nos anos 1950, a cria\u00e7\u00e3o da\u00a0<strong>Petrobras<\/strong>\u00a0simbolizou esse projeto de soberania nacional.<\/p>\n<h3 style=\"text-align: justify;\">E a Segunda Guerra Mundial?<\/h3>\n<p class=\"isSelectedEnd\" style=\"text-align: justify;\">A entrada do Brasil na Segunda Guerra Mundial ao lado dos\u00a0<strong>Aliados<\/strong>\u00a0n\u00e3o representou uma ruptura ideol\u00f3gica espont\u00e2nea com o autoritarismo de Vargas. Ela ocorreu sobretudo por\u00a0<strong>press\u00e3o direta dos Estados Unidos<\/strong>\u00a0e por fatores\u00a0<strong>geopol\u00edticos e estrat\u00e9gicos<\/strong>. A posi\u00e7\u00e3o geogr\u00e1fica do Brasil \u2014 especialmente o Nordeste \u2014 era crucial para a log\u00edstica militar norte-americana no Atl\u00e2ntico Sul. Em troca do alinhamento, o governo Vargas obteve apoio econ\u00f4mico, militar e tecnol\u00f3gico, incluindo investimentos na ind\u00fastria de base.<\/p>\n<p class=\"isSelectedEnd\" style=\"text-align: justify;\">Esse epis\u00f3dio refor\u00e7a o car\u00e1ter\u00a0<strong>pragm\u00e1tico<\/strong>\u00a0do varguismo: alian\u00e7as eram feitas conforme a correla\u00e7\u00e3o de for\u00e7as e os interesses do Estado brasileiro, n\u00e3o por afinidade ideol\u00f3gica profunda.<\/p>\n<h3>Ent\u00e3o, Vargas era de esquerda ou de direita?<\/h3>\n<p class=\"isSelectedEnd\" style=\"text-align: justify;\">A resposta mais precisa \u00e9 que\u00a0<strong>Get\u00falio Vargas n\u00e3o foi um l\u00edder de esquerda<\/strong>, apesar de suas pol\u00edticas sociais, nem pode ser reduzido a um conservador tradicional de direito. Como figura pol\u00edtica, seu regime se aproxima do\u00a0<strong>autoritarismo fascista<\/strong>; como estrat\u00e9gia de governo, utilizou o\u00a0<strong>populismo social<\/strong>\u00a0para manter o poder, controlar a classe trabalhadora e legitimar o Estado.<\/p>\n<p class=\"isSelectedEnd\" style=\"text-align: justify;\">Vargas combinou\u00a0<strong>repress\u00e3o pol\u00edtica e inclus\u00e3o social<\/strong>, direitos trabalhistas e censura, nacionalismo econ\u00f4mico e supress\u00e3o das liberdades democr\u00e1ticas. Essa combina\u00e7\u00e3o \u00e9 justamente o que torna sua figura t\u00e3o controversa e duradoura.<\/p>\n<p class=\"isSelectedEnd\" style=\"text-align: justify;\">Get\u00falio Vargas foi um pol\u00edtico de seu tempo, moldado por um mundo em crise e por um Brasil em transforma\u00e7\u00e3o. Seu legado permanece vivo porque suas contradi\u00e7\u00f5es permanecem atuais: desenvolvimento com autoritarismo, direitos sociais sem democracia plena, nacionalismo sem participa\u00e7\u00e3o popular efetiva.<\/p>\n<p style=\"text-align: justify;\">Compreender Vargas exige reconhecer que suas pol\u00edticas sociais n\u00e3o negam \u2014 mas coexistem com \u2014 seu car\u00e1ter autorit\u00e1rio e sua proximidade estrutural com modelos fascistas de poder.<\/p>\n","protected":false},"excerpt":{"rendered":"<p>Get\u00falio Vargas foi uma figura complexa e cercada de contradi\u00e7\u00f5es pol\u00edticas e ideol\u00f3gicas Por: Penelope Nogueira Poucos personagens da hist\u00f3ria brasileira despertam debates t\u00e3o intensos quanto Get\u00falio Vargas. Presidente, ditador, l\u00edder popular e figura central da pol\u00edtica nacional por quase duas d\u00e9cadas, Vargas \u00e9 frequentemente enquadrado de forma simplificada: para alguns, um l\u00edder de esquerda [&hellip;]<\/p>\n","protected":false},"author":2,"featured_media":127309,"comment_status":"open","ping_status":"open","sticky":false,"template":"","format":"standard","meta":[],"categories":[67,71],"tags":[5839,7487,7488],"_links":{"self":[{"href":"https:\/\/www.blogdopaulonunes.com\/v5\/index.php\/wp-json\/wp\/v2\/posts\/127308"}],"collection":[{"href":"https:\/\/www.blogdopaulonunes.com\/v5\/index.php\/wp-json\/wp\/v2\/posts"}],"about":[{"href":"https:\/\/www.blogdopaulonunes.com\/v5\/index.php\/wp-json\/wp\/v2\/types\/post"}],"author":[{"embeddable":true,"href":"https:\/\/www.blogdopaulonunes.com\/v5\/index.php\/wp-json\/wp\/v2\/users\/2"}],"replies":[{"embeddable":true,"href":"https:\/\/www.blogdopaulonunes.com\/v5\/index.php\/wp-json\/wp\/v2\/comments?post=127308"}],"version-history":[{"count":1,"href":"https:\/\/www.blogdopaulonunes.com\/v5\/index.php\/wp-json\/wp\/v2\/posts\/127308\/revisions"}],"predecessor-version":[{"id":127310,"href":"https:\/\/www.blogdopaulonunes.com\/v5\/index.php\/wp-json\/wp\/v2\/posts\/127308\/revisions\/127310"}],"wp:featuredmedia":[{"embeddable":true,"href":"https:\/\/www.blogdopaulonunes.com\/v5\/index.php\/wp-json\/wp\/v2\/media\/127309"}],"wp:attachment":[{"href":"https:\/\/www.blogdopaulonunes.com\/v5\/index.php\/wp-json\/wp\/v2\/media?parent=127308"}],"wp:term":[{"taxonomy":"category","embeddable":true,"href":"https:\/\/www.blogdopaulonunes.com\/v5\/index.php\/wp-json\/wp\/v2\/categories?post=127308"},{"taxonomy":"post_tag","embeddable":true,"href":"https:\/\/www.blogdopaulonunes.com\/v5\/index.php\/wp-json\/wp\/v2\/tags?post=127308"}],"curies":[{"name":"wp","href":"https:\/\/api.w.org\/{rel}","templated":true}]}}