{"id":127293,"date":"2026-01-09T03:15:59","date_gmt":"2026-01-09T06:15:59","guid":{"rendered":"https:\/\/www.blogdopaulonunes.com\/v5\/?p=127293"},"modified":"2026-01-09T03:15:59","modified_gmt":"2026-01-09T06:15:59","slug":"morre-o-coronel-pm-lira","status":"publish","type":"post","link":"https:\/\/www.blogdopaulonunes.com\/v5\/index.php\/2026\/01\/09\/morre-o-coronel-pm-lira\/","title":{"rendered":"Morre o coronel PM Lira"},"content":{"rendered":"<p style=\"text-align: justify;\">Um grav\u00edssimo acidente nas proximidades da cidade de Itamb\u00e9, ocorrido na oite dessa quinta-feira <a href=\"https:\/\/www.blogdorodrigoferraz.com.br\/2026\/01\/08\/tristeza-em-conquista-coronel-lira-acaba-de-mrrer-em-grave-acidente\/\"><strong>\u00a0tirou a vida de um dos principais nomes da hist\u00f3ria da seguran\u00e7a p\u00fablica da joia do sert\u00e3o baiano<\/strong><\/a>, o coronel In\u00e1cio Paz Lira J\u00fanior, de 64 anos.<\/p>\n<p style=\"text-align: justify;\">Coronel Lira chegou a ser levado a um hospital de Itamb\u00e9, mas n\u00e3o resistiu. Ele foi o primeiro comandante do Comando de Policiamento da Regi\u00e3o Sudoeste (CPR-SO), papel fundamental para a estrutura\u00e7\u00e3o e fortalecimento do policiamento em Vit\u00f3ria da Conquista e munic\u00edpios vizinhos.<\/p>\n<p><strong>As informa\u00e7\u00f5es s\u00e3o do Blog do Rodrigo Ferraz.<\/strong><\/p>\n","protected":false},"excerpt":{"rendered":"<p>Um grav\u00edssimo acidente nas proximidades da cidade de Itamb\u00e9, ocorrido na oite dessa quinta-feira \u00a0tirou a vida de um dos principais nomes da hist\u00f3ria da seguran\u00e7a p\u00fablica da joia do sert\u00e3o baiano, o coronel In\u00e1cio Paz Lira J\u00fanior, de 64 anos. Coronel Lira chegou a ser levado a um hospital de Itamb\u00e9, mas n\u00e3o resistiu. [&hellip;]<\/p>\n","protected":false},"author":2,"featured_media":127294,"comment_status":"open","ping_status":"open","sticky":false,"template":"","format":"standard","meta":[],"categories":[85,72],"tags":[7480,7479,560,5240],"_links":{"self":[{"href":"https:\/\/www.blogdopaulonunes.com\/v5\/index.php\/wp-json\/wp\/v2\/posts\/127293"}],"collection":[{"href":"https:\/\/www.blogdopaulonunes.com\/v5\/index.php\/wp-json\/wp\/v2\/posts"}],"about":[{"href":"https:\/\/www.blogdopaulonunes.com\/v5\/index.php\/wp-json\/wp\/v2\/types\/post"}],"author":[{"embeddable":true,"href":"https:\/\/www.blogdopaulonunes.com\/v5\/index.php\/wp-json\/wp\/v2\/users\/2"}],"replies":[{"embeddable":true,"href":"https:\/\/www.blogdopaulonunes.com\/v5\/index.php\/wp-json\/wp\/v2\/comments?post=127293"}],"version-history":[{"count":1,"href":"https:\/\/www.blogdopaulonunes.com\/v5\/index.php\/wp-json\/wp\/v2\/posts\/127293\/revisions"}],"predecessor-version":[{"id":127295,"href":"https:\/\/www.blogdopaulonunes.com\/v5\/index.php\/wp-json\/wp\/v2\/posts\/127293\/revisions\/127295"}],"wp:featuredmedia":[{"embeddable":true,"href":"https:\/\/www.blogdopaulonunes.com\/v5\/index.php\/wp-json\/wp\/v2\/media\/127294"}],"wp:attachment":[{"href":"https:\/\/www.blogdopaulonunes.com\/v5\/index.php\/wp-json\/wp\/v2\/media?parent=127293"}],"wp:term":[{"taxonomy":"category","embeddable":true,"href":"https:\/\/www.blogdopaulonunes.com\/v5\/index.php\/wp-json\/wp\/v2\/categories?post=127293"},{"taxonomy":"post_tag","embeddable":true,"href":"https:\/\/www.blogdopaulonunes.com\/v5\/index.php\/wp-json\/wp\/v2\/tags?post=127293"}],"curies":[{"name":"wp","href":"https:\/\/api.w.org\/{rel}","templated":true}]}}