{"id":127226,"date":"2026-01-05T05:12:01","date_gmt":"2026-01-05T08:12:01","guid":{"rendered":"https:\/\/www.blogdopaulonunes.com\/v5\/?p=127226"},"modified":"2026-01-05T05:12:01","modified_gmt":"2026-01-05T08:12:01","slug":"entenda-como-funciona-a-escolha-dos-lideres-da-camara","status":"publish","type":"post","link":"https:\/\/www.blogdopaulonunes.com\/v5\/index.php\/2026\/01\/05\/entenda-como-funciona-a-escolha-dos-lideres-da-camara\/","title":{"rendered":"Entenda como funciona a escolha dos l\u00edderes da C\u00e2mara"},"content":{"rendered":"<p style=\"text-align: justify;\"><strong>Regimento interno define crit\u00e9rios, poderes e diferen\u00e7as entre partidos, federa\u00e7\u00f5es, blocos e lideran\u00e7as de maioria, minoria, oposi\u00e7\u00e3o e governo.<\/strong><\/p>\n<p style=\"text-align: justify;\">A escolha dos l\u00edderes partid\u00e1rios na C\u00e2mara dos Deputados segue crit\u00e9rios definidos pelo Regimento Interno da Casa. Esses l\u00edderes t\u00eam papel central nas articula\u00e7\u00f5es pol\u00edticas e influenciam diretamente o funcionamento do Legislativo.<\/p>\n<p style=\"text-align: justify;\">Al\u00e9m de nortear a discuss\u00e3o e a vota\u00e7\u00e3o de propostas, os l\u00edderes acumulam uma s\u00e9rie de atribui\u00e7\u00f5es importantes. No Plen\u00e1rio, cabe ao l\u00edder orientar a bancada quanto ao voto; falar pela bancada no per\u00edodo destinado \u00e0s comunica\u00e7\u00f5es das lideran\u00e7as; e inscrever integrantes da bancada no hor\u00e1rio destinado \u00e0s comunica\u00e7\u00f5es parlamentares.<\/p>\n<p style=\"text-align: justify;\">Os deputados s\u00e3o organizados por partidos, federa\u00e7\u00f5es ou blocos parlamentares. Cada uma dessas formas de representa\u00e7\u00e3o tem direito a indicar um l\u00edder, que atua como porta-voz do grupo nas vota\u00e7\u00f5es, debates e negocia\u00e7\u00f5es internas.<\/p>\n<p><strong>Diferen\u00e7a entre partido, federa\u00e7\u00e3o e bloco<\/strong><\/p>\n<p style=\"text-align: justify;\">O partido pol\u00edtico pode atuar de forma isolada ou em conjunto. Quando se une a outro(s) partido(s) em car\u00e1ter nacional e cont\u00ednuo, forma uma federa\u00e7\u00e3o partid\u00e1ria. Essa uni\u00e3o precisa durar, no m\u00ednimo, quatro anos. J\u00e1 os blocos parlamentares s\u00e3o alian\u00e7as feitas apenas para atuar dentro da C\u00e2mara, podendo reunir partidos e at\u00e9 federa\u00e7\u00f5es.<\/p>\n<p style=\"text-align: justify;\">No caso das federa\u00e7\u00f5es, os partidos atuam como uma \u00fanica legenda. Seus deputados seguem orienta\u00e7\u00e3o comum e s\u00e3o liderados por um representante da federa\u00e7\u00e3o. Os blocos, por sua vez, funcionam como agrupamentos tempor\u00e1rios, que podem ser desfeitos a qualquer momento. Para existir, um bloco precisa ter pelo menos 16 deputados.<\/p>\n<p>Atualmente, a C\u00e2mara conta com tr\u00eas federa\u00e7\u00f5es:<\/p>\n<ul>\n<li>Federa\u00e7\u00e3o PT-PCdoB-PV;<\/li>\n<li style=\"text-align: justify;\">Federa\u00e7\u00e3o Psol-Rede;<\/li>\n<li style=\"text-align: justify;\">Federa\u00e7\u00e3o PSDB-Cidadania.<\/li>\n<\/ul>\n<p style=\"text-align: justify;\">Al\u00e9m delas, h\u00e1 a presen\u00e7a de dois blocos parlamentares: Uni\u00e3o, PP, PSD, Republicanos, MDB, Federa\u00e7\u00e3o PSDB Cidadania, Pode e Avante, Solidariedade, PRD.<\/p>\n<p>Tamb\u00e9m h\u00e1 duas bancadas tem\u00e1ticas oficiais: a Bancada Feminina e a Bancada Negra.<\/p>\n<p><strong>Como s\u00e3o escolhidos os l\u00edderes<\/strong><\/p>\n<p style=\"text-align: justify;\">O l\u00edder \u00e9 indicado pela maioria absoluta dos deputados de sua bancada e a escolha deve ser comunicada \u00e0 Mesa Diretora. O l\u00edder pode nomear vice-l\u00edderes, na propor\u00e7\u00e3o de um para cada quatro deputados ou fra\u00e7\u00e3o, com direito a designar um como primeiro vice-l\u00edder. Os l\u00edderes permanecem no cargo at\u00e9 nova indica\u00e7\u00e3o da bancada.<\/p>\n<p><strong>Prerrogativas e influ\u00eancia<\/strong><\/p>\n<p style=\"text-align: justify;\">O tamanho das bancadas influencia diretamente no poder de seus l\u00edderes. Isso vale para o tempo de fala no Plen\u00e1rio, n\u00famero de destaques nas vota\u00e7\u00f5es e participa\u00e7\u00e3o em comiss\u00f5es. Nas comiss\u00f5es permanentes, por exemplo, as bancadas maiores escolhem primeiro os cargos que pretendem ocupar.<\/p>\n<p style=\"text-align: justify;\">As prerrogativas variam conforme a estrutura de representa\u00e7\u00e3o:<\/p>\n<ul>\n<li style=\"text-align: justify;\">Partido isolado com cl\u00e1usula de desempenho: tem l\u00edder com plenos poderes legislativos.<\/li>\n<li style=\"text-align: justify;\">Partido em bloco com cl\u00e1usula de desempenho: tem l\u00edder, mas quem atua \u00e9 o l\u00edder do bloco.<\/li>\n<li style=\"text-align: justify;\">Partido em federa\u00e7\u00e3o: \u00e9 representado pelo l\u00edder da federa\u00e7\u00e3o.<\/li>\n<li style=\"text-align: justify;\">Partido isolado sem cl\u00e1usula de desempenho: tem apenas um representante, com prerrogativas limitadas.<\/li>\n<\/ul>\n<p><strong>O papel do l\u00edder na C\u00e2mara<\/strong><\/p>\n<p style=\"text-align: justify;\">Entre as fun\u00e7\u00f5es regimentais, o l\u00edder pode usar a palavra em plen\u00e1rio, inscrever deputados para as comunica\u00e7\u00f5es parlamentares, participar de comiss\u00f5es sem direito a voto, encaminhar vota\u00e7\u00f5es e indicar membros para compor ou substituir integrantes de comiss\u00f5es.<\/p>\n<p style=\"text-align: justify;\">Al\u00e9m das lideran\u00e7as partid\u00e1rias, o presidente da Rep\u00fablica pode indicar um l\u00edder do governo e at\u00e9 20 vice-l\u00edderes. J\u00e1 o l\u00edder da oposi\u00e7\u00e3o \u00e9 o porta-voz dos partidos que se colocam formalmente contra o governo.<\/p>\n<p style=\"text-align: justify;\">O l\u00edder da maioria \u00e9 o deputado que representa a maior bancada que n\u00e3o integra a maioria. A minoria, representada pela segunda maior bancada que se op\u00f5e \u00e0 maioria governista, tamb\u00e9m possui lideran\u00e7a pr\u00f3pria. A minoria tem prerrogativas regimentais pr\u00f3prias, como uso da palavra e indica\u00e7\u00e3o de membros para comiss\u00f5es.<\/p>\n<p><a href=\"https:\/\/www.camara.leg.br\/deputados\/liderancas-e-bancadas-partidarias\" target=\"_blank\" rel=\"noopener\">Confira os l\u00edderes da C\u00e2mara.<\/a><\/p>\n","protected":false},"excerpt":{"rendered":"<p>Regimento interno define crit\u00e9rios, poderes e diferen\u00e7as entre partidos, federa\u00e7\u00f5es, blocos e lideran\u00e7as de maioria, minoria, oposi\u00e7\u00e3o e governo. A escolha dos l\u00edderes partid\u00e1rios na C\u00e2mara dos Deputados segue crit\u00e9rios definidos pelo Regimento Interno da Casa. Esses l\u00edderes t\u00eam papel central nas articula\u00e7\u00f5es pol\u00edticas e influenciam diretamente o funcionamento do Legislativo. Al\u00e9m de nortear a [&hellip;]<\/p>\n","protected":false},"author":2,"featured_media":127227,"comment_status":"open","ping_status":"open","sticky":false,"template":"","format":"standard","meta":[],"categories":[23,71],"tags":[3269,7447,7448],"_links":{"self":[{"href":"https:\/\/www.blogdopaulonunes.com\/v5\/index.php\/wp-json\/wp\/v2\/posts\/127226"}],"collection":[{"href":"https:\/\/www.blogdopaulonunes.com\/v5\/index.php\/wp-json\/wp\/v2\/posts"}],"about":[{"href":"https:\/\/www.blogdopaulonunes.com\/v5\/index.php\/wp-json\/wp\/v2\/types\/post"}],"author":[{"embeddable":true,"href":"https:\/\/www.blogdopaulonunes.com\/v5\/index.php\/wp-json\/wp\/v2\/users\/2"}],"replies":[{"embeddable":true,"href":"https:\/\/www.blogdopaulonunes.com\/v5\/index.php\/wp-json\/wp\/v2\/comments?post=127226"}],"version-history":[{"count":1,"href":"https:\/\/www.blogdopaulonunes.com\/v5\/index.php\/wp-json\/wp\/v2\/posts\/127226\/revisions"}],"predecessor-version":[{"id":127228,"href":"https:\/\/www.blogdopaulonunes.com\/v5\/index.php\/wp-json\/wp\/v2\/posts\/127226\/revisions\/127228"}],"wp:featuredmedia":[{"embeddable":true,"href":"https:\/\/www.blogdopaulonunes.com\/v5\/index.php\/wp-json\/wp\/v2\/media\/127227"}],"wp:attachment":[{"href":"https:\/\/www.blogdopaulonunes.com\/v5\/index.php\/wp-json\/wp\/v2\/media?parent=127226"}],"wp:term":[{"taxonomy":"category","embeddable":true,"href":"https:\/\/www.blogdopaulonunes.com\/v5\/index.php\/wp-json\/wp\/v2\/categories?post=127226"},{"taxonomy":"post_tag","embeddable":true,"href":"https:\/\/www.blogdopaulonunes.com\/v5\/index.php\/wp-json\/wp\/v2\/tags?post=127226"}],"curies":[{"name":"wp","href":"https:\/\/api.w.org\/{rel}","templated":true}]}}