{"id":127212,"date":"2026-01-03T11:56:10","date_gmt":"2026-01-03T14:56:10","guid":{"rendered":"https:\/\/www.blogdopaulonunes.com\/v5\/?p=127212"},"modified":"2026-01-03T11:56:10","modified_gmt":"2026-01-03T14:56:10","slug":"trama-golpista-coronel-que-denunciou-filipe-martins-foi-demitido-por-bolsonaro","status":"publish","type":"post","link":"https:\/\/www.blogdopaulonunes.com\/v5\/index.php\/2026\/01\/03\/trama-golpista-coronel-que-denunciou-filipe-martins-foi-demitido-por-bolsonaro\/","title":{"rendered":"Trama golpista  Coronel que denunciou Filipe Martins foi demitido por Bolsonaro"},"content":{"rendered":"<p style=\"text-align: justify;\"><strong>Ricardo Wagner Roquetti, integrante do MEC durante o governo Bolsonaro, alertou Alexandre de Moraes sobre viola\u00e7\u00e3o judicial atribu\u00edda a Martins.<\/strong><\/p>\n<p style=\"text-align: justify;\">O militar da reserva da Aeron\u00e1utica Ricardo Wagner Roquetti, que integrou a equipe do Minist\u00e9rio da Educa\u00e7\u00e3o (MEC) nos primeiros meses do governo de Jair Bolsonaro, foi o autor da comunica\u00e7\u00e3o enviada ao ministro Alexandre de Moraes relatando um poss\u00edvel descumprimento de medida cautelar por parte do ex-assessor presidencial Filipe Martins. A informa\u00e7\u00e3o desencadeou a decis\u00e3o que levou \u00e0 decreta\u00e7\u00e3o da pris\u00e3o preventiva do ex-integrante do Pal\u00e1cio do Planalto, na sexta-feira (2).<\/p>\n<p style=\"text-align: justify;\">Em 2019, Roquetti ocupava o cargo de diretor de programa na Secretaria Executiva do MEC, durante a administra\u00e7\u00e3o do ent\u00e3o ministro Ricardo V\u00e9lez Rodr\u00edguez. Sua passagem pela pasta, no entanto, foi marcada por conflitos internos e terminou com a exonera\u00e7\u00e3o, ap\u00f3s disputas que caracterizaram o in\u00edcio da gest\u00e3o Bolsonaro na \u00e1rea da Educa\u00e7\u00e3o.<\/p>\n<p>&nbsp;<\/p>\n<p style=\"text-align: justify;\">Naquele per\u00edodo, o coronel era visto como um dos principais auxiliares do ministro e acabou envolvido em embates com servidores alinhados ao fil\u00f3sofo Olavo de Carvalho, que exercia influ\u00eancia sobre setores do governo. A crise no MEC ganhou contornos p\u00fablicos e resultou em uma interven\u00e7\u00e3o direta do presidente, que solicitou o afastamento de Roquetti em mar\u00e7o daquele ano, evidenciando a disputa entre militares e seguidores do pensador pelo comando da pasta.<\/p>\n<p style=\"text-align: justify;\">Anos depois, o nome de Roquetti voltou ao notici\u00e1rio em um contexto distinto. Em 29 de dezembro passado, ele enviou um e-mail ao gabinete de Alexandre de Moraes informando que seu perfil no LinkedIn havia sido visualizado por Filipe Martins. \u00c0 \u00e9poca, o ex-assessor cumpria pris\u00e3o domiciliar e estava impedido de utilizar redes sociais, inclusive por interm\u00e9dio de terceiros.<\/p>\n<p style=\"text-align: justify;\">Na mensagem encaminhada ao Supremo Tribunal Federal, Roquetti afirmou n\u00e3o manter qualquer v\u00ednculo com Martins e sustentou que a visualiza\u00e7\u00e3o poderia indicar viola\u00e7\u00e3o de determina\u00e7\u00e3o judicial. Embora tenha solicitado confidencialidade quanto \u00e0 sua identidade, o teor do e-mail foi anexado a um despacho do ministro, o que acabou tornando p\u00fablico o nome do remetente.<\/p>\n<p style=\"text-align: justify;\">Ap\u00f3s pedir esclarecimentos \u00e0 defesa de Filipe Martins, Alexandre de Moraes decidiu pela decreta\u00e7\u00e3o da pris\u00e3o preventiva. O ex-assessor j\u00e1 havia sido condenado no processo relacionado \u00e0 tentativa de ruptura institucional, mas ainda aguardava o encerramento das possibilidades de recurso.<\/p>\n","protected":false},"excerpt":{"rendered":"<p>Ricardo Wagner Roquetti, integrante do MEC durante o governo Bolsonaro, alertou Alexandre de Moraes sobre viola\u00e7\u00e3o judicial atribu\u00edda a Martins. O militar da reserva da Aeron\u00e1utica Ricardo Wagner Roquetti, que integrou a equipe do Minist\u00e9rio da Educa\u00e7\u00e3o (MEC) nos primeiros meses do governo de Jair Bolsonaro, foi o autor da comunica\u00e7\u00e3o enviada ao ministro Alexandre [&hellip;]<\/p>\n","protected":false},"author":2,"featured_media":127213,"comment_status":"open","ping_status":"open","sticky":false,"template":"","format":"standard","meta":[],"categories":[4890,105],"tags":[1226,2480,387,7438],"_links":{"self":[{"href":"https:\/\/www.blogdopaulonunes.com\/v5\/index.php\/wp-json\/wp\/v2\/posts\/127212"}],"collection":[{"href":"https:\/\/www.blogdopaulonunes.com\/v5\/index.php\/wp-json\/wp\/v2\/posts"}],"about":[{"href":"https:\/\/www.blogdopaulonunes.com\/v5\/index.php\/wp-json\/wp\/v2\/types\/post"}],"author":[{"embeddable":true,"href":"https:\/\/www.blogdopaulonunes.com\/v5\/index.php\/wp-json\/wp\/v2\/users\/2"}],"replies":[{"embeddable":true,"href":"https:\/\/www.blogdopaulonunes.com\/v5\/index.php\/wp-json\/wp\/v2\/comments?post=127212"}],"version-history":[{"count":1,"href":"https:\/\/www.blogdopaulonunes.com\/v5\/index.php\/wp-json\/wp\/v2\/posts\/127212\/revisions"}],"predecessor-version":[{"id":127214,"href":"https:\/\/www.blogdopaulonunes.com\/v5\/index.php\/wp-json\/wp\/v2\/posts\/127212\/revisions\/127214"}],"wp:featuredmedia":[{"embeddable":true,"href":"https:\/\/www.blogdopaulonunes.com\/v5\/index.php\/wp-json\/wp\/v2\/media\/127213"}],"wp:attachment":[{"href":"https:\/\/www.blogdopaulonunes.com\/v5\/index.php\/wp-json\/wp\/v2\/media?parent=127212"}],"wp:term":[{"taxonomy":"category","embeddable":true,"href":"https:\/\/www.blogdopaulonunes.com\/v5\/index.php\/wp-json\/wp\/v2\/categories?post=127212"},{"taxonomy":"post_tag","embeddable":true,"href":"https:\/\/www.blogdopaulonunes.com\/v5\/index.php\/wp-json\/wp\/v2\/tags?post=127212"}],"curies":[{"name":"wp","href":"https:\/\/api.w.org\/{rel}","templated":true}]}}