{"id":127182,"date":"2025-12-30T15:31:19","date_gmt":"2025-12-30T18:31:19","guid":{"rendered":"https:\/\/www.blogdopaulonunes.com\/v5\/?p=127182"},"modified":"2025-12-30T15:31:19","modified_gmt":"2025-12-30T18:31:19","slug":"ivana-bastos-conduz-ultima-sessao-e-apresenta-balanco-da-al-ba-em-2025-concluimos-o-ano-com-o-dever-cumprido","status":"publish","type":"post","link":"https:\/\/www.blogdopaulonunes.com\/v5\/index.php\/2025\/12\/30\/ivana-bastos-conduz-ultima-sessao-e-apresenta-balanco-da-al-ba-em-2025-concluimos-o-ano-com-o-dever-cumprido\/","title":{"rendered":"Ivana Bastos conduz \u00faltima sess\u00e3o e apresenta balan\u00e7o da AL-BA em 2025: \u201cConclu\u00edmos o ano com o dever cumprido\u201d"},"content":{"rendered":"<p style=\"text-align: justify;\">A presidente da Assembleia Legislativa da Bahia (AL-BA), Ivana Bastos (PSD), conduziu a \u00faltima sess\u00e3o e apresentou o balan\u00e7o final das atividades da Casa em 2025. Durante sess\u00e3o solene virtual no in\u00edcio da tarde desta ter\u00e7a-feira (30), a deputada afirmou que a Al-BA cumpriu as metas de atingir uma maior movimenta\u00e7\u00e3o e que encerra este ano com a sensa\u00e7\u00e3o de \u201cdever cumprido\u201d.<\/p>\n<p style=\"text-align: justify;\">\u201cFoi um ano de muito movimento. Foi um ano que iniciamos com o prop\u00f3sito de ter mais a\u00e7\u00f5es nas comiss\u00f5es, mais projetos de lei de deputados sendo apresentados em plen\u00e1rio. N\u00f3s tivemos a\u00ed 1.717 projetos apresentados em plen\u00e1rio. Tivemos a Mesa Diretora com reuni\u00e3o todos os meses. Tivemos o colegiado de l\u00edderes tamb\u00e9m todo m\u00eas nos reunindo. Foi um ano de muito trabalho. Foi um ano que a gente est\u00e1 conclu\u00eddo com o dever cumprido. N\u00f3s cumprimos a nossa meta de movimentar mais essa Casa e espero que o ano de 2026 tamb\u00e9m seja de muito trabalho\u201d, afirmou Ivana.<\/p>\n<p style=\"text-align: justify;\">Conforme o balan\u00e7o apresentado pela presidente, a AL-BA realizou 110 sess\u00f5es ordin\u00e1rias, 8 sess\u00f5es extraordin\u00e1rias, 70 sess\u00f5es especiais, 2 sess\u00f5es solenes e 2 sess\u00f5es preparat\u00f3rias. Al\u00e9m disso, a deputada que comanda o Legislativo baiano informou que a Assembleia recebeu um total de 2071 proposi\u00e7\u00f5es ao longo de 2025, demonstrando a forte movimenta\u00e7\u00e3o da Casa.<\/p>\n<p><strong>Ivana tamb\u00e9m detalhou as propostas apreciadas pela AL-BA em 2025, as quais totalizam 1.717, sendo elas:<\/strong><\/p>\n<p><strong>Propositores externos:<\/strong><\/p>\n<ul>\n<li><strong>59 Projetos de Lei do Governo do Estado<\/strong><\/li>\n<li><strong>1 Projeto de Lei Complementar do Governo do Estado<\/strong><\/li>\n<li><strong>1 Projeto de Emenda Constitucional do Governo do Estado<\/strong><\/li>\n<li><strong>3 Mensagens apreciadas do governador Jer\u00f4nimo Rodrigues<\/strong><\/li>\n<li><strong>12 Projetos de Lei do Tribunal de Justi\u00e7a<\/strong><\/li>\n<li><strong>2 Projetos de Lei do Tribunal de Contas do Estado<\/strong><\/li>\n<li><strong>1 Projeto de Lei do Tribunal de Contas dos Munic\u00edpios<\/strong><\/li>\n<li><strong>1 Projeto de Lei do Minist\u00e9rio P\u00fablico<\/strong><\/li>\n<li><strong>1 Projeto de Lei da Defensoria P\u00fablica<\/strong><\/li>\n<\/ul>\n<p>&nbsp;<\/p>\n<p><strong>De origem dos deputados:<\/strong><\/p>\n<ul>\n<li><strong>66 Projetos de Lei<\/strong><\/li>\n<li><strong>167 Projetos de Utilidade P\u00fablica<\/strong><\/li>\n<li><strong>2 Projeto de Emenda Constitucional<\/strong><\/li>\n<li><strong>83 Projetos de Resolu\u00e7\u00e3o\u00a0<\/strong><\/li>\n<li><strong>722 Indica\u00e7\u00f5es\u00a0<\/strong><\/li>\n<li><strong>818 Mo\u00e7\u00f5es<\/strong><\/li>\n<li><strong>177 Requerimentos<\/strong><\/li>\n<\/ul>\n<p>&nbsp;<\/p>\n<p style=\"text-align: justify;\"><strong>A presidente tamb\u00e9m aproveitou para agradecer os deputados e os funcion\u00e1rios da Casa pelo bom funcionamento da AL-BA ao longo de 2025. No discurso, Ivana desejou boas festas e afirmou que espera um \u201cano de muita paz\u201d em 2026.<\/strong><\/p>\n<p style=\"text-align: justify;\"><strong>\u201cQuero agradecer a todos os deputados, a todas as deputadas, a toda a Assembleia Legislativa, \u00e0 Procuradoria, \u00e0 Coordenadoria, a todos que fazem com que esta casa se movimente, que esta casa funcione e que corresponda aos anseios da popula\u00e7\u00e3o, os nossos agradecimentos. Desejo a todos um feliz ano novo, um ano de muita paz, um ano de muito respeito, e que as fam\u00edlias possam se abra\u00e7ar, as fam\u00edlias possam se confraternizar nesse dia 31. Quero aqui deixar o meu abra\u00e7o, o meu agradecimento\u201d disse Ivana no encerramento.<\/strong><\/p>\n<p><strong>Confira:<\/strong><br \/>\n<iframe loading=\"lazy\" title=\"YouTube video player\" src=\"https:\/\/www.youtube.com\/embed\/3XOGKOWwqa8?si=tyQMnq8DaLmnPoyi\" width=\"560\" height=\"315\" frameborder=\"0\" allowfullscreen=\"allowfullscreen\"><\/iframe><\/p>\n","protected":false},"excerpt":{"rendered":"<p>A presidente da Assembleia Legislativa da Bahia (AL-BA), Ivana Bastos (PSD), conduziu a \u00faltima sess\u00e3o e apresentou o balan\u00e7o final das atividades da Casa em 2025. Durante sess\u00e3o solene virtual no in\u00edcio da tarde desta ter\u00e7a-feira (30), a deputada afirmou que a Al-BA cumpriu as metas de atingir uma maior movimenta\u00e7\u00e3o e que encerra este [&hellip;]<\/p>\n","protected":false},"author":2,"featured_media":127183,"comment_status":"open","ping_status":"open","sticky":false,"template":"","format":"standard","meta":[],"categories":[112,72],"tags":[2709,7424],"_links":{"self":[{"href":"https:\/\/www.blogdopaulonunes.com\/v5\/index.php\/wp-json\/wp\/v2\/posts\/127182"}],"collection":[{"href":"https:\/\/www.blogdopaulonunes.com\/v5\/index.php\/wp-json\/wp\/v2\/posts"}],"about":[{"href":"https:\/\/www.blogdopaulonunes.com\/v5\/index.php\/wp-json\/wp\/v2\/types\/post"}],"author":[{"embeddable":true,"href":"https:\/\/www.blogdopaulonunes.com\/v5\/index.php\/wp-json\/wp\/v2\/users\/2"}],"replies":[{"embeddable":true,"href":"https:\/\/www.blogdopaulonunes.com\/v5\/index.php\/wp-json\/wp\/v2\/comments?post=127182"}],"version-history":[{"count":1,"href":"https:\/\/www.blogdopaulonunes.com\/v5\/index.php\/wp-json\/wp\/v2\/posts\/127182\/revisions"}],"predecessor-version":[{"id":127184,"href":"https:\/\/www.blogdopaulonunes.com\/v5\/index.php\/wp-json\/wp\/v2\/posts\/127182\/revisions\/127184"}],"wp:featuredmedia":[{"embeddable":true,"href":"https:\/\/www.blogdopaulonunes.com\/v5\/index.php\/wp-json\/wp\/v2\/media\/127183"}],"wp:attachment":[{"href":"https:\/\/www.blogdopaulonunes.com\/v5\/index.php\/wp-json\/wp\/v2\/media?parent=127182"}],"wp:term":[{"taxonomy":"category","embeddable":true,"href":"https:\/\/www.blogdopaulonunes.com\/v5\/index.php\/wp-json\/wp\/v2\/categories?post=127182"},{"taxonomy":"post_tag","embeddable":true,"href":"https:\/\/www.blogdopaulonunes.com\/v5\/index.php\/wp-json\/wp\/v2\/tags?post=127182"}],"curies":[{"name":"wp","href":"https:\/\/api.w.org\/{rel}","templated":true}]}}