{"id":127180,"date":"2025-12-30T14:47:18","date_gmt":"2025-12-30T17:47:18","guid":{"rendered":"https:\/\/www.blogdopaulonunes.com\/v5\/?p=127180"},"modified":"2025-12-30T14:47:18","modified_gmt":"2025-12-30T17:47:18","slug":"taxa-de-desemprego-chega-a-52-a-menor-desde-2012","status":"publish","type":"post","link":"https:\/\/www.blogdopaulonunes.com\/v5\/index.php\/2025\/12\/30\/taxa-de-desemprego-chega-a-52-a-menor-desde-2012\/","title":{"rendered":"Taxa de desemprego chega a 5,2%, a menor desde 2012"},"content":{"rendered":"<p style=\"text-align: justify;\">A taxa de desemprego no trimestre encerrado em novembro ficou em 5,2%, segundo dados divulgados pelo Instituto Brasileiro de Geografia e Estat\u00edstica (IBGE).<\/p>\n<p style=\"text-align: justify;\">Trata-se da menor taxa de desocupa\u00e7\u00e3o desde 2012, medida pela Pesquisa Nacional por Amostra de Domic\u00edlios Cont\u00ednua (Pnad) Cont\u00ednua.<\/p>\n<p style=\"text-align: justify;\">Segundo o IBGE, de setembro a novembro, 5,6 milh\u00f5es de pessoas estavam desempregadas, o menor n\u00famero de desocupados j\u00e1 registrado pela pesquisa.<\/p>\n<p style=\"text-align: justify;\">Ao longo da s\u00e9rie hist\u00f3rica, o maior contingente de desocupados ocorreu no trimestre encerrado em mar\u00e7o de 2021, auge da pandemia de covid-19, quando esse o indicador registrou 14,9 milh\u00f5es de pessoas sem emprego formal.<\/p>\n<p style=\"text-align: justify;\"><strong>Ocupa\u00e7\u00e3o<\/strong><br \/>\nA menor desocupa\u00e7\u00e3o da s\u00e9rie hist\u00f3rica foi tamb\u00e9m, de acordo com o IBGE, acompanhada por um novo recorde no n\u00famero de pessoas ocupadas no pa\u00eds: 103,2 milh\u00f5es.<\/p>\n<p style=\"text-align: justify;\">O n\u00edvel de ocupa\u00e7\u00e3o, isto \u00e9, a propor\u00e7\u00e3o de pessoas com 14 anos ou mais de idade que estavam trabalhando, chegou ao maior percentual da s\u00e9rie hist\u00f3rica da PNAD Cont\u00ednua: 59,0%.<\/p>\n","protected":false},"excerpt":{"rendered":"<p>A taxa de desemprego no trimestre encerrado em novembro ficou em 5,2%, segundo dados divulgados pelo Instituto Brasileiro de Geografia e Estat\u00edstica (IBGE). Trata-se da menor taxa de desocupa\u00e7\u00e3o desde 2012, medida pela Pesquisa Nacional por Amostra de Domic\u00edlios Cont\u00ednua (Pnad) Cont\u00ednua. Segundo o IBGE, de setembro a novembro, 5,6 milh\u00f5es de pessoas estavam desempregadas, [&hellip;]<\/p>\n","protected":false},"author":2,"featured_media":125758,"comment_status":"open","ping_status":"open","sticky":false,"template":"","format":"standard","meta":[],"categories":[78,105],"tags":[2348,4191,7423],"_links":{"self":[{"href":"https:\/\/www.blogdopaulonunes.com\/v5\/index.php\/wp-json\/wp\/v2\/posts\/127180"}],"collection":[{"href":"https:\/\/www.blogdopaulonunes.com\/v5\/index.php\/wp-json\/wp\/v2\/posts"}],"about":[{"href":"https:\/\/www.blogdopaulonunes.com\/v5\/index.php\/wp-json\/wp\/v2\/types\/post"}],"author":[{"embeddable":true,"href":"https:\/\/www.blogdopaulonunes.com\/v5\/index.php\/wp-json\/wp\/v2\/users\/2"}],"replies":[{"embeddable":true,"href":"https:\/\/www.blogdopaulonunes.com\/v5\/index.php\/wp-json\/wp\/v2\/comments?post=127180"}],"version-history":[{"count":1,"href":"https:\/\/www.blogdopaulonunes.com\/v5\/index.php\/wp-json\/wp\/v2\/posts\/127180\/revisions"}],"predecessor-version":[{"id":127181,"href":"https:\/\/www.blogdopaulonunes.com\/v5\/index.php\/wp-json\/wp\/v2\/posts\/127180\/revisions\/127181"}],"wp:featuredmedia":[{"embeddable":true,"href":"https:\/\/www.blogdopaulonunes.com\/v5\/index.php\/wp-json\/wp\/v2\/media\/125758"}],"wp:attachment":[{"href":"https:\/\/www.blogdopaulonunes.com\/v5\/index.php\/wp-json\/wp\/v2\/media?parent=127180"}],"wp:term":[{"taxonomy":"category","embeddable":true,"href":"https:\/\/www.blogdopaulonunes.com\/v5\/index.php\/wp-json\/wp\/v2\/categories?post=127180"},{"taxonomy":"post_tag","embeddable":true,"href":"https:\/\/www.blogdopaulonunes.com\/v5\/index.php\/wp-json\/wp\/v2\/tags?post=127180"}],"curies":[{"name":"wp","href":"https:\/\/api.w.org\/{rel}","templated":true}]}}