{"id":127168,"date":"2025-12-30T13:57:20","date_gmt":"2025-12-30T16:57:20","guid":{"rendered":"https:\/\/www.blogdopaulonunes.com\/v5\/?p=127168"},"modified":"2025-12-30T13:57:20","modified_gmt":"2025-12-30T16:57:20","slug":"wellington-dias-preve-menor-pobreza-e-desigualdade-da-historia-e-atribui-avanco-ao-trabalho-integrado-do-presidente-lula","status":"publish","type":"post","link":"https:\/\/www.blogdopaulonunes.com\/v5\/index.php\/2025\/12\/30\/wellington-dias-preve-menor-pobreza-e-desigualdade-da-historia-e-atribui-avanco-ao-trabalho-integrado-do-presidente-lula\/","title":{"rendered":"Wellington Dias prev\u00ea menor pobreza e desigualdade da hist\u00f3ria e atribui avan\u00e7o ao trabalho integrado do presidente Lula"},"content":{"rendered":"<p><strong>Ministro do MDS diz que Brasil deve fechar 2025 com recordes sociais<\/strong><\/p>\n<p style=\"text-align: justify;\">O ministro do Desenvolvimento e Assist\u00eancia Social, Fam\u00edlia e Combate \u00e0 Fome, Wellington Dias, afirmou que o pa\u00eds caminha para \u201co menor n\u00edvel de extrema pobreza e de pobreza de toda a hist\u00f3ria\u201d e \u201co menor \u00edndice de desigualdade\u201d. A declara\u00e7\u00e3o foi dada em entrevista \u00e0\u00a0<b>Voz do Brasil<\/b>, em conte\u00fado divulgado pela\u00a0<b>Ag\u00eancia Gov<\/b>, com destaque para a avalia\u00e7\u00e3o de que 2026 poder\u00e1 ser \u201cum ano de grandes vit\u00f3rias para o social\u201d.<\/p>\n<p style=\"text-align: justify;\">Dias tamb\u00e9m criticou o per\u00edodo posterior ao\u00a0<b>golpe de Estado contra Dilma<\/b>, ao afirmar que governos tentaram \u201capagar\u201d pol\u00edticas sociais e que isso recolocou o pa\u00eds no Mapa da Fome. \u201cEnt\u00e3o, quando deram o golpe contra a presidenta Dilma (em 2016), assumiu um governo que queria apagar as coisas dos governos anteriores. Olha no que deu: a economia caiu, o desemprego aumentou, e junto a pobreza, a mis\u00e9ria e a fome. Com 33 milh\u00f5es pessoas em situa\u00e7\u00e3o de pobreza e extrema pobreza, voltamos ao Mapa da Fome (do qual t\u00ednhamos sa\u00eddo em 2014).\u201d<\/p>\n<p style=\"text-align: justify;\">Segundo o ministro, o retorno do presidente Lula ao comando do pa\u00eds, em 2023, permitiu retomar e aprimorar pol\u00edticas de combate \u00e0 fome, com resultados acelerados. \u201cDigo isso para real\u00e7ar: l\u00e1 atr\u00e1s a gente comemorou um feito que levou 11 anos para a gente alcan\u00e7ar. Agora, em apenas dois anos, com o comando do presidente Lula, tiramos mais de 30 milh\u00f5es de pessoas do mapa da fome, segundo os levantamentos da FAO. Foi a maior contribui\u00e7\u00e3o para a redu\u00e7\u00e3o da fome no mundo.\u201d<\/p>\n<h2>Sa\u00edda do Mapa da Fome e queda da subnutri\u00e7\u00e3o<\/h2>\n<p style=\"text-align: justify;\">Ao comentar a retirada oficial do Brasil do Mapa da Fome da ONU, Dias disse que a marca ganha ainda mais relev\u00e2ncia por evidenciar o efeito de escolhas de governo. Ele citou n\u00fameros relacionados \u00e0 subnutri\u00e7\u00e3o e ao c\u00e1lculo por m\u00e9dia trienal. \u201cPor qu\u00ea? Porque fechamos aquele ano com 2,5% da popula\u00e7\u00e3o na chamada subnutri\u00e7\u00e3o ou desnutri\u00e7\u00e3o na fome, ou seja, a insufici\u00eancia alimentar. E fechamos em 1,7% o ano de 2024. \u00c9 medido um tri\u00eanio, a m\u00e9dia do tri\u00eanio \u00e9 que conta.\u201d<\/p>\n<p style=\"text-align: justify;\">Na avalia\u00e7\u00e3o do ministro, a combina\u00e7\u00e3o de pol\u00edticas integradas ajudou o pa\u00eds a recuperar indicadores sociais e a acelerar a redu\u00e7\u00e3o da fome e da pobreza, com peso tamb\u00e9m no cen\u00e1rio internacional.<\/p>\n<h2 style=\"text-align: justify;\">\u201cBusca ativa\u201d e novo desenho do Bolsa Fam\u00edlia<\/h2>\n<p style=\"text-align: justify;\">Dias atribuiu parte dos resultados ao aperfei\u00e7oamento do Cad\u00danico e \u00e0 integra\u00e7\u00e3o com sa\u00fade e educa\u00e7\u00e3o, dentro do que chamou de \u201cbusca ativa\u201d. Ele descreveu a l\u00f3gica de atua\u00e7\u00e3o do Estado, identificando situa\u00e7\u00f5es de desnutri\u00e7\u00e3o em unidades b\u00e1sicas de sa\u00fade e acionando rede de assist\u00eancia, sa\u00fade e educa\u00e7\u00e3o conforme o caso.<\/p>\n<p style=\"text-align: justify;\">Sobre o Bolsa Fam\u00edlia, Dias insistiu que o programa vai al\u00e9m da transfer\u00eancia de renda e destacou mudan\u00e7as para evitar que a fam\u00edlia volte \u00e0 fome ao oscilar no mercado de trabalho. \u201c\u00c9 um modelo chamado busca ativa, o pr\u00f3prio modelo do Bolsa Fam\u00edlia, \u00e9 um novo Bolsa Fam\u00edlia, garante um volume de recursos capaz de comprar a alimenta\u00e7\u00e3o, porque tem um valor em torno de R$ 230,00 por pessoa da fam\u00edlia, \u00e9 o que a gente paga.\u201d<\/p>\n<p style=\"text-align: justify;\">Ele tamb\u00e9m ressaltou a regra de perman\u00eancia condicionada \u00e0 sa\u00edda efetiva da pobreza. \u201cE ainda \u00e9 um modelo em que, entrou uma vez, s\u00f3 sai para cima.\u201d E completou: \u201cE agora, quando tem um emprego, quando tem um pequeno neg\u00f3cio, n\u00e3o sai do benef\u00edcio, n\u00e3o sai do Bolsa Fam\u00edlia por conta do emprego, por conta do neg\u00f3cio, s\u00f3 sai quando sai da pobreza.\u201d<\/p>\n<h2>Jovens e mobilidade social: \u201c3 milh\u00f5es superaram a pobreza\u201d<\/h2>\n<p style=\"text-align: justify;\">O ministro citou um estudo segundo o qual, em 10 anos, 70% dos adolescentes deixaram o Bolsa Fam\u00edlia, associando o dado \u00e0 integra\u00e7\u00e3o do programa com educa\u00e7\u00e3o e alimenta\u00e7\u00e3o. \u201cOlha, o Bolsa Fam\u00edlia n\u00e3o \u00e9 s\u00f3 transfer\u00eancia de renda. Est\u00e1 integrado com complemento alimentar, alimenta\u00e7\u00e3o escolar, merenda agora com a escola tempo integral, almo\u00e7o, lanche.\u201d<\/p>\n<p style=\"text-align: justify;\">Dias destacou ainda o impacto direto na trajet\u00f3ria escolar. \u201cTr\u00eas milh\u00f5es de jovens, aproximadamente, que tinham entre 15 e 17 anos em 2014, e de l\u00e1 para c\u00e1, desses jovens, de cada 10, 7 sa\u00edram. Ent\u00e3o, 3 milh\u00f5es de jovens superaram a pobreza. A maior parte se formou no n\u00edvel t\u00e9cnico, n\u00edvel superior.\u201d<\/p>\n<h2 style=\"text-align: justify;\">Alian\u00e7a global contra a fome e a pobreza e metas at\u00e9 2030<\/h2>\n<p style=\"text-align: justify;\">Ao abordar a iniciativa lan\u00e7ada na presid\u00eancia brasileira do G20, Wellington Dias lembrou que \u00e9 copresidente da Alian\u00e7a Global contra a Fome e a Pobreza, ao lado da Espanha, e defendeu coordena\u00e7\u00e3o internacional para cumprir os Objetivos de Desenvolvimento Sustent\u00e1vel. \u201cFoi assim que o presidente Lula, na presid\u00eancia do Brasil no G20, prop\u00f4s, e foi aprovada, a Alian\u00e7a Global contra a Fome e a Pobreza, da qual hoje eu sou o copresidente, junto com a Espanha.\u201d<\/p>\n<p style=\"text-align: justify;\">Ele contextualizou o desafio global, citando a evolu\u00e7\u00e3o do n\u00famero de pessoas em situa\u00e7\u00e3o de fome e a influ\u00eancia de conflitos e crises clim\u00e1ticas, e afirmou que o plano brasileiro passou a ser observado por outros pa\u00edses.<\/p>\n<h2>2026: crescimento com inclus\u00e3o e foco social<\/h2>\n<p style=\"text-align: justify;\">Ao projetar 2026, Dias afirmou que o Brasil entrar\u00e1 em um novo ciclo, combinando crescimento econ\u00f4mico e redu\u00e7\u00e3o das desigualdades, com foco em \u00e1reas como seguran\u00e7a p\u00fablica e prote\u00e7\u00e3o social. \u201cE que venha 2026 e um Brasil ainda mais preparado para crescer a economia, para melhorar a sa\u00fade, educa\u00e7\u00e3o, melhorar a seguran\u00e7a.\u201d<\/p>\n<p style=\"text-align: justify;\">O ministro tamb\u00e9m mencionou a orienta\u00e7\u00e3o do presidente Lula para enfrentar diferentes dimens\u00f5es da viol\u00eancia. \u201cO presidente foca, ele quer combater, por exemplo, viol\u00eancia contra a mulher, assalto, roubo, furto. Mas tamb\u00e9m chegar nos grand\u00f5es.\u201d E concluiu: \u201cCom essa for\u00e7a, trabalho integrado, todo o Brasil, 2026 ser\u00e1 um ano de grandes vit\u00f3rias para o social.\u201d<\/p>\n<p>&nbsp;<\/p>\n","protected":false},"excerpt":{"rendered":"<p>Ministro do MDS diz que Brasil deve fechar 2025 com recordes sociais O ministro do Desenvolvimento e Assist\u00eancia Social, Fam\u00edlia e Combate \u00e0 Fome, Wellington Dias, afirmou que o pa\u00eds caminha para \u201co menor n\u00edvel de extrema pobreza e de pobreza de toda a hist\u00f3ria\u201d e \u201co menor \u00edndice de desigualdade\u201d. A declara\u00e7\u00e3o foi dada [&hellip;]<\/p>\n","protected":false},"author":2,"featured_media":127169,"comment_status":"open","ping_status":"open","sticky":false,"template":"","format":"standard","meta":[],"categories":[131,105],"tags":[315,7404,2162],"_links":{"self":[{"href":"https:\/\/www.blogdopaulonunes.com\/v5\/index.php\/wp-json\/wp\/v2\/posts\/127168"}],"collection":[{"href":"https:\/\/www.blogdopaulonunes.com\/v5\/index.php\/wp-json\/wp\/v2\/posts"}],"about":[{"href":"https:\/\/www.blogdopaulonunes.com\/v5\/index.php\/wp-json\/wp\/v2\/types\/post"}],"author":[{"embeddable":true,"href":"https:\/\/www.blogdopaulonunes.com\/v5\/index.php\/wp-json\/wp\/v2\/users\/2"}],"replies":[{"embeddable":true,"href":"https:\/\/www.blogdopaulonunes.com\/v5\/index.php\/wp-json\/wp\/v2\/comments?post=127168"}],"version-history":[{"count":1,"href":"https:\/\/www.blogdopaulonunes.com\/v5\/index.php\/wp-json\/wp\/v2\/posts\/127168\/revisions"}],"predecessor-version":[{"id":127170,"href":"https:\/\/www.blogdopaulonunes.com\/v5\/index.php\/wp-json\/wp\/v2\/posts\/127168\/revisions\/127170"}],"wp:featuredmedia":[{"embeddable":true,"href":"https:\/\/www.blogdopaulonunes.com\/v5\/index.php\/wp-json\/wp\/v2\/media\/127169"}],"wp:attachment":[{"href":"https:\/\/www.blogdopaulonunes.com\/v5\/index.php\/wp-json\/wp\/v2\/media?parent=127168"}],"wp:term":[{"taxonomy":"category","embeddable":true,"href":"https:\/\/www.blogdopaulonunes.com\/v5\/index.php\/wp-json\/wp\/v2\/categories?post=127168"},{"taxonomy":"post_tag","embeddable":true,"href":"https:\/\/www.blogdopaulonunes.com\/v5\/index.php\/wp-json\/wp\/v2\/tags?post=127168"}],"curies":[{"name":"wp","href":"https:\/\/api.w.org\/{rel}","templated":true}]}}