{"id":127165,"date":"2025-12-30T13:39:47","date_gmt":"2025-12-30T16:39:47","guid":{"rendered":"https:\/\/www.blogdopaulonunes.com\/v5\/?p=127165"},"modified":"2025-12-30T13:47:20","modified_gmt":"2025-12-30T16:47:20","slug":"morre-miltinho-la-bamba-governo-municipal-lamenta-falecimento-do-musico-e-alfaiate","status":"publish","type":"post","link":"https:\/\/www.blogdopaulonunes.com\/v5\/index.php\/2025\/12\/30\/morre-miltinho-la-bamba-governo-municipal-lamenta-falecimento-do-musico-e-alfaiate\/","title":{"rendered":"Morre Miltinho \u201cLa Bamba\u201d; Governo Municipal lamenta falecimento do m\u00fasico e alfaiate"},"content":{"rendered":"<p style=\"text-align: justify;\">A Prefeitura de Vit\u00f3ria da Conquista manifesta profundo pesar pelo falecimento de Milton dos Santos Silva, conhecido carinhosamente como Miltinho \u201cLa Bamba\u201d, ocorrido nesta segunda-feira (29), aos 81 anos.<span id=\"more-67278\"><\/span><\/p>\n<p style=\"text-align: justify;\">Miltinho marcou a hist\u00f3ria cultural do munic\u00edpio como m\u00fasico e tamb\u00e9m como alfaiate, sendo reconhecido pelo talento, simplicidade e pela contribui\u00e7\u00e3o \u00e0 vida art\u00edstica e social de Vit\u00f3ria da Conquista. Ele deixa um legado de dedica\u00e7\u00e3o \u00e0 cultura e de amor \u00e0 cidade, especialmente junto \u00e0 comunidade do bairro Recreio, onde construiu la\u00e7os de amizade e respeito.<\/p>\n<p style=\"text-align: justify;\">O professor Joilson Bergher tamb\u00e9m lamentou a perda. Em suas redes sociais, repostou um coment\u00e1rio do internauta Humberto: \u201c<em>Lamento profundamente a passagem do nosso querido amigo Miltinho L\u00e1 Bamba. Falaram de tudo, mas, esqueceram da sua paix\u00e3o pelo futebol. Apesar da estatura, era um aplicado ponta esquerda do Uni\u00e3o Atl\u00e9tico Club, do qual fui diretor, comandado, na \u00e9poca do auge do futebol amador de Vit\u00f3ria da Conquista, pelo tamb\u00e9m inesquec\u00edvel Mestre Sana, que o introduziu na profiss\u00e3o de alfaiate. Tive e tenho por Miltinho, uma antiga rela\u00e7\u00e3o de prof\u00edcua amizade! Que Deus, receba-o no seu reino de gl\u00f3ria e conforte os cora\u00e7\u00f5es dos familiares e amigos.<\/em>\u201d<\/p>\n<p style=\"text-align: justify;\">O vel\u00f3rio est\u00e1 sendo realizado na Igreja Comunidade Filad\u00e9lfia, situada na Rua Nestor Fonseca, 805, bairro Alto Maron. O sepultamento acontece \u00e0s 16 horas.<\/p>\n<p style=\"text-align: justify;\">Neste momento de dor, a prefeita Sheila Lemos, o secret\u00e1rio de Cultura, Eug\u00eanio Xangai, e demais membros da gest\u00e3o municipal se solidarizam com os familiares, amigos e admiradores, desejando conforto e for\u00e7a a todos. Que Deus conforte os cora\u00e7\u00f5es e conceda descanso eterno a Miltinho \u201cLa Bamba\u201d.<\/p>\n","protected":false},"excerpt":{"rendered":"<p>A Prefeitura de Vit\u00f3ria da Conquista manifesta profundo pesar pelo falecimento de Milton dos Santos Silva, conhecido carinhosamente como Miltinho \u201cLa Bamba\u201d, ocorrido nesta segunda-feira (29), aos 81 anos. Miltinho marcou a hist\u00f3ria cultural do munic\u00edpio como m\u00fasico e tamb\u00e9m como alfaiate, sendo reconhecido pelo talento, simplicidade e pela contribui\u00e7\u00e3o \u00e0 vida art\u00edstica e social [&hellip;]<\/p>\n","protected":false},"author":2,"featured_media":127166,"comment_status":"open","ping_status":"open","sticky":false,"template":"","format":"standard","meta":[],"categories":[85,105],"tags":[7420,1142],"_links":{"self":[{"href":"https:\/\/www.blogdopaulonunes.com\/v5\/index.php\/wp-json\/wp\/v2\/posts\/127165"}],"collection":[{"href":"https:\/\/www.blogdopaulonunes.com\/v5\/index.php\/wp-json\/wp\/v2\/posts"}],"about":[{"href":"https:\/\/www.blogdopaulonunes.com\/v5\/index.php\/wp-json\/wp\/v2\/types\/post"}],"author":[{"embeddable":true,"href":"https:\/\/www.blogdopaulonunes.com\/v5\/index.php\/wp-json\/wp\/v2\/users\/2"}],"replies":[{"embeddable":true,"href":"https:\/\/www.blogdopaulonunes.com\/v5\/index.php\/wp-json\/wp\/v2\/comments?post=127165"}],"version-history":[{"count":1,"href":"https:\/\/www.blogdopaulonunes.com\/v5\/index.php\/wp-json\/wp\/v2\/posts\/127165\/revisions"}],"predecessor-version":[{"id":127167,"href":"https:\/\/www.blogdopaulonunes.com\/v5\/index.php\/wp-json\/wp\/v2\/posts\/127165\/revisions\/127167"}],"wp:featuredmedia":[{"embeddable":true,"href":"https:\/\/www.blogdopaulonunes.com\/v5\/index.php\/wp-json\/wp\/v2\/media\/127166"}],"wp:attachment":[{"href":"https:\/\/www.blogdopaulonunes.com\/v5\/index.php\/wp-json\/wp\/v2\/media?parent=127165"}],"wp:term":[{"taxonomy":"category","embeddable":true,"href":"https:\/\/www.blogdopaulonunes.com\/v5\/index.php\/wp-json\/wp\/v2\/categories?post=127165"},{"taxonomy":"post_tag","embeddable":true,"href":"https:\/\/www.blogdopaulonunes.com\/v5\/index.php\/wp-json\/wp\/v2\/tags?post=127165"}],"curies":[{"name":"wp","href":"https:\/\/api.w.org\/{rel}","templated":true}]}}