{"id":127097,"date":"2025-12-27T03:14:18","date_gmt":"2025-12-27T06:14:18","guid":{"rendered":"https:\/\/www.blogdopaulonunes.com\/v5\/?p=127097"},"modified":"2025-12-27T03:19:20","modified_gmt":"2025-12-27T06:19:20","slug":"servico-de-ambulancia-e-realizado-por-empresa-clandestina-em-vitoria-da-conquista-e-barra-do-choca","status":"publish","type":"post","link":"https:\/\/www.blogdopaulonunes.com\/v5\/index.php\/2025\/12\/27\/servico-de-ambulancia-e-realizado-por-empresa-clandestina-em-vitoria-da-conquista-e-barra-do-choca\/","title":{"rendered":"Servi\u00e7o de ambul\u00e2ncia \u00e9 realizado por empresa clandestina em Vit\u00f3ria da Conquista e Barra do Cho\u00e7a"},"content":{"rendered":"<p style=\"text-align: justify;\">V\u00eddeos, fotos e documentos comp\u00f5em os registros com ind\u00edcios de uma empresa que estaria prestando servi\u00e7o de remo\u00e7\u00e3o m\u00e9dica sem atender \u00e0s exig\u00eancias legais, que incluem base operacional, infraestrutura, armazenamento de medicamentos, alvar\u00e1s suspeitos, al\u00e9m de recebimento de repasse indevido do Governo do Estado.<\/p>\n<p style=\"text-align: justify;\">A Inove servi\u00e7o de ambul\u00e2ncia atua em Vit\u00f3ria da Conquista e na cidade vizinha de Barra do Cho\u00e7a, segundo as apura\u00e7\u00f5es, atua clandestinamente, com sede em Barra do Cho\u00e7a, com infraestrutura e condi\u00e7\u00f5es t\u00e9cnicas que n\u00e3o atendem aos pr\u00e9-requisitos m\u00ednimos para a atividade.<\/p>\n<div style=\"width: 480px;\" class=\"wp-video\"><!--[if lt IE 9]><script>document.createElement('video');<\/script><![endif]-->\n<video class=\"wp-video-shortcode\" id=\"video-127097-1\" width=\"480\" height=\"720\" preload=\"metadata\" controls=\"controls\"><source type=\"video\/mp4\" src=\"https:\/\/www.blogdopaulonunes.com\/v5\/wp-content\/uploads\/2025\/12\/WhatsApp-Video-2025-12-21-at-11.41.36.mp4?_=1\" \/><a href=\"https:\/\/www.blogdopaulonunes.com\/v5\/wp-content\/uploads\/2025\/12\/WhatsApp-Video-2025-12-21-at-11.41.36.mp4\">https:\/\/www.blogdopaulonunes.com\/v5\/wp-content\/uploads\/2025\/12\/WhatsApp-Video-2025-12-21-at-11.41.36.mp4<\/a><\/video><\/div>\n<p style=\"text-align: justify;\">A mesma situa\u00e7\u00e3o se repete na base instalada em Vit\u00f3ria da Conquista, local que sofreu interven\u00e7\u00e3o recente da Vigil\u00e2ncia Sanit\u00e1ria, que interditou o local ap\u00f3s constatar o armazenamento de combust\u00edvel e \u00f3leo de motor pr\u00f3ximo a material hospitalar, irregularidades que configuram grave risco sanit\u00e1rio.<br \/>\nSuspeita-se ainda que a empresa tem tr\u00e2nsito livre juntos aos \u00f3rg\u00e3os que expedem alvar\u00e1s de funcionamento, documentos adquiridos com aparente facilidade, al\u00e9m de contrato com a Sesab ( Secretaria de Sa\u00fade do Estado da Bahia) que carece de\u00a0 apura\u00e7\u00e3o.<\/p>\n<figure id=\"attachment_127100\" aria-describedby=\"caption-attachment-127100\" style=\"width: 500px\" class=\"wp-caption alignnone\"><img loading=\"lazy\" class=\"wp-image-127100 size-full\" src=\"https:\/\/www.blogdopaulonunes.com\/v5\/wp-content\/uploads\/2025\/12\/Denuncia-ao-Ministerio-Publico-da-Bahia.jpg\" alt=\"\" width=\"500\" height=\"736\" \/><figcaption id=\"caption-attachment-127100\" class=\"wp-caption-text\">Den\u00fancia ao Minist\u00e9rio P\u00fablico da Bahia<\/figcaption><\/figure>\n<p style=\"text-align: justify;\">Entre as in\u00fameras suspeitas h\u00e1 ainda o contrato para remo\u00e7\u00e3o de pacientes, por meio do qual, a empresa declara nos prontu\u00e1rios a partida das ambul\u00e2ncias de Barra do Cho\u00e7a, quando na verdade partem de Vit\u00f3ria da Conquista.<br \/>\nEsta pr\u00e1tica resulta no recebimento de valores com base na quilometragem e tempo de deslocamento, que uma vez fraudados ensejam na remunera\u00e7\u00e3o indevida.<\/p>\n<p style=\"text-align: justify;\"><img loading=\"lazy\" class=\"alignnone size-full wp-image-127101\" src=\"https:\/\/www.blogdopaulonunes.com\/v5\/wp-content\/uploads\/2025\/12\/Barra-do-Choca-z.jpg\" alt=\"\" width=\"500\" height=\"888\" \/><br \/>\nConta ainda que as duas bases n\u00e3o disp\u00f5em de expurgo e nem central de material esterilizado, e de novo, consta que a empresa explora o CME do Hospital Geral e do Hospital de Barra do Cho\u00e7a.<br \/>\nEste favorecimento se d\u00e1, segundo informa\u00e7\u00f5es, ao v\u00ednculo de um enfermeiro deste \u00faltimo Hospital citado junto a empresa.<\/p>\n<div style=\"width: 464px;\" class=\"wp-video\"><video class=\"wp-video-shortcode\" id=\"video-127097-2\" width=\"464\" height=\"832\" preload=\"metadata\" controls=\"controls\"><source type=\"video\/mp4\" src=\"https:\/\/www.blogdopaulonunes.com\/v5\/wp-content\/uploads\/2025\/12\/WhatsApp-Video-2025-12-21-at-11.41.36-1.mp4?_=2\" \/><a href=\"https:\/\/www.blogdopaulonunes.com\/v5\/wp-content\/uploads\/2025\/12\/WhatsApp-Video-2025-12-21-at-11.41.36-1.mp4\">https:\/\/www.blogdopaulonunes.com\/v5\/wp-content\/uploads\/2025\/12\/WhatsApp-Video-2025-12-21-at-11.41.36-1.mp4<\/a><\/video><\/div>\n<p style=\"text-align: justify;\">\nAs den\u00fancias j\u00e1 foram formalmente apresentadas ao Minist\u00e9rio P\u00fablico e \u00f3rg\u00e3os competentes por se tratar de fraudes graves que colocam em risco a seguran\u00e7a e bem estar dos cidad\u00e3os, o que exige apura\u00e7\u00e3o urgente e rigorosa .<\/p>\n<p><img loading=\"lazy\" class=\"alignnone size-full wp-image-127102\" src=\"https:\/\/www.blogdopaulonunes.com\/v5\/wp-content\/uploads\/2025\/12\/Vitoria-da-Conquista-R.jpg\" alt=\"\" width=\"500\" height=\"888\" \/><\/p>\n<p style=\"text-align: justify;\">O Blog publica essa mat\u00e9ria, sem analisar o m\u00e9rito, at\u00e9 porque trata-se de den\u00fancia realizada por pessoas interessadas nos esclarecimentos se fazem necess\u00e1rio, o canal est\u00e1 aberto para que a empresa citada, possa colocar as justificativas que entender.\u00a0 Nosso jornalismo \u00e9 de interesse p\u00fablico, uma vez que j\u00e1 h\u00e1 documento no Minist\u00e9rio P\u00fablico, temos que publicar para o bem da popula\u00e7\u00e3o e dos \u00f3rg\u00e3os fiscalizadores, pois sa\u00fade \u00e9 um bem de todos e dever do Estado.<\/p>\n","protected":false},"excerpt":{"rendered":"<p>V\u00eddeos, fotos e documentos comp\u00f5em os registros com ind\u00edcios de uma empresa que estaria prestando servi\u00e7o de remo\u00e7\u00e3o m\u00e9dica sem atender \u00e0s exig\u00eancias legais, que incluem base operacional, infraestrutura, armazenamento de medicamentos, alvar\u00e1s suspeitos, al\u00e9m de recebimento de repasse indevido do Governo do Estado. A Inove servi\u00e7o de ambul\u00e2ncia atua em Vit\u00f3ria da Conquista e [&hellip;]<\/p>\n","protected":false},"author":2,"featured_media":127098,"comment_status":"open","ping_status":"open","sticky":false,"template":"","format":"standard","meta":[],"categories":[4381,105],"tags":[1660,1879,7396,7397,361,150],"_links":{"self":[{"href":"https:\/\/www.blogdopaulonunes.com\/v5\/index.php\/wp-json\/wp\/v2\/posts\/127097"}],"collection":[{"href":"https:\/\/www.blogdopaulonunes.com\/v5\/index.php\/wp-json\/wp\/v2\/posts"}],"about":[{"href":"https:\/\/www.blogdopaulonunes.com\/v5\/index.php\/wp-json\/wp\/v2\/types\/post"}],"author":[{"embeddable":true,"href":"https:\/\/www.blogdopaulonunes.com\/v5\/index.php\/wp-json\/wp\/v2\/users\/2"}],"replies":[{"embeddable":true,"href":"https:\/\/www.blogdopaulonunes.com\/v5\/index.php\/wp-json\/wp\/v2\/comments?post=127097"}],"version-history":[{"count":3,"href":"https:\/\/www.blogdopaulonunes.com\/v5\/index.php\/wp-json\/wp\/v2\/posts\/127097\/revisions"}],"predecessor-version":[{"id":127106,"href":"https:\/\/www.blogdopaulonunes.com\/v5\/index.php\/wp-json\/wp\/v2\/posts\/127097\/revisions\/127106"}],"wp:featuredmedia":[{"embeddable":true,"href":"https:\/\/www.blogdopaulonunes.com\/v5\/index.php\/wp-json\/wp\/v2\/media\/127098"}],"wp:attachment":[{"href":"https:\/\/www.blogdopaulonunes.com\/v5\/index.php\/wp-json\/wp\/v2\/media?parent=127097"}],"wp:term":[{"taxonomy":"category","embeddable":true,"href":"https:\/\/www.blogdopaulonunes.com\/v5\/index.php\/wp-json\/wp\/v2\/categories?post=127097"},{"taxonomy":"post_tag","embeddable":true,"href":"https:\/\/www.blogdopaulonunes.com\/v5\/index.php\/wp-json\/wp\/v2\/tags?post=127097"}],"curies":[{"name":"wp","href":"https:\/\/api.w.org\/{rel}","templated":true}]}}