{"id":127055,"date":"2025-12-22T20:56:54","date_gmt":"2025-12-22T23:56:54","guid":{"rendered":"https:\/\/www.blogdopaulonunes.com\/v5\/?p=127055"},"modified":"2025-12-22T20:57:49","modified_gmt":"2025-12-22T23:57:49","slug":"moraes-determina-prisao-domiciliar-de-augusto-heleno","status":"publish","type":"post","link":"https:\/\/www.blogdopaulonunes.com\/v5\/index.php\/2025\/12\/22\/moraes-determina-prisao-domiciliar-de-augusto-heleno\/","title":{"rendered":"Moraes determina pris\u00e3o domiciliar de Augusto Heleno"},"content":{"rendered":"<p><strong>General da reserva foi condenado a 21 anos por envolvimento na trama golpista<\/strong><\/p>\n<p style=\"text-align: justify;\">O ministro Alexandre de Moraes, do Supremo Tribunal Federal (STF), determinou nesta segunda-feira (22) que o general da reserva Augusto Heleno, ex-ministro do governo Bolsonaro e condenado a 21 anos pela trama golpista, cumpra a pena em regime domiciliar, informou o jornalista Gustavo Uribe, da CNN Brasil.<\/p>\n<p style=\"text-align: justify;\">A defesa de Heleno argumentou mais cedo que o ex-general sofre de Mal de Alzheimer. A Procuradoria-Geral da Rep\u00fablica (PGR) pediu a pris\u00e3o domiciliar de Heleno.<\/p>\n<p style=\"text-align: justify;\">\u201cO descumprimento da pris\u00e3o domiciliar humanit\u00e1ria ou de qualquer uma das medidas alternativas implicar\u00e1 no imediato retorno ao regime fechado\u201d, salientou Moraes na decis\u00e3o, ao detalhar medidas cautelares, como o uso de tornozeleira eletr\u00f4nica e proibi\u00e7\u00e3o de comunica\u00e7\u00e3o por meio de telefone e da utiliza\u00e7\u00e3o de redes sociais.<\/p>\n<p>&nbsp;<\/p>\n<p style=\"text-align: justify;\">\n","protected":false},"excerpt":{"rendered":"<p>General da reserva foi condenado a 21 anos por envolvimento na trama golpista O ministro Alexandre de Moraes, do Supremo Tribunal Federal (STF), determinou nesta segunda-feira (22) que o general da reserva Augusto Heleno, ex-ministro do governo Bolsonaro e condenado a 21 anos pela trama golpista, cumpra a pena em regime domiciliar, informou o jornalista [&hellip;]<\/p>\n","protected":false},"author":2,"featured_media":127056,"comment_status":"open","ping_status":"open","sticky":false,"template":"","format":"standard","meta":[],"categories":[4890,72],"tags":[7380,619,5495],"_links":{"self":[{"href":"https:\/\/www.blogdopaulonunes.com\/v5\/index.php\/wp-json\/wp\/v2\/posts\/127055"}],"collection":[{"href":"https:\/\/www.blogdopaulonunes.com\/v5\/index.php\/wp-json\/wp\/v2\/posts"}],"about":[{"href":"https:\/\/www.blogdopaulonunes.com\/v5\/index.php\/wp-json\/wp\/v2\/types\/post"}],"author":[{"embeddable":true,"href":"https:\/\/www.blogdopaulonunes.com\/v5\/index.php\/wp-json\/wp\/v2\/users\/2"}],"replies":[{"embeddable":true,"href":"https:\/\/www.blogdopaulonunes.com\/v5\/index.php\/wp-json\/wp\/v2\/comments?post=127055"}],"version-history":[{"count":1,"href":"https:\/\/www.blogdopaulonunes.com\/v5\/index.php\/wp-json\/wp\/v2\/posts\/127055\/revisions"}],"predecessor-version":[{"id":127057,"href":"https:\/\/www.blogdopaulonunes.com\/v5\/index.php\/wp-json\/wp\/v2\/posts\/127055\/revisions\/127057"}],"wp:featuredmedia":[{"embeddable":true,"href":"https:\/\/www.blogdopaulonunes.com\/v5\/index.php\/wp-json\/wp\/v2\/media\/127056"}],"wp:attachment":[{"href":"https:\/\/www.blogdopaulonunes.com\/v5\/index.php\/wp-json\/wp\/v2\/media?parent=127055"}],"wp:term":[{"taxonomy":"category","embeddable":true,"href":"https:\/\/www.blogdopaulonunes.com\/v5\/index.php\/wp-json\/wp\/v2\/categories?post=127055"},{"taxonomy":"post_tag","embeddable":true,"href":"https:\/\/www.blogdopaulonunes.com\/v5\/index.php\/wp-json\/wp\/v2\/tags?post=127055"}],"curies":[{"name":"wp","href":"https:\/\/api.w.org\/{rel}","templated":true}]}}