{"id":127052,"date":"2025-12-22T20:49:20","date_gmt":"2025-12-22T23:49:20","guid":{"rendered":"https:\/\/www.blogdopaulonunes.com\/v5\/?p=127052"},"modified":"2025-12-22T20:49:20","modified_gmt":"2025-12-22T23:49:20","slug":"secultba-prorroga-inscricoes-dos-editais-do-ciclo-2-da-pnab-bahia","status":"publish","type":"post","link":"https:\/\/www.blogdopaulonunes.com\/v5\/index.php\/2025\/12\/22\/secultba-prorroga-inscricoes-dos-editais-do-ciclo-2-da-pnab-bahia\/","title":{"rendered":"SecultBA prorroga inscri\u00e7\u00f5es dos editais do Ciclo 2 da PNAB Bahia\u00a0"},"content":{"rendered":"<p style=\"text-align: justify;\"><strong>Agentes culturais ganham mais prazo para submeter projetos; inscri\u00e7\u00f5es seguem abertas at\u00e9 \u00e0s 23h59 desta ter\u00e7a-feira (23), pelo site oficial da PNAB.<\/strong><\/p>\n<p style=\"text-align: justify;\">A Secretaria de Cultura do Estado da Bahia (Secult-BA) prorrogou o prazo de inscri\u00e7\u00f5es dos editais do Ciclo 2 da Pol\u00edtica Nacional Aldir Blanc de Fomento \u00e0 Cultura (PNAB). Agora, agentes culturais de todo o estado t\u00eam at\u00e9 as 23h59 desta ter\u00e7a-feira, dia 23 de dezembro, para submeter projetos por meio do formul\u00e1rio on-line dispon\u00edvel no site oficial:\u00a0<a href=\"http:\/\/www.bahiapnab.com.br\/\" target=\"_blank\" rel=\"noopener\" data-saferedirecturl=\"https:\/\/www.google.com\/url?q=http:\/\/www.bahiapnab.com.br\/&amp;source=gmail&amp;ust=1766531266733000&amp;usg=AOvVaw0_B_1OqyTSKcLuPBgmRcC7\">www.bahiapnab.com.br<\/a>.<\/p>\n<p style=\"text-align: justify;\">A iniciativa \u00e9 da SecultBA, em respeito aos agentes culturais, depois de constatado que, no dia 17 de dezembro, o sistema ficou oito horas com o bot\u00e3o de acesso fora do ar. Por conta disso, a prorroga\u00e7\u00e3o por 24 horas garante um processo inclusivo, democr\u00e1tico e que pretende garantir uma participa\u00e7\u00e3o ampla dos fazedores de cultura da Bahia.<\/p>\n<p style=\"text-align: justify;\">O Ciclo 2 prev\u00ea investimento de mais de R$ 70 milh\u00f5es, distribu\u00eddos em 27 editais, com foco no fomento direto \u00e0 produ\u00e7\u00e3o cultural, na manuten\u00e7\u00e3o de a\u00e7\u00f5es continuadas e no fortalecimento das cadeias produtivas da cultura em todo o territ\u00f3rio baiano.<\/p>\n<p style=\"text-align: justify;\">Os editais contemplam as modalidades de Premia\u00e7\u00e3o Cultural e Fomento \u00e0 Execu\u00e7\u00e3o de A\u00e7\u00f5es Culturais, reunindo iniciativas voltadas \u00e0 valoriza\u00e7\u00e3o das artes, literatura, patrim\u00f4nio, economia criativa e express\u00f5es populares, divididos em seis eixos de atua\u00e7\u00e3o cultural. Outros seis editais do ciclo 2 da PNAB ser\u00e3o lan\u00e7ados no pr\u00f3ximo ano.<\/p>\n<p style=\"text-align: justify;\">As inscri\u00e7\u00f5es s\u00e3o gratuitas e devem ser realizadas exclusivamente pelo site\u00a0<a href=\"http:\/\/www.bahiapnab.com.br\/\" target=\"_blank\" rel=\"noopener\" data-saferedirecturl=\"https:\/\/www.google.com\/url?q=http:\/\/www.bahiapnab.com.br\/&amp;source=gmail&amp;ust=1766531266733000&amp;usg=AOvVaw0_B_1OqyTSKcLuPBgmRcC7\">www.bahiapnab.com.br<\/a>, at\u00e9 as 23h59 do dia 23 de dezembro.<\/p>\n<p>Sobre a PNAB<\/p>\n<p style=\"text-align: justify;\">A Pol\u00edtica Nacional Aldir Blanc de Fomento \u00e0 Cultura (PNAB) \u00e9 uma a\u00e7\u00e3o do Governo Federal em parceria com estados e munic\u00edpios que garante investimentos cont\u00ednuos para fortalecer a cultura em todo o pa\u00eds. Na Bahia, a PNAB apoia fazedores, coletivos e espa\u00e7os culturais de diferentes \u00e1reas, promovendo acesso, diversidade e valoriza\u00e7\u00e3o das express\u00f5es art\u00edsticas em todos os territ\u00f3rios.<\/p>\n","protected":false},"excerpt":{"rendered":"<p>Agentes culturais ganham mais prazo para submeter projetos; inscri\u00e7\u00f5es seguem abertas at\u00e9 \u00e0s 23h59 desta ter\u00e7a-feira (23), pelo site oficial da PNAB. A Secretaria de Cultura do Estado da Bahia (Secult-BA) prorrogou o prazo de inscri\u00e7\u00f5es dos editais do Ciclo 2 da Pol\u00edtica Nacional Aldir Blanc de Fomento \u00e0 Cultura (PNAB). Agora, agentes culturais de [&hellip;]<\/p>\n","protected":false},"author":2,"featured_media":127053,"comment_status":"open","ping_status":"open","sticky":false,"template":"","format":"standard","meta":[],"categories":[103,71],"tags":[5582,7379,7378],"_links":{"self":[{"href":"https:\/\/www.blogdopaulonunes.com\/v5\/index.php\/wp-json\/wp\/v2\/posts\/127052"}],"collection":[{"href":"https:\/\/www.blogdopaulonunes.com\/v5\/index.php\/wp-json\/wp\/v2\/posts"}],"about":[{"href":"https:\/\/www.blogdopaulonunes.com\/v5\/index.php\/wp-json\/wp\/v2\/types\/post"}],"author":[{"embeddable":true,"href":"https:\/\/www.blogdopaulonunes.com\/v5\/index.php\/wp-json\/wp\/v2\/users\/2"}],"replies":[{"embeddable":true,"href":"https:\/\/www.blogdopaulonunes.com\/v5\/index.php\/wp-json\/wp\/v2\/comments?post=127052"}],"version-history":[{"count":1,"href":"https:\/\/www.blogdopaulonunes.com\/v5\/index.php\/wp-json\/wp\/v2\/posts\/127052\/revisions"}],"predecessor-version":[{"id":127054,"href":"https:\/\/www.blogdopaulonunes.com\/v5\/index.php\/wp-json\/wp\/v2\/posts\/127052\/revisions\/127054"}],"wp:featuredmedia":[{"embeddable":true,"href":"https:\/\/www.blogdopaulonunes.com\/v5\/index.php\/wp-json\/wp\/v2\/media\/127053"}],"wp:attachment":[{"href":"https:\/\/www.blogdopaulonunes.com\/v5\/index.php\/wp-json\/wp\/v2\/media?parent=127052"}],"wp:term":[{"taxonomy":"category","embeddable":true,"href":"https:\/\/www.blogdopaulonunes.com\/v5\/index.php\/wp-json\/wp\/v2\/categories?post=127052"},{"taxonomy":"post_tag","embeddable":true,"href":"https:\/\/www.blogdopaulonunes.com\/v5\/index.php\/wp-json\/wp\/v2\/tags?post=127052"}],"curies":[{"name":"wp","href":"https:\/\/api.w.org\/{rel}","templated":true}]}}