{"id":127048,"date":"2025-12-22T20:42:41","date_gmt":"2025-12-22T23:42:41","guid":{"rendered":"https:\/\/www.blogdopaulonunes.com\/v5\/?p=127048"},"modified":"2025-12-22T20:42:41","modified_gmt":"2025-12-22T23:42:41","slug":"hospital-do-oeste-recebe-novo-tomografo-e-avanca-na-implantacao-da-radioterapia","status":"publish","type":"post","link":"https:\/\/www.blogdopaulonunes.com\/v5\/index.php\/2025\/12\/22\/hospital-do-oeste-recebe-novo-tomografo-e-avanca-na-implantacao-da-radioterapia\/","title":{"rendered":"Hospital do Oeste recebe novo tom\u00f3grafo e avan\u00e7a na implanta\u00e7\u00e3o da radioterapia"},"content":{"rendered":"<p style=\"text-align: justify;\">Ap\u00f3s cumprir agenda ao lado do governador Jer\u00f4nimo Rodrigues, na noite de sexta-feira (19), em S\u00e3o Desid\u00e9rio, onde o Governo do Estado destinou mais de R$ 61 milh\u00f5es em investimentos para a sa\u00fade, a secret\u00e1ria da Sa\u00fade do Estado, Roberta Santana, desembarcou em Barreiras, neste s\u00e1bado (20), com an\u00fancios importantes para o munic\u00edpio.<\/p>\n<div dir=\"auto\" style=\"text-align: justify;\">Na ocasi\u00e3o, a titular da Sesab vistoriou o Hospital do Oeste, unidade estrat\u00e9gica para a assist\u00eancia \u00e0 popula\u00e7\u00e3o da regi\u00e3o. Durante a visita, a secret\u00e1ria acompanhou de perto a instala\u00e7\u00e3o do acelerador linear, equipamento destinado ao tratamento de pacientes oncol\u00f3gicos, e conferiu o funcionamento do novo tom\u00f3grafo, entregue recentemente pelo Governo do Estado.<\/div>\n<div dir=\"auto\" style=\"text-align: justify;\"><\/div>\n<div dir=\"auto\" style=\"text-align: justify;\">Segundo a secret\u00e1ria, a chegada do novo tom\u00f3grafo representa um avan\u00e7o importante para a amplia\u00e7\u00e3o do acesso a exames de alta complexidade. \u201cInstalamos um novo tom\u00f3grafo, permitindo que o hospital realize exames nas \u00e1reas de neurologia e cardiologia. O equipamento est\u00e1 em pleno funcionamento e, agora, o Hospital do Oeste passa a contar com dois tom\u00f3grafos, garantindo mais agilidade e ampliando o acesso da popula\u00e7\u00e3o\u201d, destacou Roberta Santana.<\/div>\n<div dir=\"auto\" style=\"text-align: justify;\"><\/div>\n<div dir=\"auto\" style=\"text-align: justify;\">Outro destaque da vistoria foi o acelerador linear, que se encontra na fase final de implanta\u00e7\u00e3o. De acordo com a secret\u00e1ria Roberta Santana, o equipamento j\u00e1 est\u00e1 instalado e aguarda apenas a etapa de certifica\u00e7\u00e3o, prevista para o fim de janeiro de 2026. A expectativa \u00e9 que o servi\u00e7o de radioterapia comece a ser ofertado no final de fevereiro. \u201cEsse \u00e9 um compromisso muito importante, porque a nossa popula\u00e7\u00e3o n\u00e3o vai mais precisar se deslocar para Salvador para realizar radioterapia. Hoje, muitas pessoas passam de 30 a 45 dias fora de casa para realizar esse tratamento\u201d, ressaltou.<\/div>\n<div dir=\"auto\"><img loading=\"lazy\" class=\"alignnone size-full wp-image-127050\" src=\"https:\/\/www.blogdopaulonunes.com\/v5\/wp-content\/uploads\/2025\/12\/Tomografo-do-hospital-do-Oeste.jpg\" alt=\"\" width=\"400\" height=\"299\" \/><\/div>\n<div dir=\"auto\" style=\"text-align: justify;\"><\/div>\n<div dir=\"auto\" style=\"text-align: justify;\">Roberta Santana tamb\u00e9m lembrou que j\u00e1 foi publicada a licita\u00e7\u00e3o para a amplia\u00e7\u00e3o do Hospital do Oeste. A abertura das propostas est\u00e1 marcada para o dia 15 de janeiro. Com a obra, a unidade ganhar\u00e1 20 novos leitos de Unidade de Terapia Intensiva (UTI), 11 salas cir\u00fargicas e 30 leitos de enfermaria, al\u00e9m da instala\u00e7\u00e3o de um equipamento de resson\u00e2ncia magn\u00e9tica, que passar\u00e1 a integrar a estrutura do hospital.<\/div>\n<div dir=\"auto\" style=\"text-align: justify;\"><\/div>\n<div dir=\"auto\" style=\"text-align: justify;\">O investimento na amplia\u00e7\u00e3o do Hospital do Oeste \u00e9 de aproximadamente R$ 32 milh\u00f5es e integra um conjunto de a\u00e7\u00f5es do Governo da Bahia voltadas ao fortalecimento da rede estadual de sa\u00fade. As iniciativas incluem reformas, amplia\u00e7\u00f5es e a constru\u00e7\u00e3o de novos hospitais em diversas regi\u00f5es do estado.<\/div>\n<div dir=\"auto\" style=\"text-align: justify;\"><\/div>\n<div dir=\"auto\" style=\"text-align: justify;\">Fotos: Jamile Amine e Yasmim Marinho \/ Sa\u00fade GovBA<\/div>\n","protected":false},"excerpt":{"rendered":"<p>Ap\u00f3s cumprir agenda ao lado do governador Jer\u00f4nimo Rodrigues, na noite de sexta-feira (19), em S\u00e3o Desid\u00e9rio, onde o Governo do Estado destinou mais de R$ 61 milh\u00f5es em investimentos para a sa\u00fade, a secret\u00e1ria da Sa\u00fade do Estado, Roberta Santana, desembarcou em Barreiras, neste s\u00e1bado (20), com an\u00fancios importantes para o munic\u00edpio. Na ocasi\u00e3o, [&hellip;]<\/p>\n","protected":false},"author":2,"featured_media":127049,"comment_status":"open","ping_status":"open","sticky":false,"template":"","format":"standard","meta":[],"categories":[74,105],"tags":[1437,7376,7377,1811],"_links":{"self":[{"href":"https:\/\/www.blogdopaulonunes.com\/v5\/index.php\/wp-json\/wp\/v2\/posts\/127048"}],"collection":[{"href":"https:\/\/www.blogdopaulonunes.com\/v5\/index.php\/wp-json\/wp\/v2\/posts"}],"about":[{"href":"https:\/\/www.blogdopaulonunes.com\/v5\/index.php\/wp-json\/wp\/v2\/types\/post"}],"author":[{"embeddable":true,"href":"https:\/\/www.blogdopaulonunes.com\/v5\/index.php\/wp-json\/wp\/v2\/users\/2"}],"replies":[{"embeddable":true,"href":"https:\/\/www.blogdopaulonunes.com\/v5\/index.php\/wp-json\/wp\/v2\/comments?post=127048"}],"version-history":[{"count":1,"href":"https:\/\/www.blogdopaulonunes.com\/v5\/index.php\/wp-json\/wp\/v2\/posts\/127048\/revisions"}],"predecessor-version":[{"id":127051,"href":"https:\/\/www.blogdopaulonunes.com\/v5\/index.php\/wp-json\/wp\/v2\/posts\/127048\/revisions\/127051"}],"wp:featuredmedia":[{"embeddable":true,"href":"https:\/\/www.blogdopaulonunes.com\/v5\/index.php\/wp-json\/wp\/v2\/media\/127049"}],"wp:attachment":[{"href":"https:\/\/www.blogdopaulonunes.com\/v5\/index.php\/wp-json\/wp\/v2\/media?parent=127048"}],"wp:term":[{"taxonomy":"category","embeddable":true,"href":"https:\/\/www.blogdopaulonunes.com\/v5\/index.php\/wp-json\/wp\/v2\/categories?post=127048"},{"taxonomy":"post_tag","embeddable":true,"href":"https:\/\/www.blogdopaulonunes.com\/v5\/index.php\/wp-json\/wp\/v2\/tags?post=127048"}],"curies":[{"name":"wp","href":"https:\/\/api.w.org\/{rel}","templated":true}]}}