{"id":127045,"date":"2025-12-22T20:30:50","date_gmt":"2025-12-22T23:30:50","guid":{"rendered":"https:\/\/www.blogdopaulonunes.com\/v5\/?p=127045"},"modified":"2025-12-22T20:30:50","modified_gmt":"2025-12-22T23:30:50","slug":"sensacao-estranha-nas-pernas-ao-deitar-pode-ser-a-sindrome-das-pernas-inquietas","status":"publish","type":"post","link":"https:\/\/www.blogdopaulonunes.com\/v5\/index.php\/2025\/12\/22\/sensacao-estranha-nas-pernas-ao-deitar-pode-ser-a-sindrome-das-pernas-inquietas\/","title":{"rendered":"Sensa\u00e7\u00e3o estranha nas pernas ao deitar? Pode ser a S\u00edndrome das Pernas Inquietas!"},"content":{"rendered":"<p style=\"text-align: justify;\"><strong>Saiba como tratar o desconforto noturno<\/strong><\/p>\n<div id=\"js-text-clipboard\" class=\"notice-content__show js-notice-expand js-permit-copy auto-height\">\n<p style=\"text-align: justify;\"><strong>Voc\u00ea sente uma vontade irresist\u00edvel de movimentar as pernas quando est\u00e1 deitado?<\/strong><\/p>\n<p style=\"text-align: justify;\">\u201c\u00c9 como se tivesse algo andando dentro da perna: formigamento, coceira interna e choques e melhora s\u00f3 quando a gente se mexe\u201d, explica o neurologista Dr. Leonel Takada (CRM: 112.075\/SP). Esse \u00e9 o principal sinal da S\u00edndrome das Pernas Inquietas, um dist\u00farbio neurol\u00f3gico que afeta o sono e a qualidade de vida.<\/p>\n<p style=\"text-align: justify;\">Os sintomas pioram no fim do dia e durante o repouso. H\u00e1 forte rela\u00e7\u00e3o gen\u00e9tica e ela tamb\u00e9m pode estar ligada \u00e0 gravidez, diabetes e insufici\u00eancia renal.<\/p>\n<p style=\"text-align: justify;\"><strong>O tratamento \u00e9 eficaz e pode incluir medicamentos ou reposi\u00e7\u00e3o de ferro. Se voc\u00ea se identifica com os sintomas, procure um neurologista. Quanto mais cedo o diagn\u00f3stico, melhor.<\/strong><\/p>\n<h2>Veja ao v\u00eddeo com a explica\u00e7\u00e3o do especialista:<\/h2>\n<p><iframe title=\"YouTube video player\" src=\"https:\/\/www.youtube.com\/embed\/cXrbuQl_rqQ\" frameborder=\"0\" allowfullscreen=\"allowfullscreen\" data-mce-fragment=\"1\"><\/iframe><\/p>\n<p>Tenha acesso aos conte\u00fados do Doutor Ajuda. Acesse o\u00a0<a href=\"http:\/\/www.portaldoutorajuda.com.br\/\" target=\"_blank\" rel=\"noopener\">site<\/a>.<\/p>\n<\/div>\n<div class=\"notice-content__tags\"><a class=\"notice-content__tag\" href=\"https:\/\/brasil61.com\/noticias\/tag\/dr-ajuda\">#Dr. Ajuda!<\/a><a class=\"notice-content__tag\" href=\"https:\/\/brasil61.com\/noticias\/tag\/saude\">#Sa\u00fade<\/a><\/div>\n","protected":false},"excerpt":{"rendered":"<p>Saiba como tratar o desconforto noturno Voc\u00ea sente uma vontade irresist\u00edvel de movimentar as pernas quando est\u00e1 deitado? \u201c\u00c9 como se tivesse algo andando dentro da perna: formigamento, coceira interna e choques e melhora s\u00f3 quando a gente se mexe\u201d, explica o neurologista Dr. Leonel Takada (CRM: 112.075\/SP). Esse \u00e9 o principal sinal da S\u00edndrome [&hellip;]<\/p>\n","protected":false},"author":2,"featured_media":127046,"comment_status":"open","ping_status":"open","sticky":false,"template":"","format":"standard","meta":[],"categories":[29,71],"tags":[7375,7374,361],"_links":{"self":[{"href":"https:\/\/www.blogdopaulonunes.com\/v5\/index.php\/wp-json\/wp\/v2\/posts\/127045"}],"collection":[{"href":"https:\/\/www.blogdopaulonunes.com\/v5\/index.php\/wp-json\/wp\/v2\/posts"}],"about":[{"href":"https:\/\/www.blogdopaulonunes.com\/v5\/index.php\/wp-json\/wp\/v2\/types\/post"}],"author":[{"embeddable":true,"href":"https:\/\/www.blogdopaulonunes.com\/v5\/index.php\/wp-json\/wp\/v2\/users\/2"}],"replies":[{"embeddable":true,"href":"https:\/\/www.blogdopaulonunes.com\/v5\/index.php\/wp-json\/wp\/v2\/comments?post=127045"}],"version-history":[{"count":1,"href":"https:\/\/www.blogdopaulonunes.com\/v5\/index.php\/wp-json\/wp\/v2\/posts\/127045\/revisions"}],"predecessor-version":[{"id":127047,"href":"https:\/\/www.blogdopaulonunes.com\/v5\/index.php\/wp-json\/wp\/v2\/posts\/127045\/revisions\/127047"}],"wp:featuredmedia":[{"embeddable":true,"href":"https:\/\/www.blogdopaulonunes.com\/v5\/index.php\/wp-json\/wp\/v2\/media\/127046"}],"wp:attachment":[{"href":"https:\/\/www.blogdopaulonunes.com\/v5\/index.php\/wp-json\/wp\/v2\/media?parent=127045"}],"wp:term":[{"taxonomy":"category","embeddable":true,"href":"https:\/\/www.blogdopaulonunes.com\/v5\/index.php\/wp-json\/wp\/v2\/categories?post=127045"},{"taxonomy":"post_tag","embeddable":true,"href":"https:\/\/www.blogdopaulonunes.com\/v5\/index.php\/wp-json\/wp\/v2\/tags?post=127045"}],"curies":[{"name":"wp","href":"https:\/\/api.w.org\/{rel}","templated":true}]}}