{"id":127017,"date":"2025-12-20T10:55:52","date_gmt":"2025-12-20T13:55:52","guid":{"rendered":"https:\/\/www.blogdopaulonunes.com\/v5\/?p=127017"},"modified":"2025-12-29T19:46:58","modified_gmt":"2025-12-29T22:46:58","slug":"comeca-neste-domingo-o-projeto-consertao-concertos-natalinos-em-vitoria-da-conquista","status":"publish","type":"post","link":"https:\/\/www.blogdopaulonunes.com\/v5\/index.php\/2025\/12\/20\/comeca-neste-domingo-o-projeto-consertao-concertos-natalinos-em-vitoria-da-conquista\/","title":{"rendered":"Come\u00e7a neste domingo o projeto ConSert\u00e3o \u2013 Concertos Natalinos em Vit\u00f3ria da Conquista"},"content":{"rendered":"<p style=\"text-align: justify;\">Come\u00e7a neste domingo (21) o projeto ConSert\u00e3o, um programa musical que realizar\u00e1 uma s\u00e9rie de apresenta\u00e7\u00f5es gratuitas da Orquestra Conquista Sinf\u00f4nica (Arcos), levando a m\u00fasica sinf\u00f4nica a bairros e distritos de Vit\u00f3ria da Conquista e, a partir de 2026, a v\u00e1rios munic\u00edpios da regi\u00e3o. A iniciativa \u00e9 promovida com o apoio dos governos federal e estadual, por meio de emendas parlamentar do deputado Waldenor Pereira .<\/p>\n<div dir=\"auto\" style=\"text-align: justify;\">Sob a reg\u00eancia do renomado maestro Jo\u00e3o Omar, os concertos prop\u00f5em uma experi\u00eancia musical acess\u00edvel e emocionante, aproximando a m\u00fasica sinf\u00f4nica do cotidiano da popula\u00e7\u00e3o, celebrando com arte e sensibilidade os encontros comunit\u00e1rios.<\/div>\n<div dir=\"auto\" style=\"text-align: justify;\">Nesta primeira etapa, a programa\u00e7\u00e3o tem in\u00edcio no domingo (21\/12), em Vit\u00f3ria da Conquista, no distrito de Bate-P\u00e9, na Pra\u00e7a Ramiro Silva; segue na ter\u00e7a-feira (23\/12), no bairro Patag\u00f4nia, na Pra\u00e7a Iza Medeiros; retorna no domingo (28\/12), no distrito de Igu\u00e1, na Pra\u00e7a Estevam Santos; e se encerra no dia 6 de janeiro, no Centro de Cultura Camillo de Jesus Lima, em apresenta\u00e7\u00e3o especial no teatro.<\/div>\n<div dir=\"auto\"><img loading=\"lazy\" class=\"alignnone size-full wp-image-127019\" src=\"https:\/\/www.blogdopaulonunes.com\/v5\/wp-content\/uploads\/2025\/12\/Festa.jpg\" alt=\"\" width=\"400\" height=\"377\" \/><\/div>\n<div dir=\"auto\" style=\"text-align: justify;\">Todos os concertos acontecem \u00e0s 19h, com entrada gratuita, refor\u00e7ando o compromisso do projeto com a democratiza\u00e7\u00e3o do acesso \u00e0 cultura e a valoriza\u00e7\u00e3o da m\u00fasica sinf\u00f4nica e instrumental no interior da Bahia.<\/div>\n<div dir=\"auto\" style=\"text-align: justify;\">Sobre a ideia de levar a m\u00fasica sinf\u00f4nica ao sert\u00e3o (por isso o nome ConSert\u00e3o), Waldenor fala com bastante entusiasmo: \u201cEstamos promovendo esse projeto maravilhoso, conduzido pelo maestro Jo\u00e3o Omar, reconhecido internacionalmente, que levar\u00e1 a v\u00e1rios munic\u00edpios da nossa regi\u00e3o a m\u00fasica sinf\u00f4nica afinada com o nosso sert\u00e3o. A nossa popula\u00e7\u00e3o merece conhecer e apreciar m\u00fasica de qualidade\u201d, exclama o deputado.<\/div>\n<div dir=\"auto\">SERVI\u00c7O<\/div>\n<div dir=\"auto\">Projeto: ConSert\u00e3o \u2013 Concertos Natalinos<\/div>\n<div dir=\"auto\">Orquestra: Conquista Sinf\u00f4nica (Arcos)<\/div>\n<div dir=\"auto\">Reg\u00eancia: Maestro Jo\u00e3o Omar<\/div>\n<div dir=\"auto\">Hor\u00e1rio: 19h<\/div>\n<div dir=\"auto\">Entrada: Gratuita<\/div>\n<div dir=\"auto\">Programa\u00e7\u00e3o:<\/div>\n<div dir=\"auto\">21\/12 (domingo) \u2013 Distrito de Bate-P\u00e9 | Pra\u00e7a Ramiro Silva<\/div>\n<div dir=\"auto\">23\/12 (ter\u00e7a-feira) \u2013 Bairro Patag\u00f4nia | Pra\u00e7a Iza Medeiros<\/div>\n<div dir=\"auto\">28\/12 (domingo) \u2013 Distrito de Igu\u00e1 | Pra\u00e7a Estevam Santos<\/div>\n<div dir=\"auto\">06\/01 (ter\u00e7a-feira) \u2013 Centro de Cultura Camillo de Jesus Lima (Teatro).<\/div>\n","protected":false},"excerpt":{"rendered":"<p>Come\u00e7a neste domingo (21) o projeto ConSert\u00e3o, um programa musical que realizar\u00e1 uma s\u00e9rie de apresenta\u00e7\u00f5es gratuitas da Orquestra Conquista Sinf\u00f4nica (Arcos), levando a m\u00fasica sinf\u00f4nica a bairros e distritos de Vit\u00f3ria da Conquista e, a partir de 2026, a v\u00e1rios munic\u00edpios da regi\u00e3o. A iniciativa \u00e9 promovida com o apoio dos governos federal e [&hellip;]<\/p>\n","protected":false},"author":2,"featured_media":127018,"comment_status":"open","ping_status":"open","sticky":false,"template":"","format":"standard","meta":[],"categories":[103,71],"tags":[7368,165],"_links":{"self":[{"href":"https:\/\/www.blogdopaulonunes.com\/v5\/index.php\/wp-json\/wp\/v2\/posts\/127017"}],"collection":[{"href":"https:\/\/www.blogdopaulonunes.com\/v5\/index.php\/wp-json\/wp\/v2\/posts"}],"about":[{"href":"https:\/\/www.blogdopaulonunes.com\/v5\/index.php\/wp-json\/wp\/v2\/types\/post"}],"author":[{"embeddable":true,"href":"https:\/\/www.blogdopaulonunes.com\/v5\/index.php\/wp-json\/wp\/v2\/users\/2"}],"replies":[{"embeddable":true,"href":"https:\/\/www.blogdopaulonunes.com\/v5\/index.php\/wp-json\/wp\/v2\/comments?post=127017"}],"version-history":[{"count":6,"href":"https:\/\/www.blogdopaulonunes.com\/v5\/index.php\/wp-json\/wp\/v2\/posts\/127017\/revisions"}],"predecessor-version":[{"id":127164,"href":"https:\/\/www.blogdopaulonunes.com\/v5\/index.php\/wp-json\/wp\/v2\/posts\/127017\/revisions\/127164"}],"wp:featuredmedia":[{"embeddable":true,"href":"https:\/\/www.blogdopaulonunes.com\/v5\/index.php\/wp-json\/wp\/v2\/media\/127018"}],"wp:attachment":[{"href":"https:\/\/www.blogdopaulonunes.com\/v5\/index.php\/wp-json\/wp\/v2\/media?parent=127017"}],"wp:term":[{"taxonomy":"category","embeddable":true,"href":"https:\/\/www.blogdopaulonunes.com\/v5\/index.php\/wp-json\/wp\/v2\/categories?post=127017"},{"taxonomy":"post_tag","embeddable":true,"href":"https:\/\/www.blogdopaulonunes.com\/v5\/index.php\/wp-json\/wp\/v2\/tags?post=127017"}],"curies":[{"name":"wp","href":"https:\/\/api.w.org\/{rel}","templated":true}]}}