{"id":126981,"date":"2025-12-18T19:15:33","date_gmt":"2025-12-18T22:15:33","guid":{"rendered":"https:\/\/www.blogdopaulonunes.com\/v5\/?p=126981"},"modified":"2026-03-08T10:15:46","modified_gmt":"2026-03-08T13:15:46","slug":"vigilancia-sanitaria-apreende-mais-400-quilos-de-carnes-estragadas-em-dois-acougues-de-conquista","status":"publish","type":"post","link":"https:\/\/www.blogdopaulonunes.com\/v5\/index.php\/2025\/12\/18\/vigilancia-sanitaria-apreende-mais-400-quilos-de-carnes-estragadas-em-dois-acougues-de-conquista\/","title":{"rendered":"Vigil\u00e2ncia Sanit\u00e1ria apreende mais 400 kgs de carne, em dois a\u00e7ougues de Vit\u00f3ria da Conquista"},"content":{"rendered":"<div id=\"attachment_437437\" class=\"wp-caption aligncenter\">\n<p id=\"caption-attachment-437437\" class=\"wp-caption-text\">\n<\/div>\n<p style=\"text-align: justify;\">Em mais uma opera\u00e7\u00e3o de fiscaliza\u00e7\u00e3o realizada nesta quinta-feira (18), a Vigil\u00e2ncia Sanit\u00e1ria e Ambiental (Visa), de Vit\u00f3ria da Conquista, apreendeu um total de 400 quilos de carnes estragadas em dois a\u00e7ougues da cidade, sendo um localizado no Bairro Brasil e outro no Centro da cidade.<\/p>\n<p style=\"text-align: justify;\">Todo o material apreendido foi imediatamente retirado dos locais e encaminhado para descarte seguro no Aterro Sanit\u00e1rio Municipal. N\u00e3o houve interdi\u00e7\u00f5es imediatas, mas os propriet\u00e1rios foram autuados com:<\/p>\n<ul style=\"text-align: justify;\">\n<li aria-level=\"1\">\u00a0\u00a0Termos de Apreens\u00e3o e Inutiliza\u00e7\u00e3o dos produtos;<\/li>\n<li aria-level=\"1\">\u00a0\u00a0Notifica\u00e7\u00f5es formais para regulariza\u00e7\u00e3o;<\/li>\n<li aria-level=\"1\">\u00a0Prazo de 8 dias para que os estabelecimentos se ad\u00e9quem \u00e0s normas sanit\u00e1rias vigentes.<\/li>\n<\/ul>\n<p style=\"text-align: justify;\">Com as opera\u00e7\u00f5es realizadas nesta quinta e quarta-feira, a Visa j\u00e1 retirou mais de 830 quilos de alimentos impr\u00f3prios para o consumo humano, garantindo a seguran\u00e7a alimentar da popula\u00e7\u00e3o conquistense. \u201cEm 2025, de janeiro a de 18 dezembro, a Visa j\u00e1 tirou de circula\u00e7\u00e3o 9.630 quilos de alimentos impr\u00f3prios. Deste total , 1.560 quilos foram produtos c\u00e1rneos\u201d, informou o coordenador da Visa, Maico Mares.<\/p>\n<div id=\"gallery-3\" class=\"gallery galleryid-437446 gallery-columns-4 gallery-size-large\">\n<dl class=\"gallery-item\">\n<dt class=\"gallery-icon landscape\"><a class=\"cboxElement\" href=\"https:\/\/www.pmvc.ba.gov.br\/wp-content\/uploads\/Apreens%C3%A3o-em-Frigor%C3%ADfico-18-12-2025.jpg\"><img loading=\"lazy\" class=\"attachment-large size-large colorbox-437446 \" src=\"https:\/\/www.pmvc.ba.gov.br\/wp-content\/uploads\/Apreens%C3%A3o-em-Frigor%C3%ADfico-18-12-2025-1024x680.jpg\" sizes=\"(max-width: 1024px) 100vw, 1024px\" srcset=\"https:\/\/www.pmvc.ba.gov.br\/wp-content\/uploads\/Apreens\u00e3o-em-Frigor\u00edfico-18-12-2025-1024x680.jpg 1024w, https:\/\/www.pmvc.ba.gov.br\/wp-content\/uploads\/Apreens\u00e3o-em-Frigor\u00edfico-18-12-2025-200x133.jpg 200w, https:\/\/www.pmvc.ba.gov.br\/wp-content\/uploads\/Apreens\u00e3o-em-Frigor\u00edfico-18-12-2025-474x315.jpg 474w, https:\/\/www.pmvc.ba.gov.br\/wp-content\/uploads\/Apreens\u00e3o-em-Frigor\u00edfico-18-12-2025-768x511.jpg 768w, https:\/\/www.pmvc.ba.gov.br\/wp-content\/uploads\/Apreens\u00e3o-em-Frigor\u00edfico-18-12-2025-680x452.jpg 680w, https:\/\/www.pmvc.ba.gov.br\/wp-content\/uploads\/Apreens\u00e3o-em-Frigor\u00edfico-18-12-2025.jpg 1200w\" alt=\"\" width=\"1024\" height=\"680\" \/><\/a><\/dt>\n<\/dl>\n<dl class=\"gallery-item\">\n<dt class=\"gallery-icon landscape\"><a class=\"cboxElement\" href=\"https:\/\/www.pmvc.ba.gov.br\/wp-content\/uploads\/2025-12-18DSC_9080.jpg\"><img loading=\"lazy\" class=\"attachment-large size-large colorbox-437446 \" src=\"https:\/\/www.pmvc.ba.gov.br\/wp-content\/uploads\/2025-12-18DSC_9080-1024x680.jpg\" sizes=\"(max-width: 1024px) 100vw, 1024px\" srcset=\"https:\/\/www.pmvc.ba.gov.br\/wp-content\/uploads\/2025-12-18DSC_9080-1024x680.jpg 1024w, https:\/\/www.pmvc.ba.gov.br\/wp-content\/uploads\/2025-12-18DSC_9080-200x133.jpg 200w, https:\/\/www.pmvc.ba.gov.br\/wp-content\/uploads\/2025-12-18DSC_9080-474x315.jpg 474w, https:\/\/www.pmvc.ba.gov.br\/wp-content\/uploads\/2025-12-18DSC_9080-768x511.jpg 768w, https:\/\/www.pmvc.ba.gov.br\/wp-content\/uploads\/2025-12-18DSC_9080-680x452.jpg 680w, https:\/\/www.pmvc.ba.gov.br\/wp-content\/uploads\/2025-12-18DSC_9080.jpg 1200w\" alt=\"\" width=\"1024\" height=\"680\" \/><\/a><\/dt>\n<\/dl>\n<dl class=\"gallery-item\">\n<dt class=\"gallery-icon landscape\"><a class=\"cboxElement\" href=\"https:\/\/www.pmvc.ba.gov.br\/wp-content\/uploads\/Apreens%C3%A3o-em-Frigor%C3%ADfico-18-12-2025-14.jpg\"><img loading=\"lazy\" class=\"attachment-large size-large colorbox-437446 \" src=\"https:\/\/www.pmvc.ba.gov.br\/wp-content\/uploads\/Apreens%C3%A3o-em-Frigor%C3%ADfico-18-12-2025-14-1024x680.jpg\" sizes=\"(max-width: 1024px) 100vw, 1024px\" srcset=\"https:\/\/www.pmvc.ba.gov.br\/wp-content\/uploads\/Apreens\u00e3o-em-Frigor\u00edfico-18-12-2025-14-1024x680.jpg 1024w, https:\/\/www.pmvc.ba.gov.br\/wp-content\/uploads\/Apreens\u00e3o-em-Frigor\u00edfico-18-12-2025-14-200x133.jpg 200w, https:\/\/www.pmvc.ba.gov.br\/wp-content\/uploads\/Apreens\u00e3o-em-Frigor\u00edfico-18-12-2025-14-474x315.jpg 474w, https:\/\/www.pmvc.ba.gov.br\/wp-content\/uploads\/Apreens\u00e3o-em-Frigor\u00edfico-18-12-2025-14-768x511.jpg 768w, https:\/\/www.pmvc.ba.gov.br\/wp-content\/uploads\/Apreens\u00e3o-em-Frigor\u00edfico-18-12-2025-14-680x452.jpg 680w, https:\/\/www.pmvc.ba.gov.br\/wp-content\/uploads\/Apreens\u00e3o-em-Frigor\u00edfico-18-12-2025-14.jpg 1200w\" alt=\"\" width=\"1024\" height=\"680\" \/><\/a><\/dt>\n<\/dl>\n<dl class=\"gallery-item\">\n<dt class=\"gallery-icon landscape\"><a class=\"cboxElement\" href=\"https:\/\/www.pmvc.ba.gov.br\/wp-content\/uploads\/Apreens%C3%A3o-em-Frigor%C3%ADfico-18-12-2025-11.jpg\"><img loading=\"lazy\" class=\"attachment-large size-large colorbox-437446 \" src=\"https:\/\/www.pmvc.ba.gov.br\/wp-content\/uploads\/Apreens%C3%A3o-em-Frigor%C3%ADfico-18-12-2025-11-1024x680.jpg\" sizes=\"(max-width: 1024px) 100vw, 1024px\" srcset=\"https:\/\/www.pmvc.ba.gov.br\/wp-content\/uploads\/Apreens\u00e3o-em-Frigor\u00edfico-18-12-2025-11-1024x680.jpg 1024w, https:\/\/www.pmvc.ba.gov.br\/wp-content\/uploads\/Apreens\u00e3o-em-Frigor\u00edfico-18-12-2025-11-200x133.jpg 200w, https:\/\/www.pmvc.ba.gov.br\/wp-content\/uploads\/Apreens\u00e3o-em-Frigor\u00edfico-18-12-2025-11-474x315.jpg 474w, https:\/\/www.pmvc.ba.gov.br\/wp-content\/uploads\/Apreens\u00e3o-em-Frigor\u00edfico-18-12-2025-11-768x511.jpg 768w, https:\/\/www.pmvc.ba.gov.br\/wp-content\/uploads\/Apreens\u00e3o-em-Frigor\u00edfico-18-12-2025-11-680x452.jpg 680w, https:\/\/www.pmvc.ba.gov.br\/wp-content\/uploads\/Apreens\u00e3o-em-Frigor\u00edfico-18-12-2025-11.jpg 1200w\" alt=\"\" width=\"1024\" height=\"680\" \/><\/a><\/dt>\n<\/dl>\n<\/div>\n<p style=\"text-align: justify;\">A Vigil\u00e2ncia Sanit\u00e1ria informa que mesmo com o per\u00edodo de recesso administrativo da Prefeitura Municipal, neste final do ano, o \u00f3rg\u00e3o manter\u00e1 equipes de plant\u00e3o todos os dias, por se tratar de servi\u00e7o essencial. O objetivo \u00e9 garantir a seguran\u00e7a alimentar dos consumidores e fiscalizar o com\u00e9rcio em toda a cidade, sem interrup\u00e7\u00f5es.<\/p>\n<p style=\"text-align: justify;\">A recomenda\u00e7\u00e3o aos consumidores \u00e9 que fiquem atentos \u00e0 cor, ao odor e ao prazo de validade dos produtos, al\u00e9m de verificar se o estabelecimento possui o alvar\u00e1 da Vigil\u00e2ncia Sanit\u00e1ria. As den\u00fancias podem ser feitas na Ouvidoria Municipal atrav\u00e9s do telefone (77) 3229-3480 ou pelo e-mail ouvidoriageral@pmvc.ba.gov.br. Tamb\u00e9m podem ser feitas den\u00fancias pelo site:\u00a0<a href=\"https:\/\/falabr.cgu.gov.br\/web\/home\">FALA.BR.<\/a><\/p>\n","protected":false},"excerpt":{"rendered":"<p>Em mais uma opera\u00e7\u00e3o de fiscaliza\u00e7\u00e3o realizada nesta quinta-feira (18), a Vigil\u00e2ncia Sanit\u00e1ria e Ambiental (Visa), de Vit\u00f3ria da Conquista, apreendeu um total de 400 quilos de carnes estragadas em dois a\u00e7ougues da cidade, sendo um localizado no Bairro Brasil e outro no Centro da cidade. Todo o material apreendido foi imediatamente retirado dos locais [&hellip;]<\/p>\n","protected":false},"author":2,"featured_media":128087,"comment_status":"open","ping_status":"open","sticky":false,"template":"","format":"standard","meta":[],"categories":[4381,105],"tags":[7349,7350,150],"_links":{"self":[{"href":"https:\/\/www.blogdopaulonunes.com\/v5\/index.php\/wp-json\/wp\/v2\/posts\/126981"}],"collection":[{"href":"https:\/\/www.blogdopaulonunes.com\/v5\/index.php\/wp-json\/wp\/v2\/posts"}],"about":[{"href":"https:\/\/www.blogdopaulonunes.com\/v5\/index.php\/wp-json\/wp\/v2\/types\/post"}],"author":[{"embeddable":true,"href":"https:\/\/www.blogdopaulonunes.com\/v5\/index.php\/wp-json\/wp\/v2\/users\/2"}],"replies":[{"embeddable":true,"href":"https:\/\/www.blogdopaulonunes.com\/v5\/index.php\/wp-json\/wp\/v2\/comments?post=126981"}],"version-history":[{"count":6,"href":"https:\/\/www.blogdopaulonunes.com\/v5\/index.php\/wp-json\/wp\/v2\/posts\/126981\/revisions"}],"predecessor-version":[{"id":128088,"href":"https:\/\/www.blogdopaulonunes.com\/v5\/index.php\/wp-json\/wp\/v2\/posts\/126981\/revisions\/128088"}],"wp:featuredmedia":[{"embeddable":true,"href":"https:\/\/www.blogdopaulonunes.com\/v5\/index.php\/wp-json\/wp\/v2\/media\/128087"}],"wp:attachment":[{"href":"https:\/\/www.blogdopaulonunes.com\/v5\/index.php\/wp-json\/wp\/v2\/media?parent=126981"}],"wp:term":[{"taxonomy":"category","embeddable":true,"href":"https:\/\/www.blogdopaulonunes.com\/v5\/index.php\/wp-json\/wp\/v2\/categories?post=126981"},{"taxonomy":"post_tag","embeddable":true,"href":"https:\/\/www.blogdopaulonunes.com\/v5\/index.php\/wp-json\/wp\/v2\/tags?post=126981"}],"curies":[{"name":"wp","href":"https:\/\/api.w.org\/{rel}","templated":true}]}}