{"id":126942,"date":"2025-12-16T12:40:03","date_gmt":"2025-12-16T15:40:03","guid":{"rendered":"https:\/\/www.blogdopaulonunes.com\/v5\/?p=126942"},"modified":"2025-12-16T12:40:03","modified_gmt":"2025-12-16T15:40:03","slug":"feira-de-economia-solidaria-movimenta-comercio-conquistense-ate-o-dia-24","status":"publish","type":"post","link":"https:\/\/www.blogdopaulonunes.com\/v5\/index.php\/2025\/12\/16\/feira-de-economia-solidaria-movimenta-comercio-conquistense-ate-o-dia-24\/","title":{"rendered":"Feira de Economia Solid\u00e1ria movimenta com\u00e9rcio conquistense at\u00e9 o dia 24"},"content":{"rendered":"<p align=\"justify\">Com a proximidade do Natal e a procura por decora\u00e7\u00f5es e presentes, uma das alternativas \u00e9 a Feira de Economia Solid\u00e1ria, realizada pela Secretaria Municipal de Desenvolvimento Econ\u00f4mico (SMDE), na\u00a0 Travessa Lauro de Freitas. Este ano, a feira segue at\u00e9 o dia 24 de dezembro, v\u00e9spera de Natal, com uma grande diversidade de artigos e artesanato produzidos por empreendedores da Economia Solid\u00e1ria (Ecosol). O objetivo \u00e9 potencializar as vendas desses produtos.<\/p>\n<div id=\"attachment_436836\" class=\"wp-caption aligncenter\">\n<p id=\"caption-attachment-436836\" class=\"wp-caption-text\">Feira da Economia Solid\u00e1ria<\/p>\n<\/div>\n<p align=\"justify\">Artes\u00e3 da Ecosol h\u00e1 mais de 20 anos, Janete Fontes relatou a expectativa para as vendas desse ano e avaliou positivamente a oportunidade: \u201cA expectativa \u00e9 sempre alta, espero que seja a semana chave pra vender e se algu\u00e9m quer um presente diferenciado, aqui \u00e9 o local certo. \u00c9 muito importante para a gente estar aqui, quando a gente vem para o centro \u00e9 mais uma oportunidade de complementar a nossa renda, vendendo as nossas artes\u201d, disse.<\/p>\n<div id=\"gallery-5\" class=\"gallery galleryid-436855 gallery-columns-3 gallery-size-large\">\n<dl class=\"gallery-item\">\n<dt class=\"gallery-icon landscape\"><a class=\"cboxElement\" href=\"https:\/\/www.pmvc.ba.gov.br\/wp-content\/uploads\/Feira-de-Artesanato-15-12-2025-6.jpg\"><img loading=\"lazy\" class=\"attachment-large size-large colorbox-436855 \" src=\"https:\/\/www.pmvc.ba.gov.br\/wp-content\/uploads\/Feira-de-Artesanato-15-12-2025-6-1024x680.jpg\" sizes=\"(max-width: 1024px) 100vw, 1024px\" srcset=\"https:\/\/www.pmvc.ba.gov.br\/wp-content\/uploads\/Feira-de-Artesanato-15-12-2025-6-1024x680.jpg 1024w, https:\/\/www.pmvc.ba.gov.br\/wp-content\/uploads\/Feira-de-Artesanato-15-12-2025-6-200x133.jpg 200w, https:\/\/www.pmvc.ba.gov.br\/wp-content\/uploads\/Feira-de-Artesanato-15-12-2025-6-474x315.jpg 474w, https:\/\/www.pmvc.ba.gov.br\/wp-content\/uploads\/Feira-de-Artesanato-15-12-2025-6-768x511.jpg 768w, https:\/\/www.pmvc.ba.gov.br\/wp-content\/uploads\/Feira-de-Artesanato-15-12-2025-6-680x452.jpg 680w, https:\/\/www.pmvc.ba.gov.br\/wp-content\/uploads\/Feira-de-Artesanato-15-12-2025-6.jpg 1200w\" alt=\"\" width=\"1024\" height=\"680\" aria-describedby=\"gallery-5-436825\" \/><\/a><\/dt>\n<dd id=\"gallery-5-436825\" class=\"wp-caption-text gallery-caption\">Janete<\/dd>\n<\/dl>\n<dl class=\"gallery-item\">\n<dt class=\"gallery-icon landscape\"><a class=\"cboxElement\" href=\"https:\/\/www.pmvc.ba.gov.br\/wp-content\/uploads\/Feira-de-Artesanato-15-12-2025-11.jpg\"><img loading=\"lazy\" class=\"attachment-large size-large colorbox-436855 \" src=\"https:\/\/www.pmvc.ba.gov.br\/wp-content\/uploads\/Feira-de-Artesanato-15-12-2025-11-1024x680.jpg\" sizes=\"(max-width: 1024px) 100vw, 1024px\" srcset=\"https:\/\/www.pmvc.ba.gov.br\/wp-content\/uploads\/Feira-de-Artesanato-15-12-2025-11-1024x680.jpg 1024w, https:\/\/www.pmvc.ba.gov.br\/wp-content\/uploads\/Feira-de-Artesanato-15-12-2025-11-200x133.jpg 200w, https:\/\/www.pmvc.ba.gov.br\/wp-content\/uploads\/Feira-de-Artesanato-15-12-2025-11-474x315.jpg 474w, https:\/\/www.pmvc.ba.gov.br\/wp-content\/uploads\/Feira-de-Artesanato-15-12-2025-11-768x511.jpg 768w, https:\/\/www.pmvc.ba.gov.br\/wp-content\/uploads\/Feira-de-Artesanato-15-12-2025-11-680x452.jpg 680w, https:\/\/www.pmvc.ba.gov.br\/wp-content\/uploads\/Feira-de-Artesanato-15-12-2025-11.jpg 1200w\" alt=\"\" width=\"1024\" height=\"680\" aria-describedby=\"gallery-5-436830\" \/><\/a><\/dt>\n<dd id=\"gallery-5-436830\" class=\"wp-caption-text gallery-caption\">Aidil<\/dd>\n<\/dl>\n<dl class=\"gallery-item\">\n<dt class=\"gallery-icon landscape\"><a class=\"cboxElement\" href=\"https:\/\/www.pmvc.ba.gov.br\/wp-content\/uploads\/WhatsApp-Image-2025-12-15-at-16.06.00-1-e1765830559131.jpeg\"><img loading=\"lazy\" class=\"attachment-large size-large colorbox-436855 \" src=\"https:\/\/www.pmvc.ba.gov.br\/wp-content\/uploads\/WhatsApp-Image-2025-12-15-at-16.06.00-1-e1765830559131-1024x678.jpeg\" sizes=\"(max-width: 1024px) 100vw, 1024px\" srcset=\"https:\/\/www.pmvc.ba.gov.br\/wp-content\/uploads\/WhatsApp-Image-2025-12-15-at-16.06.00-1-e1765830559131-1024x678.jpeg 1024w, https:\/\/www.pmvc.ba.gov.br\/wp-content\/uploads\/WhatsApp-Image-2025-12-15-at-16.06.00-1-e1765830559131-200x133.jpeg 200w, https:\/\/www.pmvc.ba.gov.br\/wp-content\/uploads\/WhatsApp-Image-2025-12-15-at-16.06.00-1-e1765830559131-475x315.jpeg 475w, https:\/\/www.pmvc.ba.gov.br\/wp-content\/uploads\/WhatsApp-Image-2025-12-15-at-16.06.00-1-e1765830559131-768x509.jpeg 768w, https:\/\/www.pmvc.ba.gov.br\/wp-content\/uploads\/WhatsApp-Image-2025-12-15-at-16.06.00-1-e1765830559131-662x438.jpeg 662w, https:\/\/www.pmvc.ba.gov.br\/wp-content\/uploads\/WhatsApp-Image-2025-12-15-at-16.06.00-1-e1765830559131.jpeg 1280w\" alt=\"\" width=\"1024\" height=\"678\" aria-describedby=\"gallery-5-436857\" \/><\/a><\/dt>\n<dd id=\"gallery-5-436857\" class=\"wp-caption-text gallery-caption\">Lidiane<\/dd>\n<\/dl>\n<\/div>\n<p align=\"justify\">Cm produ\u00e7\u00e3o de artesanatos de material recicl\u00e1vel, Aidil Soares comemora o quinto ano como artes\u00e3 da Ecosol participando de mais uma Feira e destaca a qualidade dos produtos: \u201cTemos artesanatos e artes, muitas variedades, somos conquistenses e sabemos fazer muitas coisas. Todos os anos vale a pena, caso n\u00e3o, ningu\u00e9m voltaria. Venham conhecer, vai ser um prazer atend\u00ea-los\u201d, concluiu.<\/p>\n<p align=\"justify\">Lidiane Dias veio de Salinas, em Minas Gerais, para fazer compras para o fim de ano e passear com a fam\u00edlia. \u201c\u00c9 tudo lindo, cada coisa mais linda que a outra. Minha fam\u00edlia j\u00e1 pediu v\u00e1rios presentes. Vou olhar tudo, s\u00e3o tantas oportunidades, e depois voltar comprando tudo que quero\u201d.<\/p>\n<div id=\"gallery-6\" class=\"gallery galleryid-436855 gallery-columns-3 gallery-size-large\">\n<dl class=\"gallery-item\">\n<dt class=\"gallery-icon landscape\"><a class=\"cboxElement\" href=\"https:\/\/www.pmvc.ba.gov.br\/wp-content\/uploads\/Feira-de-Artesanato-15-12-2025-22.jpg\"><img loading=\"lazy\" class=\"attachment-large size-large colorbox-436855 \" src=\"https:\/\/www.pmvc.ba.gov.br\/wp-content\/uploads\/Feira-de-Artesanato-15-12-2025-22-1020x680.jpg\" sizes=\"(max-width: 1020px) 100vw, 1020px\" srcset=\"https:\/\/www.pmvc.ba.gov.br\/wp-content\/uploads\/Feira-de-Artesanato-15-12-2025-22-1020x680.jpg 1020w, https:\/\/www.pmvc.ba.gov.br\/wp-content\/uploads\/Feira-de-Artesanato-15-12-2025-22-200x133.jpg 200w, https:\/\/www.pmvc.ba.gov.br\/wp-content\/uploads\/Feira-de-Artesanato-15-12-2025-22-473x315.jpg 473w, https:\/\/www.pmvc.ba.gov.br\/wp-content\/uploads\/Feira-de-Artesanato-15-12-2025-22-768x512.jpg 768w, https:\/\/www.pmvc.ba.gov.br\/wp-content\/uploads\/Feira-de-Artesanato-15-12-2025-22-680x452.jpg 680w, https:\/\/www.pmvc.ba.gov.br\/wp-content\/uploads\/Feira-de-Artesanato-15-12-2025-22.jpg 1200w\" alt=\"\" width=\"1020\" height=\"680\" \/><\/a><\/dt>\n<\/dl>\n<dl class=\"gallery-item\">\n<dt class=\"gallery-icon landscape\"><a class=\"cboxElement\" href=\"https:\/\/www.pmvc.ba.gov.br\/wp-content\/uploads\/Feira-de-Artesanato-15-12-2025-9.jpg\"><img loading=\"lazy\" class=\"attachment-large size-large colorbox-436855 \" src=\"https:\/\/www.pmvc.ba.gov.br\/wp-content\/uploads\/Feira-de-Artesanato-15-12-2025-9-1024x680.jpg\" sizes=\"(max-width: 1024px) 100vw, 1024px\" srcset=\"https:\/\/www.pmvc.ba.gov.br\/wp-content\/uploads\/Feira-de-Artesanato-15-12-2025-9-1024x680.jpg 1024w, https:\/\/www.pmvc.ba.gov.br\/wp-content\/uploads\/Feira-de-Artesanato-15-12-2025-9-200x133.jpg 200w, https:\/\/www.pmvc.ba.gov.br\/wp-content\/uploads\/Feira-de-Artesanato-15-12-2025-9-474x315.jpg 474w, https:\/\/www.pmvc.ba.gov.br\/wp-content\/uploads\/Feira-de-Artesanato-15-12-2025-9-768x511.jpg 768w, https:\/\/www.pmvc.ba.gov.br\/wp-content\/uploads\/Feira-de-Artesanato-15-12-2025-9-680x452.jpg 680w, https:\/\/www.pmvc.ba.gov.br\/wp-content\/uploads\/Feira-de-Artesanato-15-12-2025-9.jpg 1200w\" alt=\"\" width=\"1024\" height=\"680\" \/><\/a><\/dt>\n<\/dl>\n<dl class=\"gallery-item\">\n<dt class=\"gallery-icon landscape\"><a class=\"cboxElement\" href=\"https:\/\/www.pmvc.ba.gov.br\/wp-content\/uploads\/Feira-de-Artesanato-15-12-2025-13.jpg\"><img loading=\"lazy\" class=\"attachment-large size-large colorbox-436855 \" src=\"https:\/\/www.pmvc.ba.gov.br\/wp-content\/uploads\/Feira-de-Artesanato-15-12-2025-13-1024x680.jpg\" sizes=\"(max-width: 1024px) 100vw, 1024px\" srcset=\"https:\/\/www.pmvc.ba.gov.br\/wp-content\/uploads\/Feira-de-Artesanato-15-12-2025-13-1024x680.jpg 1024w, https:\/\/www.pmvc.ba.gov.br\/wp-content\/uploads\/Feira-de-Artesanato-15-12-2025-13-200x133.jpg 200w, https:\/\/www.pmvc.ba.gov.br\/wp-content\/uploads\/Feira-de-Artesanato-15-12-2025-13-474x315.jpg 474w, https:\/\/www.pmvc.ba.gov.br\/wp-content\/uploads\/Feira-de-Artesanato-15-12-2025-13-768x511.jpg 768w, https:\/\/www.pmvc.ba.gov.br\/wp-content\/uploads\/Feira-de-Artesanato-15-12-2025-13-680x452.jpg 680w, https:\/\/www.pmvc.ba.gov.br\/wp-content\/uploads\/Feira-de-Artesanato-15-12-2025-13.jpg 1200w\" alt=\"\" width=\"1024\" height=\"680\" \/><\/a><\/dt>\n<\/dl>\n<\/div>\n<div id=\"gallery-7\" class=\"gallery galleryid-436855 gallery-columns-3 gallery-size-large\">\n<dl class=\"gallery-item\">\n<dt class=\"gallery-icon landscape\"><a class=\"cboxElement\" href=\"https:\/\/www.pmvc.ba.gov.br\/wp-content\/uploads\/Feira-de-Artesanato-15-12-2025-5.jpg\"><img loading=\"lazy\" class=\"attachment-large size-large colorbox-436855 \" src=\"https:\/\/www.pmvc.ba.gov.br\/wp-content\/uploads\/Feira-de-Artesanato-15-12-2025-5-1024x680.jpg\" sizes=\"(max-width: 1024px) 100vw, 1024px\" srcset=\"https:\/\/www.pmvc.ba.gov.br\/wp-content\/uploads\/Feira-de-Artesanato-15-12-2025-5-1024x680.jpg 1024w, https:\/\/www.pmvc.ba.gov.br\/wp-content\/uploads\/Feira-de-Artesanato-15-12-2025-5-200x133.jpg 200w, https:\/\/www.pmvc.ba.gov.br\/wp-content\/uploads\/Feira-de-Artesanato-15-12-2025-5-474x315.jpg 474w, https:\/\/www.pmvc.ba.gov.br\/wp-content\/uploads\/Feira-de-Artesanato-15-12-2025-5-768x511.jpg 768w, https:\/\/www.pmvc.ba.gov.br\/wp-content\/uploads\/Feira-de-Artesanato-15-12-2025-5-680x452.jpg 680w, https:\/\/www.pmvc.ba.gov.br\/wp-content\/uploads\/Feira-de-Artesanato-15-12-2025-5.jpg 1200w\" alt=\"\" width=\"1024\" height=\"680\" \/><\/a><\/dt>\n<\/dl>\n<dl class=\"gallery-item\">\n<dt class=\"gallery-icon landscape\"><a class=\"cboxElement\" href=\"https:\/\/www.pmvc.ba.gov.br\/wp-content\/uploads\/WhatsApp-Image-2025-12-15-at-16.06.00-e1765830669593.jpeg\"><img loading=\"lazy\" class=\"attachment-large size-large colorbox-436855 \" src=\"https:\/\/www.pmvc.ba.gov.br\/wp-content\/uploads\/WhatsApp-Image-2025-12-15-at-16.06.00-e1765830669593-1024x678.jpeg\" sizes=\"(max-width: 1024px) 100vw, 1024px\" srcset=\"https:\/\/www.pmvc.ba.gov.br\/wp-content\/uploads\/WhatsApp-Image-2025-12-15-at-16.06.00-e1765830669593-1024x678.jpeg 1024w, https:\/\/www.pmvc.ba.gov.br\/wp-content\/uploads\/WhatsApp-Image-2025-12-15-at-16.06.00-e1765830669593-200x133.jpeg 200w, https:\/\/www.pmvc.ba.gov.br\/wp-content\/uploads\/WhatsApp-Image-2025-12-15-at-16.06.00-e1765830669593-475x315.jpeg 475w, https:\/\/www.pmvc.ba.gov.br\/wp-content\/uploads\/WhatsApp-Image-2025-12-15-at-16.06.00-e1765830669593-768x509.jpeg 768w, https:\/\/www.pmvc.ba.gov.br\/wp-content\/uploads\/WhatsApp-Image-2025-12-15-at-16.06.00-e1765830669593-662x438.jpeg 662w, https:\/\/www.pmvc.ba.gov.br\/wp-content\/uploads\/WhatsApp-Image-2025-12-15-at-16.06.00-e1765830669593.jpeg 1280w\" alt=\"\" width=\"1024\" height=\"678\" \/><\/a><\/dt>\n<\/dl>\n<dl class=\"gallery-item\">\n<dt class=\"gallery-icon landscape\"><a class=\"cboxElement\" href=\"https:\/\/www.pmvc.ba.gov.br\/wp-content\/uploads\/Feira-de-Artesanato-15-12-2025-14.jpg\"><img loading=\"lazy\" class=\"attachment-large size-large colorbox-436855 \" src=\"https:\/\/www.pmvc.ba.gov.br\/wp-content\/uploads\/Feira-de-Artesanato-15-12-2025-14-1024x680.jpg\" sizes=\"(max-width: 1024px) 100vw, 1024px\" srcset=\"https:\/\/www.pmvc.ba.gov.br\/wp-content\/uploads\/Feira-de-Artesanato-15-12-2025-14-1024x680.jpg 1024w, https:\/\/www.pmvc.ba.gov.br\/wp-content\/uploads\/Feira-de-Artesanato-15-12-2025-14-200x133.jpg 200w, https:\/\/www.pmvc.ba.gov.br\/wp-content\/uploads\/Feira-de-Artesanato-15-12-2025-14-474x315.jpg 474w, https:\/\/www.pmvc.ba.gov.br\/wp-content\/uploads\/Feira-de-Artesanato-15-12-2025-14-768x511.jpg 768w, https:\/\/www.pmvc.ba.gov.br\/wp-content\/uploads\/Feira-de-Artesanato-15-12-2025-14-680x452.jpg 680w, https:\/\/www.pmvc.ba.gov.br\/wp-content\/uploads\/Feira-de-Artesanato-15-12-2025-14.jpg 1200w\" alt=\"\" width=\"1024\" height=\"680\" \/><\/a><\/dt>\n<\/dl>\n<\/div>\n<div id=\"gallery-8\" class=\"gallery galleryid-436855 gallery-columns-3 gallery-size-large\">\n<dl class=\"gallery-item\">\n<dt class=\"gallery-icon landscape\"><a class=\"cboxElement\" href=\"https:\/\/www.pmvc.ba.gov.br\/wp-content\/uploads\/Feira-de-Artesanato-15-12-2025-15.jpg\"><img loading=\"lazy\" class=\"attachment-large size-large colorbox-436855 \" src=\"https:\/\/www.pmvc.ba.gov.br\/wp-content\/uploads\/Feira-de-Artesanato-15-12-2025-15-1024x680.jpg\" sizes=\"(max-width: 1024px) 100vw, 1024px\" srcset=\"https:\/\/www.pmvc.ba.gov.br\/wp-content\/uploads\/Feira-de-Artesanato-15-12-2025-15-1024x680.jpg 1024w, https:\/\/www.pmvc.ba.gov.br\/wp-content\/uploads\/Feira-de-Artesanato-15-12-2025-15-200x133.jpg 200w, https:\/\/www.pmvc.ba.gov.br\/wp-content\/uploads\/Feira-de-Artesanato-15-12-2025-15-474x315.jpg 474w, https:\/\/www.pmvc.ba.gov.br\/wp-content\/uploads\/Feira-de-Artesanato-15-12-2025-15-768x511.jpg 768w, https:\/\/www.pmvc.ba.gov.br\/wp-content\/uploads\/Feira-de-Artesanato-15-12-2025-15-680x452.jpg 680w, https:\/\/www.pmvc.ba.gov.br\/wp-content\/uploads\/Feira-de-Artesanato-15-12-2025-15.jpg 1200w\" alt=\"\" width=\"1024\" height=\"680\" \/><\/a><\/dt>\n<\/dl>\n<dl class=\"gallery-item\">\n<dt class=\"gallery-icon landscape\"><a class=\"cboxElement\" href=\"https:\/\/www.pmvc.ba.gov.br\/wp-content\/uploads\/Feira-de-Artesanato-15-12-2025-8.jpg\"><img loading=\"lazy\" class=\"attachment-large size-large colorbox-436855 \" src=\"https:\/\/www.pmvc.ba.gov.br\/wp-content\/uploads\/Feira-de-Artesanato-15-12-2025-8-1024x680.jpg\" sizes=\"(max-width: 1024px) 100vw, 1024px\" srcset=\"https:\/\/www.pmvc.ba.gov.br\/wp-content\/uploads\/Feira-de-Artesanato-15-12-2025-8-1024x680.jpg 1024w, https:\/\/www.pmvc.ba.gov.br\/wp-content\/uploads\/Feira-de-Artesanato-15-12-2025-8-200x133.jpg 200w, https:\/\/www.pmvc.ba.gov.br\/wp-content\/uploads\/Feira-de-Artesanato-15-12-2025-8-474x315.jpg 474w, https:\/\/www.pmvc.ba.gov.br\/wp-content\/uploads\/Feira-de-Artesanato-15-12-2025-8-768x511.jpg 768w, https:\/\/www.pmvc.ba.gov.br\/wp-content\/uploads\/Feira-de-Artesanato-15-12-2025-8-680x452.jpg 680w, https:\/\/www.pmvc.ba.gov.br\/wp-content\/uploads\/Feira-de-Artesanato-15-12-2025-8.jpg 1200w\" alt=\"\" width=\"1024\" height=\"680\" \/><\/a><\/dt>\n<\/dl>\n<dl class=\"gallery-item\">\n<dt class=\"gallery-icon landscape\"><a class=\"cboxElement\" href=\"https:\/\/www.pmvc.ba.gov.br\/wp-content\/uploads\/Feira-de-Artesanato-15-12-2025-4.jpg\"><img loading=\"lazy\" class=\"attachment-large size-large colorbox-436855 \" src=\"https:\/\/www.pmvc.ba.gov.br\/wp-content\/uploads\/Feira-de-Artesanato-15-12-2025-4-1024x680.jpg\" sizes=\"(max-width: 1024px) 100vw, 1024px\" srcset=\"https:\/\/www.pmvc.ba.gov.br\/wp-content\/uploads\/Feira-de-Artesanato-15-12-2025-4-1024x680.jpg 1024w, https:\/\/www.pmvc.ba.gov.br\/wp-content\/uploads\/Feira-de-Artesanato-15-12-2025-4-200x133.jpg 200w, https:\/\/www.pmvc.ba.gov.br\/wp-content\/uploads\/Feira-de-Artesanato-15-12-2025-4-474x315.jpg 474w, https:\/\/www.pmvc.ba.gov.br\/wp-content\/uploads\/Feira-de-Artesanato-15-12-2025-4-768x511.jpg 768w, https:\/\/www.pmvc.ba.gov.br\/wp-content\/uploads\/Feira-de-Artesanato-15-12-2025-4-680x452.jpg 680w, https:\/\/www.pmvc.ba.gov.br\/wp-content\/uploads\/Feira-de-Artesanato-15-12-2025-4.jpg 1200w\" alt=\"\" width=\"1024\" height=\"680\" \/><\/a><\/dt>\n<\/dl>\n<\/div>\n<div class=\"ssba-classic-2 ssba ssbp-wrap left ssbp--theme-1\"><\/div>\n","protected":false},"excerpt":{"rendered":"<p>Com a proximidade do Natal e a procura por decora\u00e7\u00f5es e presentes, uma das alternativas \u00e9 a Feira de Economia Solid\u00e1ria, realizada pela Secretaria Municipal de Desenvolvimento Econ\u00f4mico (SMDE), na\u00a0 Travessa Lauro de Freitas. Este ano, a feira segue at\u00e9 o dia 24 de dezembro, v\u00e9spera de Natal, com uma grande diversidade de artigos e [&hellip;]<\/p>\n","protected":false},"author":2,"featured_media":126943,"comment_status":"open","ping_status":"open","sticky":false,"template":"","format":"standard","meta":[],"categories":[81,71],"tags":[7335],"_links":{"self":[{"href":"https:\/\/www.blogdopaulonunes.com\/v5\/index.php\/wp-json\/wp\/v2\/posts\/126942"}],"collection":[{"href":"https:\/\/www.blogdopaulonunes.com\/v5\/index.php\/wp-json\/wp\/v2\/posts"}],"about":[{"href":"https:\/\/www.blogdopaulonunes.com\/v5\/index.php\/wp-json\/wp\/v2\/types\/post"}],"author":[{"embeddable":true,"href":"https:\/\/www.blogdopaulonunes.com\/v5\/index.php\/wp-json\/wp\/v2\/users\/2"}],"replies":[{"embeddable":true,"href":"https:\/\/www.blogdopaulonunes.com\/v5\/index.php\/wp-json\/wp\/v2\/comments?post=126942"}],"version-history":[{"count":1,"href":"https:\/\/www.blogdopaulonunes.com\/v5\/index.php\/wp-json\/wp\/v2\/posts\/126942\/revisions"}],"predecessor-version":[{"id":126944,"href":"https:\/\/www.blogdopaulonunes.com\/v5\/index.php\/wp-json\/wp\/v2\/posts\/126942\/revisions\/126944"}],"wp:featuredmedia":[{"embeddable":true,"href":"https:\/\/www.blogdopaulonunes.com\/v5\/index.php\/wp-json\/wp\/v2\/media\/126943"}],"wp:attachment":[{"href":"https:\/\/www.blogdopaulonunes.com\/v5\/index.php\/wp-json\/wp\/v2\/media?parent=126942"}],"wp:term":[{"taxonomy":"category","embeddable":true,"href":"https:\/\/www.blogdopaulonunes.com\/v5\/index.php\/wp-json\/wp\/v2\/categories?post=126942"},{"taxonomy":"post_tag","embeddable":true,"href":"https:\/\/www.blogdopaulonunes.com\/v5\/index.php\/wp-json\/wp\/v2\/tags?post=126942"}],"curies":[{"name":"wp","href":"https:\/\/api.w.org\/{rel}","templated":true}]}}