{"id":126920,"date":"2025-12-15T12:41:49","date_gmt":"2025-12-15T15:41:49","guid":{"rendered":"https:\/\/www.blogdopaulonunes.com\/v5\/?p=126920"},"modified":"2025-12-15T12:41:49","modified_gmt":"2025-12-15T15:41:49","slug":"renuncia-de-zambelli-foi-estrategica-diz-pl-inelegibilidade-continua","status":"publish","type":"post","link":"https:\/\/www.blogdopaulonunes.com\/v5\/index.php\/2025\/12\/15\/renuncia-de-zambelli-foi-estrategica-diz-pl-inelegibilidade-continua\/","title":{"rendered":"Ren\u00fancia de Zambelli foi estrat\u00e9gica, diz PL; inelegibilidade continua"},"content":{"rendered":"<p style=\"text-align: justify;\"><strong>Segundo S\u00f3stenes, decis\u00e3o tem como objetivo evitar a extradi\u00e7\u00e3o para o Brasil. Mesmo com a ren\u00fancia, Zambelli segue condenada, com direitos pol\u00edticos suspensos e impedida de disputar elei\u00e7\u00f5es.<\/strong><\/p>\n<div class=\"asset__content leitura-materia-114871\">\n<div class=\"html-content\">\n<p style=\"text-align: justify;\">A\u00a0<a href=\"https:\/\/www.congressoemfoco.com.br\/noticia\/114863\/carla-zambelli-renuncia-apos-stf-decidir-por-perda-do-mandato\" target=\"_blank\" rel=\"noopener\">ren\u00fancia\u00a0<\/a>da deputada\u00a0<a class=\"parlLink ignore-hover\" href=\"https:\/\/radar.congressoemfoco.com.br\/parlamentar\/1204507\/perfil?_gl=1*zbewtq*_ga*MTAyMzUzOTQ2OC4xNzU3OTMxNTg4*_ga_V46CYWTD2Z*czE3NjU3OTYwMzIkbzIwNSRnMSR0MTc2NTc5NzAwNiRqNTUkbDAkaDA.\" target=\"_blank\" rel=\"noopener\">Carla Zambelli\u00a0<\/a>(PL-SP), formalizada na tarde de domingo (14), foi uma decis\u00e3o planejada e discutida previamente com aliados e advogados, segundo afirmou o l\u00edder do PL na C\u00e2mara,\u00a0<a class=\"parlLink ignore-hover\" href=\"https:\/\/radar.congressoemfoco.com.br\/parlamentar\/1178947\/perfil\" target=\"_blank\" rel=\"noopener\">S\u00f3stenes Cavalcante<\/a>\u00a0(RJ). De acordo com ele, a medida j\u00e1 vinha sendo avaliada antes mesmo da vota\u00e7\u00e3o no Plen\u00e1rio que, na madrugada de quinta-feira (11), rejeitou a cassa\u00e7\u00e3o do mandato da parlamentar. Mesmo com a ren\u00fancia, a ex-deputada, atualmente presa na It\u00e1lia, continua ineleg\u00edvel.<\/p>\n<p style=\"text-align: justify;\">Diante de uma sequ\u00eancia de derrotas judiciais, com duas condena\u00e7\u00f5es na Justi\u00e7a, da pris\u00e3o na Europa e do risco de extradi\u00e7\u00e3o ao Brasil, a avalia\u00e7\u00e3o do entorno de Zambelli foi a de adotar uma estrat\u00e9gia voltada \u00e0 redu\u00e7\u00e3o de danos. O objetivo central, segundo aliados, \u00e9 fortalecer a defesa da ex-deputada perante a Justi\u00e7a italiana, ainda que isso signifique abrir m\u00e3o do mandato.<\/p>\n<p>&nbsp;<\/p>\n<p><img loading=\"lazy\" title=\"S\u00f3stenes comentou a ren\u00fancia de Zambelli: \" src=\"https:\/\/static.congressoemfoco.com.br\/CONG_MATERIA\/2025\/12\/15\/0d18e3_CONG_MATERIA_MANUAL_Capturadetela20251215080550.png\" alt=\"S\u00f3stenes comentou a ren\u00fancia de Zambelli: \" width=\"800\" height=\"450\" \/><\/p>\n<div class=\"img-info\"><span class=\"img-legenda\">S\u00f3stenes comentou a ren\u00fancia de Zambelli: &#8220;Estrat\u00e9gica&#8221;.<\/span><span class=\"img-credito\">Reprodu\u00e7\u00e3o\/X<\/span><\/div>\n<p>&nbsp;<\/p>\n<p><strong>Inelegibilidade<\/strong><\/p>\n<p style=\"text-align: justify;\">O plano, conforme pessoas pr\u00f3ximas \u00e0 parlamentar, passa por tentar obter autoriza\u00e7\u00e3o para deixar a pris\u00e3o na It\u00e1lia e, em seguida, utilizar esse novo status jur\u00eddico para contestar o pedido de extradi\u00e7\u00e3o apresentado pelo governo brasileiro. A leitura do grupo \u00e9 que h\u00e1 diferen\u00e7a entre responder ao processo como parlamentar cassada ou como algu\u00e9m que renunciou ao cargo.<\/p>\n<p style=\"text-align: justify;\">Em nota divulgada nas redes sociais, S\u00f3stenes Cavalcante afirmou que a ren\u00fancia &#8220;n\u00e3o foi improvisada nem emocional&#8221;, mas uma decis\u00e3o estrat\u00e9gica diante do que classificou como avan\u00e7o do STF sobre garantias constitucionais.<\/p>\n<p style=\"text-align: justify;\">Apesar da estrat\u00e9gia pol\u00edtica e jur\u00eddica, a ren\u00fancia n\u00e3o altera a situa\u00e7\u00e3o eleitoral da ex-deputada. Zambelli foi condenada pelo STF a dez anos de pris\u00e3o no caso da invas\u00e3o cibern\u00e9tica ao sistema do Conselho Nacional de Justi\u00e7a (CNJ) e j\u00e1 acumula outra condena\u00e7\u00e3o criminal, por ter perseguido com arma de fogo um jornalista na v\u00e9spera do segundo turno das elei\u00e7\u00f5es de 2022. Somadas, as penas ultrapassam 15 anos de pris\u00e3o. Pela\u00a0<a href=\"https:\/\/www.congressoemfoco.com.br\/tag\/lei-da-ficha-limpa\" target=\"_blank\" rel=\"noopener\">Lei da Ficha Limpa<\/a>, a inelegibilidade de oito anos passa a contar ap\u00f3s o cumprimento da pena. Na pr\u00e1tica, Zambelli fica impedida de disputar elei\u00e7\u00f5es por at\u00e9 23 anos.<\/p>\n<p style=\"text-align: justify;\">Al\u00e9m disso, em janeiro, o Tribunal Regional Eleitoral de S\u00e3o Paulo (TRE-SP) cassou o mandato da parlamentar e a declarou ineleg\u00edvel por oito anos, contados a partir das elei\u00e7\u00f5es de 2022, por abuso de poder pol\u00edtico e uso indevido dos meios de comunica\u00e7\u00e3o. Ela recorreu ao Tribunal Superior Eleitoral (TSE), que ainda n\u00e3o julgou o caso.<\/p>\n<p style=\"text-align: justify;\">A sa\u00edda de Zambelli do mandato tamb\u00e9m encerrou o impasse institucional entre a C\u00e2mara dos Deputados e o STF. Ap\u00f3s a Casa rejeitar a perda do mandato, o Supremo anulou a vota\u00e7\u00e3o, ressaltando que a Constitui\u00e7\u00e3o determina a perda autom\u00e1tica do cargo em casos de condena\u00e7\u00e3o criminal transitada em julgado. Caberia ao presidente da C\u00e2mara apenas cumprir a decis\u00e3o e convocar o suplente \u2014 procedimento que acabou sendo evitado com a ren\u00fancia.<\/p>\n<p style=\"text-align: justify;\"><strong>Promessa de seguir na pol\u00edtica<\/strong><\/p>\n<p style=\"text-align: justify;\">Parlamentares de esquerda classificaram o gesto como uma manobra oportunista. Durante ato realizado na avenida Paulista, deputados e ministros do governo Lula afirmaram que a ren\u00fancia n\u00e3o impede os efeitos jur\u00eddicos das condena\u00e7\u00f5es nem preserva direitos pol\u00edticos.<\/p>\n<p style=\"text-align: justify;\">Mesmo ineleg\u00edvel, Zambelli sinalizou, em sua carta de ren\u00fancia, que pretende manter influ\u00eancia pol\u00edtica indireta. A estrat\u00e9gia discutida nos bastidores envolve lan\u00e7ar um familiar ou algu\u00e9m de sua confian\u00e7a como candidato nas pr\u00f3ximas elei\u00e7\u00f5es. Os nomes da m\u00e3e da ex-deputada e de um de seus advogados j\u00e1 foram mencionados.<\/p>\n<p style=\"text-align: justify;\">&#8220;A hist\u00f3ria registra: mandatos podem ser interrompidos; a vontade popular, jamais. Eu sigo viva, a verdade permanece, e o Brasil continuar\u00e1 a ouvir minha voz&#8221;, escreveu. &#8220;Este gesto n\u00e3o \u00e9 rendi\u00e7\u00e3o. \u00c9 registro hist\u00f3rico&#8221;, ressaltou.<\/p>\n<div class=\"inner-leiamais\">\n<div class=\"inner-text\">\n<p>&nbsp;<\/p>\n<\/div>\n<\/div>\n<\/div>\n<div id=\"parlTooltip\" class=\"ng-star-inserted\">\n<div class=\"parlTooltip-content\">\n<div class=\"parlTooltip-content-col-1\"><\/div>\n<div class=\"parlTooltip-content-col-2\">\n<div class=\"parlTooltip-content-bloco\">\n<div class=\"parlTooltip-titulo\">\n<p class=\"parlTooltip-nome\">\n<p class=\"parlTooltip-afiliacao\">\n<\/div>\n<\/div>\n<div class=\"parlTooltip-content-bloco\">\n<div class=\"parlTooltip-analises\"><\/div>\n<\/div>\n<\/div>\n<\/div>\n<\/div>\n<\/div>\n<div class=\"share share--bottom\"><\/div>\n","protected":false},"excerpt":{"rendered":"<p>Segundo S\u00f3stenes, decis\u00e3o tem como objetivo evitar a extradi\u00e7\u00e3o para o Brasil. Mesmo com a ren\u00fancia, Zambelli segue condenada, com direitos pol\u00edticos suspensos e impedida de disputar elei\u00e7\u00f5es. A\u00a0ren\u00fancia\u00a0da deputada\u00a0Carla Zambelli\u00a0(PL-SP), formalizada na tarde de domingo (14), foi uma decis\u00e3o planejada e discutida previamente com aliados e advogados, segundo afirmou o l\u00edder do PL na [&hellip;]<\/p>\n","protected":false},"author":2,"featured_media":122764,"comment_status":"open","ping_status":"open","sticky":false,"template":"","format":"standard","meta":[],"categories":[23,105],"tags":[3859,1933,7321,2653],"_links":{"self":[{"href":"https:\/\/www.blogdopaulonunes.com\/v5\/index.php\/wp-json\/wp\/v2\/posts\/126920"}],"collection":[{"href":"https:\/\/www.blogdopaulonunes.com\/v5\/index.php\/wp-json\/wp\/v2\/posts"}],"about":[{"href":"https:\/\/www.blogdopaulonunes.com\/v5\/index.php\/wp-json\/wp\/v2\/types\/post"}],"author":[{"embeddable":true,"href":"https:\/\/www.blogdopaulonunes.com\/v5\/index.php\/wp-json\/wp\/v2\/users\/2"}],"replies":[{"embeddable":true,"href":"https:\/\/www.blogdopaulonunes.com\/v5\/index.php\/wp-json\/wp\/v2\/comments?post=126920"}],"version-history":[{"count":1,"href":"https:\/\/www.blogdopaulonunes.com\/v5\/index.php\/wp-json\/wp\/v2\/posts\/126920\/revisions"}],"predecessor-version":[{"id":126921,"href":"https:\/\/www.blogdopaulonunes.com\/v5\/index.php\/wp-json\/wp\/v2\/posts\/126920\/revisions\/126921"}],"wp:featuredmedia":[{"embeddable":true,"href":"https:\/\/www.blogdopaulonunes.com\/v5\/index.php\/wp-json\/wp\/v2\/media\/122764"}],"wp:attachment":[{"href":"https:\/\/www.blogdopaulonunes.com\/v5\/index.php\/wp-json\/wp\/v2\/media?parent=126920"}],"wp:term":[{"taxonomy":"category","embeddable":true,"href":"https:\/\/www.blogdopaulonunes.com\/v5\/index.php\/wp-json\/wp\/v2\/categories?post=126920"},{"taxonomy":"post_tag","embeddable":true,"href":"https:\/\/www.blogdopaulonunes.com\/v5\/index.php\/wp-json\/wp\/v2\/tags?post=126920"}],"curies":[{"name":"wp","href":"https:\/\/api.w.org\/{rel}","templated":true}]}}