{"id":126727,"date":"2025-12-04T14:13:21","date_gmt":"2025-12-04T17:13:21","guid":{"rendered":"https:\/\/www.blogdopaulonunes.com\/v5\/?p=126727"},"modified":"2025-12-04T14:13:21","modified_gmt":"2025-12-04T17:13:21","slug":"camara-lanca-consulta-publica-sobre-aplicacao-dos-recursos-do-finisa-4","status":"publish","type":"post","link":"https:\/\/www.blogdopaulonunes.com\/v5\/index.php\/2025\/12\/04\/camara-lanca-consulta-publica-sobre-aplicacao-dos-recursos-do-finisa-4\/","title":{"rendered":"C\u00e2mara lan\u00e7a Consulta P\u00fablica sobre aplica\u00e7\u00e3o dos recursos do Finisa 4"},"content":{"rendered":"<p style=\"text-align: justify;\">Durante a sess\u00e3o ordin\u00e1ria desta quarta-feira (03), o presidente da C\u00e2mara Municipal de Vit\u00f3ria da Conquista, vereador Ivan Cordeiro, anunciou oficialmente a abertura de uma Consulta P\u00fablica que permitir\u00e1 aos cidad\u00e3os opinarem sobre o destino dos recursos do Finisa 4, caso o empr\u00e9stimo de R$ 400 milh\u00f5es seja aprovado pelo Legislativo.<\/p>\n<p style=\"text-align: justify;\">A iniciativa refor\u00e7a o compromisso da C\u00e2mara com a transpar\u00eancia, a participa\u00e7\u00e3o cidad\u00e3 e o di\u00e1logo permanente com a popula\u00e7\u00e3o. No site do Legislativo, os moradores podem acessar o banner da Consulta P\u00fablica e responder, de forma totalmente an\u00f4nima, a um question\u00e1rio r\u00e1pido que re\u00fane sugest\u00f5es e prioridades para a aplica\u00e7\u00e3o dos recursos.<\/p>\n<p style=\"text-align: justify;\">Segundo o presidente Ivan Cordeiro, ouvir a comunidade \u00e9 fundamental para assegurar que os recursos p\u00fablicos atendam, de fato, \u00e0s necessidades reais do munic\u00edpio.<\/p>\n<p style=\"text-align: justify;\">\u201cNingu\u00e9m melhor do que a popula\u00e7\u00e3o para direcionar estes recursos. Queremos saber quais \u00e1reas devem receber maior aten\u00e7\u00e3o: Sa\u00fade, Educa\u00e7\u00e3o, Saneamento B\u00e1sico, Mobilidade Urbana ou outras demandas essenciais\u201d, destacou.<\/p>\n<p style=\"text-align: justify;\">O formul\u00e1rio pergunta se o participante reside em Vit\u00f3ria da Conquista, qual \u00e9 seu bairro e, em seguida, apresenta uma lista de \u00e1reas priorit\u00e1rias para que cada pessoa escolha onde acredita que os investimentos devem ser concentrados. Tamb\u00e9m h\u00e1 dois campos abertos em que o cidad\u00e3o pode sugerir obras, a\u00e7\u00f5es espec\u00edficas para sua comunidade ou ainda registrar sua opini\u00e3o geral sobre o empr\u00e9stimo e o uso dos recursos.<\/p>\n<p style=\"text-align: justify;\">A Consulta P\u00fablica permanecer\u00e1 dispon\u00edvel at\u00e9 o dia da vota\u00e7\u00e3o do projeto na C\u00e2mara Municipal, garantindo amplo tempo para a participa\u00e7\u00e3o da sociedade conquistense.<\/p>\n<p>Acesse o formul\u00e1rio e participe:<\/p>\n<p><a href=\"https:\/\/docs.google.com\/forms\/d\/e\/1FAIpQLSeAO-vzf3VQuyf-QFOh_Ggkp68qzdjBUpTsh-i-gDb4bQnbAg\/viewform\" target=\"_blank\" rel=\"noopener\">Formul\u00e1rio<\/a><\/p>\n<p>Por Andr\u00e9a P\u00f3voas<\/p>\n<p><a href=\"https:\/\/www.camaravc.ba.gov.br\/home\/inicio\/1\">Outras not\u00edcias<\/a><\/p>\n","protected":false},"excerpt":{"rendered":"<p>Durante a sess\u00e3o ordin\u00e1ria desta quarta-feira (03), o presidente da C\u00e2mara Municipal de Vit\u00f3ria da Conquista, vereador Ivan Cordeiro, anunciou oficialmente a abertura de uma Consulta P\u00fablica que permitir\u00e1 aos cidad\u00e3os opinarem sobre o destino dos recursos do Finisa 4, caso o empr\u00e9stimo de R$ 400 milh\u00f5es seja aprovado pelo Legislativo. A iniciativa refor\u00e7a o [&hellip;]<\/p>\n","protected":false},"author":2,"featured_media":126728,"comment_status":"open","ping_status":"open","sticky":false,"template":"","format":"standard","meta":[],"categories":[81,105],"tags":[7258,6976,7259],"_links":{"self":[{"href":"https:\/\/www.blogdopaulonunes.com\/v5\/index.php\/wp-json\/wp\/v2\/posts\/126727"}],"collection":[{"href":"https:\/\/www.blogdopaulonunes.com\/v5\/index.php\/wp-json\/wp\/v2\/posts"}],"about":[{"href":"https:\/\/www.blogdopaulonunes.com\/v5\/index.php\/wp-json\/wp\/v2\/types\/post"}],"author":[{"embeddable":true,"href":"https:\/\/www.blogdopaulonunes.com\/v5\/index.php\/wp-json\/wp\/v2\/users\/2"}],"replies":[{"embeddable":true,"href":"https:\/\/www.blogdopaulonunes.com\/v5\/index.php\/wp-json\/wp\/v2\/comments?post=126727"}],"version-history":[{"count":1,"href":"https:\/\/www.blogdopaulonunes.com\/v5\/index.php\/wp-json\/wp\/v2\/posts\/126727\/revisions"}],"predecessor-version":[{"id":126729,"href":"https:\/\/www.blogdopaulonunes.com\/v5\/index.php\/wp-json\/wp\/v2\/posts\/126727\/revisions\/126729"}],"wp:featuredmedia":[{"embeddable":true,"href":"https:\/\/www.blogdopaulonunes.com\/v5\/index.php\/wp-json\/wp\/v2\/media\/126728"}],"wp:attachment":[{"href":"https:\/\/www.blogdopaulonunes.com\/v5\/index.php\/wp-json\/wp\/v2\/media?parent=126727"}],"wp:term":[{"taxonomy":"category","embeddable":true,"href":"https:\/\/www.blogdopaulonunes.com\/v5\/index.php\/wp-json\/wp\/v2\/categories?post=126727"},{"taxonomy":"post_tag","embeddable":true,"href":"https:\/\/www.blogdopaulonunes.com\/v5\/index.php\/wp-json\/wp\/v2\/tags?post=126727"}],"curies":[{"name":"wp","href":"https:\/\/api.w.org\/{rel}","templated":true}]}}