{"id":126694,"date":"2025-12-03T08:55:04","date_gmt":"2025-12-03T11:55:04","guid":{"rendered":"https:\/\/www.blogdopaulonunes.com\/v5\/?p=126694"},"modified":"2025-12-03T08:55:04","modified_gmt":"2025-12-03T11:55:04","slug":"michelle-expoe-ataques-de-ciro-a-bolsonaro-ladrao-e-quase-idiota","status":"publish","type":"post","link":"https:\/\/www.blogdopaulonunes.com\/v5\/index.php\/2025\/12\/03\/michelle-expoe-ataques-de-ciro-a-bolsonaro-ladrao-e-quase-idiota\/","title":{"rendered":"Michelle exp\u00f5e ataques de Ciro a Bolsonaro: &#8220;ladr\u00e3o&#8221; e &#8220;quase idiota&#8221;"},"content":{"rendered":"<h5 class=\"asset__summary\" style=\"text-align: justify;\">Para justificar posi\u00e7\u00e3o contr\u00e1ria a alian\u00e7a no Cear\u00e1, ex-primeira-dama relembra insultos proferidos por ex-presidenci\u00e1vel contra Bolsonaro e fam\u00edlia. Veja v\u00eddeo.<\/h5>\n<p style=\"text-align: justify;\">A rea\u00e7\u00e3o de\u00a0<a href=\"https:\/\/congressoemfoco.com.br\/tag\/michelle-bolsonaro\" target=\"_blank\" rel=\"noopener\">Michelle Bolsonaro<\/a>\u00a0\u00e0 aproxima\u00e7\u00e3o do PL com<a href=\"https:\/\/www.congressoemfoco.com.br\/tag\/ciro-gomes\" target=\"_blank\" rel=\"noopener\">\u00a0Ciro Gomes\u00a0<\/a>no Cear\u00e1 n\u00e3o surgiu do nada. Ao rejeitar o acordo, a ex-primeira-dama resgatou uma s\u00e9rie de falas antigas do ex-governador cearense para justificar sua posi\u00e7\u00e3o e exp\u00f4s uma\u00a0<a href=\"https:\/\/www.congressoemfoco.com.br\/noticia\/114392\/filhos-de-bolsonaro-rebatem-critica-de-michelle-a-alianca-com-ciro\" target=\"_blank\" rel=\"noopener\">divis\u00e3o no n\u00facleo familiar de Jair Bolsonaro<\/a>. O epis\u00f3dio desencadeou cr\u00edticas dos enteados e levou o senador Fl\u00e1vio Bolsonaro (PL-RJ) a\u00a0<a href=\"https:\/\/www.congressoemfoco.com.br\/noticia\/114423\/flavio-bolsonaro-diz-ter-pedido-desculpas-a-michelle-apos-criticas\" target=\"_blank\" rel=\"noopener\">pedir desculpas \u00e0 madrasta<\/a>, a quem chamara de &#8220;autorit\u00e1ria&#8221; no dia anterior.<\/p>\n<p style=\"text-align: justify;\">Na madrugada de ter\u00e7a-feira (2), Michelle publicou uma nota reafirmando seu posicionamento e, logo depois, compartilhou v\u00eddeos com ataques de Ciro a Jair Bolsonaro e a seus filhos. As imagens mostram que, ao longo dos \u00faltimos anos, o ex-presidenci\u00e1vel fez cr\u00edticas duras ao ent\u00e3o presidente e \u00e0 fam\u00edlia \u2014 exatamente o ponto que, para ela, torna inaceit\u00e1vel qualquer aproxima\u00e7\u00e3o do PL com o novo filiado ao PSDB.<\/p>\n<p style=\"text-align: justify;\">Veja os ataques em v\u00eddeos resgatados pela pr\u00f3pria Michelle:<\/p>\n<div class=\"iframe-video-wrapper\"><iframe loading=\"lazy\" title=\"Michelle exp\u00f5e ataques de Ciro a Bolsonaro: &quot;ladr\u00e3o&quot; e &quot;quase idiota&quot;\" src=\"https:\/\/www.youtube.com\/embed\/xYJ5XiZwUMU\" width=\"1236\" height=\"695\" frameborder=\"0\" allowfullscreen=\"allowfullscreen\" data-mce-fragment=\"1\"><\/iframe><\/div>\n<p style=\"text-align: justify;\">V\u00eddeos reunidos por Michelle incluem entrevistas em que Ciro chama Bolsonaro de &#8220;ladr\u00e3o de galinha&#8221;, &#8220;imitador do Trump&#8221;, &#8220;bo\u00e7al&#8221;, &#8220;genocida&#8221;, &#8220;corrupto&#8221; e &#8220;quase idiota&#8221;. Em v\u00e1rios trechos, ele tamb\u00e9m mira os filhos do ex-presidente, inclusive o senador Fl\u00e1vio Bolsonaro.<\/p>\n<p style=\"text-align: justify;\">Em uma das falas divulgadas, Ciro afirmou: &#8220;Roubar dinheiro de joia s\u00f3 mostra o n\u00edvel de degrada\u00e7\u00e3o, de avacalha\u00e7\u00e3o da lideran\u00e7a brasileira. Rachadinha, roubalheira, compra de im\u00f3veis em esp\u00e9cie. Tudo isso est\u00e1 indicando o n\u00edvel de ladr\u00e3o de galinha que n\u00f3s colocamos na presid\u00eancia da Rep\u00fablica Brasileira&#8221;.<\/p>\n<p style=\"text-align: justify;\">Em outro trecho, ele ataca diretamente Fl\u00e1vio Bolsonaro. &#8220;O Fl\u00e1vio comprou uma mans\u00e3o de R$ 6 milh\u00f5es em Bras\u00edlia, \u00e9 um ladr\u00e3o. Eu estou acusando ele de ser ladr\u00e3o. Me processa para ver se eu n\u00e3o provo&#8221;, declarou.<\/p>\n<p style=\"text-align: justify;\">Em fala mais ampla, Ciro estendeu as acusa\u00e7\u00f5es \u00e0 fam\u00edlia inteira. &#8220;O Bolsonaro \u00e9 ladr\u00e3o, os filhos s\u00e3o ladr\u00f5es, as ex-mulheres, tudo ladras.&#8221;<\/p>\n<p style=\"text-align: justify;\">Para Michelle, aceitar uma alian\u00e7a com Ciro \u00e9 ignorar anos de ataques ao marido e aos enteados e legitimar um advers\u00e1rio que sempre tratou o bolsonarismo como inimigo pessoal e pol\u00edtico.<\/p>\n<p style=\"text-align: justify;\"><strong>Por que Michelle n\u00e3o aceita a alian\u00e7a<\/strong><\/p>\n<p style=\"text-align: justify;\">Durante evento do PL no Cear\u00e1,<a href=\"https:\/\/www.congressoemfoco.com.br\/noticia\/114356\/michelle-critica-andre-fernandes-por-alianca-com-ciro-deputado-rebate\" target=\"_blank\" rel=\"noopener\">\u00a0ela deixou claro seu inc\u00f4modo<\/a>. &#8220;\u00c9 sobre essa alian\u00e7a que voc\u00eas precipitaram a fazer. Fazer alian\u00e7a com o homem que \u00e9 contra o maior l\u00edder da direita (Jair Bolsonaro), isso n\u00e3o d\u00e1. A pessoa continua falando que a fam\u00edlia \u00e9 de ladr\u00e3o, \u00e9 de bandido. Compara o presidente Bolsonaro a ladr\u00e3o de galinha. Ent\u00e3o, n\u00e3o tem como&#8221;, afirmou.<\/p>\n<p style=\"text-align: justify;\">A ex-primeira-dama tamb\u00e9m elogiou aliados locais, mas reprovou a articula\u00e7\u00e3o conduzida pelo deputado Andr\u00e9 Fernandes (PL-CE), presidente do partido no estado. &#8220;Adoro o Andr\u00e9 [&#8230;]. Tenho orgulho de voc\u00eas, mas fazer alian\u00e7a com o homem que \u00e9 contra o maior l\u00edder da direita, isso n\u00e3o d\u00e1. [&#8230;] Essa alian\u00e7a voc\u00eas se precipitaram em fazer&#8221;, declarou a primeira-dama.<\/p>\n<div class=\"iframe-video-wrapper\"><iframe loading=\"lazy\" title=\"Michelle Bolsonaro critica Andr\u00e9 Fernandes por alian\u00e7a com Ciro Gomes\" src=\"https:\/\/www.youtube.com\/embed\/AC-RrSji6p0\" width=\"800\" height=\"451\" frameborder=\"0\" allowfullscreen=\"allowfullscreen\" data-mce-fragment=\"1\"><\/iframe><\/div>\n<p>&nbsp;<\/p>\n<p style=\"text-align: justify;\">Fernandes rebateu dizendo que a movimenta\u00e7\u00e3o teria sido autorizada por Bolsonaro. &#8220;A esposa do ex-presidente Bolsonaro vem aqui e diz que fizemos a movimenta\u00e7\u00e3o errada, sendo que o pr\u00f3prio presidente [&#8230;] pediu para ligarmos para Ciro Gomes no viva-voz e ficou acertado que o apoiar\u00edamos&#8221;, disse o deputado cearense.<\/p>\n<p style=\"text-align: justify;\">A manifesta\u00e7\u00e3o de Michelle provocou rea\u00e7\u00e3o imediata dos filhos de Bolsonaro \u2014 Fl\u00e1vio, Carlos e Eduardo \u2014 que afirmaram que ela contrariou uma decis\u00e3o pol\u00edtica constru\u00edda com aval do ex-presidente, hoje preso na Superintend\u00eancia da Pol\u00edcia Federal.<\/p>\n<p>&nbsp;<\/p>\n<div class=\"iframe-video-wrapper\"><iframe loading=\"lazy\" title=\"Andr\u00e9 Fernandes rebate Michelle Bolsonaro, ap\u00f3s cr\u00edticas ao acordo com Ciro Gomes\" src=\"https:\/\/www.youtube.com\/embed\/nEbtfXy33gM\" width=\"800\" height=\"451\" frameborder=\"0\" allowfullscreen=\"allowfullscreen\" data-mce-fragment=\"1\"><\/iframe><\/div>\n<p>&nbsp;<\/p>\n<p><strong>A crise interna e a reconcilia\u00e7\u00e3o<\/strong><\/p>\n<p style=\"text-align: justify;\">Com o desgaste p\u00fablico, Michelle tentou arrefecer o conflito em sua nota. &#8220;Respeito a opini\u00e3o dos meus enteados, mas penso diferente e tenho o direito de expressar meus pensamentos com liberdade e sinceridade.&#8221; Horas depois, Fl\u00e1vio declarou que conversou com a madrasta e selou uma tr\u00e9gua: &#8220;J\u00e1 me resolvi com a Michelle, pedi desculpas a ela, ela tamb\u00e9m me pediu desculpas. [&#8230;] Vamos criar uma rotina de tomar decis\u00f5es em conjunto&#8221;. Segundo ele, o epis\u00f3dio &#8220;n\u00e3o vai se repetir&#8221;.<\/p>\n<p style=\"text-align: justify;\">A tens\u00e3o ocorre enquanto Ciro, rec\u00e9m-filiado ao PSDB, articula disputar o governo do Cear\u00e1 em 2026. O PL local tenta ampliar alian\u00e7as, movimento que parte da fam\u00edlia Bolsonaro interpreta como estrat\u00e9gia eleitoral, enquanto Michelle v\u00ea como concess\u00e3o moral inaceit\u00e1vel.<\/p>\n<p style=\"text-align: justify;\">Para ela, apoiar Ciro afronta a base bolsonarista e desconsidera ofensas que extrapolaram a disputa pol\u00edtica.<\/p>\n<p style=\"text-align: justify;\">A entrada de Ciro no PSDB reacendeu articula\u00e7\u00f5es no estado. Andr\u00e9 Fernandes celebrou a filia\u00e7\u00e3o e manifestou desejo de unir a oposi\u00e7\u00e3o contra o governador Elmano de Freitas (PT).<\/p>\n<p style=\"text-align: justify;\">Paralelamente, Michelle tem ampliado sua atua\u00e7\u00e3o pol\u00edtica e influenciado palanques estaduais, provocando reacomoda\u00e7\u00f5es em diret\u00f3rios do PL. Seu protagonismo crescente tem gerado inc\u00f4modo entre os filhos de Bolsonaro, que veem nas falas dela movimentos com impacto nacional para 2026.<\/p>\n","protected":false},"excerpt":{"rendered":"<p>Para justificar posi\u00e7\u00e3o contr\u00e1ria a alian\u00e7a no Cear\u00e1, ex-primeira-dama relembra insultos proferidos por ex-presidenci\u00e1vel contra Bolsonaro e fam\u00edlia. Veja v\u00eddeo. A rea\u00e7\u00e3o de\u00a0Michelle Bolsonaro\u00a0\u00e0 aproxima\u00e7\u00e3o do PL com\u00a0Ciro Gomes\u00a0no Cear\u00e1 n\u00e3o surgiu do nada. Ao rejeitar o acordo, a ex-primeira-dama resgatou uma s\u00e9rie de falas antigas do ex-governador cearense para justificar sua posi\u00e7\u00e3o e exp\u00f4s [&hellip;]<\/p>\n","protected":false},"author":2,"featured_media":126695,"comment_status":"open","ping_status":"open","sticky":false,"template":"","format":"standard","meta":[],"categories":[23,105],"tags":[7238,151,3741,341],"_links":{"self":[{"href":"https:\/\/www.blogdopaulonunes.com\/v5\/index.php\/wp-json\/wp\/v2\/posts\/126694"}],"collection":[{"href":"https:\/\/www.blogdopaulonunes.com\/v5\/index.php\/wp-json\/wp\/v2\/posts"}],"about":[{"href":"https:\/\/www.blogdopaulonunes.com\/v5\/index.php\/wp-json\/wp\/v2\/types\/post"}],"author":[{"embeddable":true,"href":"https:\/\/www.blogdopaulonunes.com\/v5\/index.php\/wp-json\/wp\/v2\/users\/2"}],"replies":[{"embeddable":true,"href":"https:\/\/www.blogdopaulonunes.com\/v5\/index.php\/wp-json\/wp\/v2\/comments?post=126694"}],"version-history":[{"count":1,"href":"https:\/\/www.blogdopaulonunes.com\/v5\/index.php\/wp-json\/wp\/v2\/posts\/126694\/revisions"}],"predecessor-version":[{"id":126696,"href":"https:\/\/www.blogdopaulonunes.com\/v5\/index.php\/wp-json\/wp\/v2\/posts\/126694\/revisions\/126696"}],"wp:featuredmedia":[{"embeddable":true,"href":"https:\/\/www.blogdopaulonunes.com\/v5\/index.php\/wp-json\/wp\/v2\/media\/126695"}],"wp:attachment":[{"href":"https:\/\/www.blogdopaulonunes.com\/v5\/index.php\/wp-json\/wp\/v2\/media?parent=126694"}],"wp:term":[{"taxonomy":"category","embeddable":true,"href":"https:\/\/www.blogdopaulonunes.com\/v5\/index.php\/wp-json\/wp\/v2\/categories?post=126694"},{"taxonomy":"post_tag","embeddable":true,"href":"https:\/\/www.blogdopaulonunes.com\/v5\/index.php\/wp-json\/wp\/v2\/tags?post=126694"}],"curies":[{"name":"wp","href":"https:\/\/api.w.org\/{rel}","templated":true}]}}