{"id":126692,"date":"2025-12-03T08:40:44","date_gmt":"2025-12-03T11:40:44","guid":{"rendered":"https:\/\/www.blogdopaulonunes.com\/v5\/?p=126692"},"modified":"2025-12-03T08:40:44","modified_gmt":"2025-12-03T11:40:44","slug":"trump-diz-que-teve-conversa-muito-boa-com-lula-eu-gosto-dele","status":"publish","type":"post","link":"https:\/\/www.blogdopaulonunes.com\/v5\/index.php\/2025\/12\/03\/trump-diz-que-teve-conversa-muito-boa-com-lula-eu-gosto-dele\/","title":{"rendered":"Trump diz que teve conversa &#8220;muito boa&#8221; com Lula: &#8220;eu gosto dele&#8221;"},"content":{"rendered":"<p style=\"text-align: justify;\"><strong>Presidentes abordaram temas comerciais e san\u00e7\u00f5es adotadas pelo governo americano.<\/strong><\/p>\n<p style=\"text-align: justify;\">\nO presidente dos Estados Unidos, Donald Trump, afirmou nesta ter\u00e7a-feira (2) que teve uma &#8220;conversa muito boa&#8221; por telefone com o presidente Luiz In\u00e1cio Lula da Silva. Segundo o pr\u00f3prio Trump, o di\u00e1logo, que durou cerca de 40 minutos, abordou temas comerciais e san\u00e7\u00f5es adotadas pelo governo americano.<\/p>\n<p style=\"text-align: justify;\">Em declara\u00e7\u00e3o a jornalistas, Trump afirmou que os dois l\u00edderes trataram de tarifas aplicadas pelos Estados Unidos a produtos brasileiros e mencionou medidas impostas por sua administra\u00e7\u00e3o. &#8220;Falamos sobre com\u00e9rcio. Falamos sobre san\u00e7\u00f5es porque, como voc\u00ea sabe, eu impus san\u00e7\u00f5es relacionadas a certas coisas que aconteceram (\u2026) Mas tivemos uma conversa muito boa. Eu gosto dele, ele \u00e9 muito bom&#8221;, afirmou.<\/p>\n<div class=\"iframe-video-wrapper\"><iframe loading=\"lazy\" title=\"Trump diz que teve conversa \" src=\"https:\/\/www.youtube.com\/embed\/SjY0y3qOzsI\" width=\"800\" height=\"450\" frameborder=\"0\" allowfullscreen=\"allowfullscreen\"><\/iframe><\/div>\n<p style=\"text-align: justify;\">Segundo o Planalto, Lula\u00a0<a href=\"https:\/\/www.congressoemfoco.com.br\/noticia\/114436\/lula-liga-para-trump-e-fala-sobre-tarifas-e-cooperacao-contra-o-crime\" target=\"_blank\" rel=\"noopener\">classificou<\/a>\u00a0como &#8220;positiva&#8221; a retirada da tarifa adicional de 40% sobre exporta\u00e7\u00f5es como carne bovina, caf\u00e9, cacau e tomate, mas afirmou que ainda h\u00e1 pontos pendentes, especialmente em rela\u00e7\u00e3o a produtos que ficaram de fora da medida. O presidente refor\u00e7ou que o Brasil quer avan\u00e7ar rapidamente nas negocia\u00e7\u00f5es.<\/p>\n<p style=\"text-align: justify;\">A redu\u00e7\u00e3o das tarifas foi anunciada em 20 de novembro pela Casa Branca. No decreto, Trump mencionou uma liga\u00e7\u00e3o anterior com Lula como marco das tratativas que resultaram na revis\u00e3o das taxas, em vigor desde o in\u00edcio de agosto.<\/p>\n","protected":false},"excerpt":{"rendered":"<p>Presidentes abordaram temas comerciais e san\u00e7\u00f5es adotadas pelo governo americano. O presidente dos Estados Unidos, Donald Trump, afirmou nesta ter\u00e7a-feira (2) que teve uma &#8220;conversa muito boa&#8221; por telefone com o presidente Luiz In\u00e1cio Lula da Silva. Segundo o pr\u00f3prio Trump, o di\u00e1logo, que durou cerca de 40 minutos, abordou temas comerciais e san\u00e7\u00f5es adotadas [&hellip;]<\/p>\n","protected":false},"author":2,"featured_media":126642,"comment_status":"open","ping_status":"open","sticky":false,"template":"","format":"standard","meta":[],"categories":[130],"tags":[138,7237,6051,532],"_links":{"self":[{"href":"https:\/\/www.blogdopaulonunes.com\/v5\/index.php\/wp-json\/wp\/v2\/posts\/126692"}],"collection":[{"href":"https:\/\/www.blogdopaulonunes.com\/v5\/index.php\/wp-json\/wp\/v2\/posts"}],"about":[{"href":"https:\/\/www.blogdopaulonunes.com\/v5\/index.php\/wp-json\/wp\/v2\/types\/post"}],"author":[{"embeddable":true,"href":"https:\/\/www.blogdopaulonunes.com\/v5\/index.php\/wp-json\/wp\/v2\/users\/2"}],"replies":[{"embeddable":true,"href":"https:\/\/www.blogdopaulonunes.com\/v5\/index.php\/wp-json\/wp\/v2\/comments?post=126692"}],"version-history":[{"count":1,"href":"https:\/\/www.blogdopaulonunes.com\/v5\/index.php\/wp-json\/wp\/v2\/posts\/126692\/revisions"}],"predecessor-version":[{"id":126693,"href":"https:\/\/www.blogdopaulonunes.com\/v5\/index.php\/wp-json\/wp\/v2\/posts\/126692\/revisions\/126693"}],"wp:featuredmedia":[{"embeddable":true,"href":"https:\/\/www.blogdopaulonunes.com\/v5\/index.php\/wp-json\/wp\/v2\/media\/126642"}],"wp:attachment":[{"href":"https:\/\/www.blogdopaulonunes.com\/v5\/index.php\/wp-json\/wp\/v2\/media?parent=126692"}],"wp:term":[{"taxonomy":"category","embeddable":true,"href":"https:\/\/www.blogdopaulonunes.com\/v5\/index.php\/wp-json\/wp\/v2\/categories?post=126692"},{"taxonomy":"post_tag","embeddable":true,"href":"https:\/\/www.blogdopaulonunes.com\/v5\/index.php\/wp-json\/wp\/v2\/tags?post=126692"}],"curies":[{"name":"wp","href":"https:\/\/api.w.org\/{rel}","templated":true}]}}