{"id":126666,"date":"2025-12-01T02:31:14","date_gmt":"2025-12-01T05:31:14","guid":{"rendered":"https:\/\/www.blogdopaulonunes.com\/v5\/?p=126666"},"modified":"2025-12-01T02:31:14","modified_gmt":"2025-12-01T05:31:14","slug":"atleta-do-municipio-de-licinio-de-almeida-conquista-medalhas-ineditas-na-etapa-nacional-das-paralimpiadas-escolares","status":"publish","type":"post","link":"https:\/\/www.blogdopaulonunes.com\/v5\/index.php\/2025\/12\/01\/atleta-do-municipio-de-licinio-de-almeida-conquista-medalhas-ineditas-na-etapa-nacional-das-paralimpiadas-escolares\/","title":{"rendered":"Atleta do munic\u00edpio de Lic\u00ednio de Almeida conquista medalhas in\u00e9ditas na etapa nacional das Paralimp\u00edadas Escolares"},"content":{"rendered":"<p style=\"text-align: justify;\">O estudante atleta Ryan Aparecido Ribeiro, de 14 anos, de Lic\u00ednio de Almeida, fez hist\u00f3ria ao conquistar duas medalhas de prata na modalidade de t\u00eanis de mesa durante a etapa nacional das Paralimp\u00edadas Escolares 2025, realizada no Centro de Treinamento Paral\u00edmpico Brasileiro, em S\u00e3o Paulo, de 17 a 28 de novembro. \u00c9 a primeira vez que o munic\u00edpio tem um representante na competi\u00e7\u00e3o, e tamb\u00e9m a primeira vez que volta para casa com medalhas.<\/p>\n<div style=\"text-align: justify;\">As medalhas de Ryan somam-se a outras 26 conquistadas por 26 estudantes\u00a0 atletas baianos das modalidades paral\u00edmpicas de goalball, atletismo, bocha e badminton.\u00a0 O total de 28 medalhas \u00e9 o maior resultado de uma\u00a0 delega\u00e7\u00e3o baianas em todas as 15 edi\u00e7\u00f5es da etapa nacional das Paralimp\u00edadas Escolares.<\/div>\n<div style=\"text-align: justify;\">Estreante de um evento nacional, Ryan superou desafios que marcaram toda a sua trajet\u00f3ria at\u00e9 chegar ao p\u00f3dio. Com apenas um m\u00eas e meio de treinamento, realizado de forma improvisada em Lic\u00ednio de Almeida &#8211; com mesa adaptada e rede feita de tela, como ele mesmo conta &#8211; o jovem atleta surpreendeu os professores da delega\u00e7\u00e3o baiana, o seu pai e a si pr\u00f3prio.<\/div>\n<div style=\"text-align: justify;\">\u00a0\u201cFoi tudo muito r\u00e1pido. Treinei s\u00f3 um m\u00eas e meio, com uma mesa improvisada e sem treinador profissional. Fiquei muito surpreso e muito feliz com essas medalhas. Quero melhorar meu treino, conseguir uma mesa melhor, raquetes e bolinhas, e voltar mais forte no pr\u00f3ximo ano\u201d, afirmou Ryan.<\/div>\n<div style=\"text-align: justify;\">Al\u00e9m da alegria pelas medalhas, o adolescente destacou as viv\u00eancias positivas durante a semana de competi\u00e7\u00e3o: fazer amizades, conhecer atletas de outros estados e trocar experi\u00eancias. \u201cO mais legal foi conhecer pessoas novas, fazer amizades e aprender mais sobre o esporte. Foi incr\u00edvel estar aqui.\u201d<\/div>\n<div style=\"text-align: justify;\"><b>Momento hist\u00f3rico<\/b>\u00a0&#8211; O pai do atleta, Aparecido Ribeiro, principal incentivador do filho,\u00a0 acompanhou cada etapa do processo, desde os primeiros treinos improvisados at\u00e9 o momento hist\u00f3rico do p\u00f3dio nacional. Emocionado, ele relembrou o caminho percorrido:<\/div>\n<div style=\"text-align: justify;\">\u201cPara n\u00f3s, que moramos no interior, nada \u00e9 f\u00e1cil. Mas ver meu filho chegar aqui e conquistar duas medalhas \u00e9 s\u00f3 gratid\u00e3o. Ele saiu de casa com pouca experi\u00eancia e voltou com duas pratas em n\u00edvel nacional. \u00c9 uma vit\u00f3ria enorme. Ryan \u00e9 um exemplo de f\u00e9, coragem e determina\u00e7\u00e3o.\u201d<\/div>\n<div style=\"text-align: justify;\">Aparecido destaca ainda que a trajet\u00f3ria do filho pode inspirar outros jovens com defici\u00eancia no munic\u00edpio e regi\u00e3o: \u201cEle mostra que, mesmo com limita\u00e7\u00f5es e poucas condi\u00e7\u00f5es de treino, \u00e9 poss\u00edvel conquistar grandes resultados. \u00c9 um exemplo para muitos.\u201d<\/div>\n<div style=\"text-align: justify;\">Al\u00e9m do talento esportivo, Ryan tamb\u00e9m se destaca nos estudos. Segundo o pai, o jovem \u00e9 aluno exemplar e j\u00e1 concluiu o\u00a0 oitavo ano letivo\u00a0 antes mesmo do fim das aulas. Ele \u00e9 aluno da Escola Municipal Pingo de Gente.<\/div>\n<div style=\"text-align: justify;\">Perguntado sobre o que pretende ser no futuro, Ryan tem a resposta na ponta da l\u00edngua: &#8220;Advogado ou juiz, mas tendo o esporte como aliado&#8221;, finalizou.<\/div>\n<div style=\"text-align: justify;\"><i><br \/>\nAscom Sudesb<br \/>\nHilda Fausto &#8211;\u00a0 DRT 1748<\/i><\/div>\n","protected":false},"excerpt":{"rendered":"<p>O estudante atleta Ryan Aparecido Ribeiro, de 14 anos, de Lic\u00ednio de Almeida, fez hist\u00f3ria ao conquistar duas medalhas de prata na modalidade de t\u00eanis de mesa durante a etapa nacional das Paralimp\u00edadas Escolares 2025, realizada no Centro de Treinamento Paral\u00edmpico Brasileiro, em S\u00e3o Paulo, de 17 a 28 de novembro. \u00c9 a primeira vez [&hellip;]<\/p>\n","protected":false},"author":2,"featured_media":126667,"comment_status":"open","ping_status":"open","sticky":false,"template":"","format":"standard","meta":[],"categories":[106,105],"tags":[7223,7225,7224],"_links":{"self":[{"href":"https:\/\/www.blogdopaulonunes.com\/v5\/index.php\/wp-json\/wp\/v2\/posts\/126666"}],"collection":[{"href":"https:\/\/www.blogdopaulonunes.com\/v5\/index.php\/wp-json\/wp\/v2\/posts"}],"about":[{"href":"https:\/\/www.blogdopaulonunes.com\/v5\/index.php\/wp-json\/wp\/v2\/types\/post"}],"author":[{"embeddable":true,"href":"https:\/\/www.blogdopaulonunes.com\/v5\/index.php\/wp-json\/wp\/v2\/users\/2"}],"replies":[{"embeddable":true,"href":"https:\/\/www.blogdopaulonunes.com\/v5\/index.php\/wp-json\/wp\/v2\/comments?post=126666"}],"version-history":[{"count":1,"href":"https:\/\/www.blogdopaulonunes.com\/v5\/index.php\/wp-json\/wp\/v2\/posts\/126666\/revisions"}],"predecessor-version":[{"id":126668,"href":"https:\/\/www.blogdopaulonunes.com\/v5\/index.php\/wp-json\/wp\/v2\/posts\/126666\/revisions\/126668"}],"wp:featuredmedia":[{"embeddable":true,"href":"https:\/\/www.blogdopaulonunes.com\/v5\/index.php\/wp-json\/wp\/v2\/media\/126667"}],"wp:attachment":[{"href":"https:\/\/www.blogdopaulonunes.com\/v5\/index.php\/wp-json\/wp\/v2\/media?parent=126666"}],"wp:term":[{"taxonomy":"category","embeddable":true,"href":"https:\/\/www.blogdopaulonunes.com\/v5\/index.php\/wp-json\/wp\/v2\/categories?post=126666"},{"taxonomy":"post_tag","embeddable":true,"href":"https:\/\/www.blogdopaulonunes.com\/v5\/index.php\/wp-json\/wp\/v2\/tags?post=126666"}],"curies":[{"name":"wp","href":"https:\/\/api.w.org\/{rel}","templated":true}]}}