{"id":126601,"date":"2025-11-26T05:39:16","date_gmt":"2025-11-26T08:39:16","guid":{"rendered":"https:\/\/www.blogdopaulonunes.com\/v5\/?p=126601"},"modified":"2025-12-14T15:26:45","modified_gmt":"2025-12-14T18:26:45","slug":"projeto-concertos-didaticos-homenageia-johann-sebastian-bach","status":"publish","type":"post","link":"https:\/\/www.blogdopaulonunes.com\/v5\/index.php\/2025\/11\/26\/projeto-concertos-didaticos-homenageia-johann-sebastian-bach\/","title":{"rendered":"Projeto ConCertos Did\u00e1ticos homenageia Johann Sebastian Bach"},"content":{"rendered":"<p style=\"text-align: justify;\">O IFBA Campus Vit\u00f3ria da Conquista realiza, no dia 02 de dezembro de 2025, \u00e0s 19h, no Audit\u00f3rio do campus, mais uma edi\u00e7\u00e3o do projeto ConCertos Did\u00e1ticos, que esta edi\u00e7\u00e3o presta homenagem ao compositor alem\u00e3o Johann Sebastian Bach (1685\u20131750).<\/p>\n<p style=\"text-align: justify;\">O terceiro concerto de 2025 celebra a relev\u00e2ncia art\u00edstica de Bach, considerado o maior representante do per\u00edodo barroco. Nascido em 1685, o compositor deixou um legado que atravessa s\u00e9culos e permanece central na forma\u00e7\u00e3o de m\u00fasicos ao redor do mundo \u2014 especialmente na educa\u00e7\u00e3o pian\u00edstica. Em 2025, completam-se 275 anos de sua morte, refor\u00e7ando a atualidade e a influ\u00eancia de sua produ\u00e7\u00e3o.<a href=\"https:\/\/www.blogdopaulonunes.com\/v5\/wp-content\/uploads\/2025\/11\/IFBA-V-conquista.jpg9_.jpg\"><img loading=\"lazy\" class=\"aligncenter size-full wp-image-126908\" src=\"https:\/\/www.blogdopaulonunes.com\/v5\/wp-content\/uploads\/2025\/11\/IFBA-V-conquista.jpg9_.jpg\" alt=\"\" width=\"400\" height=\"265\" \/><\/a><\/p>\n<p style=\"text-align: justify;\">Para esta homenagem especial, o ConCertos Did\u00e1ticos re\u00fane um grupo de m\u00fasicos conquistenses: os\/as pianistas Claudia Cavalcante, Hebert Lu\u00eds, Ludwig Fran\u00e7a, Maycon Faria e Marcos Ferreira; o baixista Emerson DiMattos; os violinistas Douglas Marchan e Gustavo Marley; al\u00e9m do Madrigal do IFBA, que tamb\u00e9m integra a programa\u00e7\u00e3o.<\/p>\n<p style=\"text-align: justify;\">ConCertos Did\u00e1ticos \u2013 Homenagem a J. S. Bach<\/p>\n<p style=\"text-align: justify;\">\ud83d\udcc5 02 de dezembro de 2025<br \/>\n\u23f0 19h<br \/>\n\ud83d\udccd Audit\u00f3rio do IFBA Campus Vit\u00f3ria da Conquista<br \/>\n\ud83c\udf9f\ufe0f Entrada franca<\/p>\n<p>&#8212;<\/p>\n","protected":false},"excerpt":{"rendered":"<p>O IFBA Campus Vit\u00f3ria da Conquista realiza, no dia 02 de dezembro de 2025, \u00e0s 19h, no Audit\u00f3rio do campus, mais uma edi\u00e7\u00e3o do projeto ConCertos Did\u00e1ticos, que esta edi\u00e7\u00e3o presta homenagem ao compositor alem\u00e3o Johann Sebastian Bach (1685\u20131750). O terceiro concerto de 2025 celebra a relev\u00e2ncia art\u00edstica de Bach, considerado o maior representante do [&hellip;]<\/p>\n","protected":false},"author":2,"featured_media":126907,"comment_status":"open","ping_status":"open","sticky":false,"template":"","format":"standard","meta":[],"categories":[104,105],"tags":[820,150],"_links":{"self":[{"href":"https:\/\/www.blogdopaulonunes.com\/v5\/index.php\/wp-json\/wp\/v2\/posts\/126601"}],"collection":[{"href":"https:\/\/www.blogdopaulonunes.com\/v5\/index.php\/wp-json\/wp\/v2\/posts"}],"about":[{"href":"https:\/\/www.blogdopaulonunes.com\/v5\/index.php\/wp-json\/wp\/v2\/types\/post"}],"author":[{"embeddable":true,"href":"https:\/\/www.blogdopaulonunes.com\/v5\/index.php\/wp-json\/wp\/v2\/users\/2"}],"replies":[{"embeddable":true,"href":"https:\/\/www.blogdopaulonunes.com\/v5\/index.php\/wp-json\/wp\/v2\/comments?post=126601"}],"version-history":[{"count":3,"href":"https:\/\/www.blogdopaulonunes.com\/v5\/index.php\/wp-json\/wp\/v2\/posts\/126601\/revisions"}],"predecessor-version":[{"id":126910,"href":"https:\/\/www.blogdopaulonunes.com\/v5\/index.php\/wp-json\/wp\/v2\/posts\/126601\/revisions\/126910"}],"wp:featuredmedia":[{"embeddable":true,"href":"https:\/\/www.blogdopaulonunes.com\/v5\/index.php\/wp-json\/wp\/v2\/media\/126907"}],"wp:attachment":[{"href":"https:\/\/www.blogdopaulonunes.com\/v5\/index.php\/wp-json\/wp\/v2\/media?parent=126601"}],"wp:term":[{"taxonomy":"category","embeddable":true,"href":"https:\/\/www.blogdopaulonunes.com\/v5\/index.php\/wp-json\/wp\/v2\/categories?post=126601"},{"taxonomy":"post_tag","embeddable":true,"href":"https:\/\/www.blogdopaulonunes.com\/v5\/index.php\/wp-json\/wp\/v2\/tags?post=126601"}],"curies":[{"name":"wp","href":"https:\/\/api.w.org\/{rel}","templated":true}]}}