{"id":126515,"date":"2025-11-20T13:29:38","date_gmt":"2025-11-20T16:29:38","guid":{"rendered":"https:\/\/www.blogdopaulonunes.com\/v5\/?p=126515"},"modified":"2025-11-20T13:29:38","modified_gmt":"2025-11-20T16:29:38","slug":"rui-costa-e-a-duplicacao-da-br-116-trecho-vitoria-da-conquista-a-jequie","status":"publish","type":"post","link":"https:\/\/www.blogdopaulonunes.com\/v5\/index.php\/2025\/11\/20\/rui-costa-e-a-duplicacao-da-br-116-trecho-vitoria-da-conquista-a-jequie\/","title":{"rendered":"Rui Costa e a duplica\u00e7\u00e3o da BR-116 trecho Vit\u00f3ria da Conquista a Jequi\u00e9"},"content":{"rendered":"<p style=\"text-align: justify;\">Estar\u00e1 em Vit\u00f3ria da Conquista na pr\u00f3xima semana o Chefe da Casa Civil da Presid\u00eancia da Rep\u00fablica, Rui Costa.<br \/>\nEsperamos que, uma das pautas de sua agenda seja a concess\u00e3o da Rodovia 2 de julho.<br \/>\nJ\u00e1 estava no cronograma a publica\u00e7\u00e3o do edital para dezembro de 2025, pois a \u00faltima audi\u00eancia p\u00fablica foi em maio deste ano e em julho o processo j\u00e1 se encontrava no Tribunal de Contas para o parecer final, as informa\u00e7\u00f5es que obtivemos de fontes confi\u00e1veis \u00e9 de que j\u00e1 foi conclu\u00edda an\u00e1lise pelo Ministro Augusto Nardes do TCU e que as recomenda\u00e7\u00f5es apontadas para ajustes, poder\u00e3o ser sanadas na reda\u00e7\u00e3o final do edital, sem que haja necessidade de retorno do processo ao Tribunal.<br \/>\nDe sorte que o Ex-Governador da Bahia Rui Costa investido num cargo de alta relev\u00e2ncia no Governo Federal, amigo e colega de Renan Filho Ministro dos Transportes, da pasta respons\u00e1vel pela deflagra\u00e7\u00e3o do processo licitat\u00f3rio, nos tr\u00e1s a esperan\u00e7a de que dezembro teremos boas not\u00edcias.<br \/>\nDia 28 de novembro de 2025 ser\u00e1 portanto um dia aguardado pelo nosso Estado, mas em especial para o Sudoeste da Bahia, como o dia D.<\/p>\n<p style=\"text-align: justify;\">JOS\u00c9 MARIA CAIRES<br \/>\nDUPLICA SUDOESTE<\/p>\n","protected":false},"excerpt":{"rendered":"<p>Estar\u00e1 em Vit\u00f3ria da Conquista na pr\u00f3xima semana o Chefe da Casa Civil da Presid\u00eancia da Rep\u00fablica, Rui Costa. Esperamos que, uma das pautas de sua agenda seja a concess\u00e3o da Rodovia 2 de julho. J\u00e1 estava no cronograma a publica\u00e7\u00e3o do edital para dezembro de 2025, pois a \u00faltima audi\u00eancia p\u00fablica foi em maio [&hellip;]<\/p>\n","protected":false},"author":2,"featured_media":115582,"comment_status":"open","ping_status":"open","sticky":false,"template":"","format":"standard","meta":[],"categories":[2025,71],"tags":[1042,513],"_links":{"self":[{"href":"https:\/\/www.blogdopaulonunes.com\/v5\/index.php\/wp-json\/wp\/v2\/posts\/126515"}],"collection":[{"href":"https:\/\/www.blogdopaulonunes.com\/v5\/index.php\/wp-json\/wp\/v2\/posts"}],"about":[{"href":"https:\/\/www.blogdopaulonunes.com\/v5\/index.php\/wp-json\/wp\/v2\/types\/post"}],"author":[{"embeddable":true,"href":"https:\/\/www.blogdopaulonunes.com\/v5\/index.php\/wp-json\/wp\/v2\/users\/2"}],"replies":[{"embeddable":true,"href":"https:\/\/www.blogdopaulonunes.com\/v5\/index.php\/wp-json\/wp\/v2\/comments?post=126515"}],"version-history":[{"count":1,"href":"https:\/\/www.blogdopaulonunes.com\/v5\/index.php\/wp-json\/wp\/v2\/posts\/126515\/revisions"}],"predecessor-version":[{"id":126516,"href":"https:\/\/www.blogdopaulonunes.com\/v5\/index.php\/wp-json\/wp\/v2\/posts\/126515\/revisions\/126516"}],"wp:featuredmedia":[{"embeddable":true,"href":"https:\/\/www.blogdopaulonunes.com\/v5\/index.php\/wp-json\/wp\/v2\/media\/115582"}],"wp:attachment":[{"href":"https:\/\/www.blogdopaulonunes.com\/v5\/index.php\/wp-json\/wp\/v2\/media?parent=126515"}],"wp:term":[{"taxonomy":"category","embeddable":true,"href":"https:\/\/www.blogdopaulonunes.com\/v5\/index.php\/wp-json\/wp\/v2\/categories?post=126515"},{"taxonomy":"post_tag","embeddable":true,"href":"https:\/\/www.blogdopaulonunes.com\/v5\/index.php\/wp-json\/wp\/v2\/tags?post=126515"}],"curies":[{"name":"wp","href":"https:\/\/api.w.org\/{rel}","templated":true}]}}