{"id":126489,"date":"2025-11-18T03:08:50","date_gmt":"2025-11-18T06:08:50","guid":{"rendered":"https:\/\/www.blogdopaulonunes.com\/v5\/?p=126489"},"modified":"2025-11-19T03:14:50","modified_gmt":"2025-11-19T06:14:50","slug":"vereadores-tecnicos-e-comunidade-defendem-que-governo-priorize-investimentos-em-macrodrenagem","status":"publish","type":"post","link":"https:\/\/www.blogdopaulonunes.com\/v5\/index.php\/2025\/11\/18\/vereadores-tecnicos-e-comunidade-defendem-que-governo-priorize-investimentos-em-macrodrenagem\/","title":{"rendered":"Vereadores, t\u00e9cnicos e comunidade defendem que governo priorize investimentos em macrodrenagem"},"content":{"rendered":"<p>Na noite desta segunda-feira (17), a C\u00e2mara Municipal de Vit\u00f3ria da Conquista realizou uma audi\u00eancia p\u00fablica para discutir as enchentes e alagamentos que h\u00e1 anos atingem v\u00e1rios bairros da cidade. O encontro reuniu especialistas, representantes de \u00f3rg\u00e3os p\u00fablicos e moradores afetados, com foco na busca por solu\u00e7\u00f5es estruturais e duradouras para o sistema de macrodrenagem.<\/p>\n<div><img class=\"note-float-left\" src=\"https:\/\/argus-cmvc.sfo2.digitaloceanspaces.com\/noticia\/2025-11-18\/audiencia17Nov257.jpg\" \/>Autor da proposta, o vereador Ivan Cordeiro (PL) destacou que a audi\u00eancia \u00e9 um passo essencial para enfrentar um problema constante. Ele afirmou que a cidade n\u00e3o pode mais conviver com preju\u00edzos recorrentes durante o per\u00edodo de chuvas e defendeu a necessidade de planejamento t\u00e9cnico e investimentos consistentes e permanentes.<\/div>\n<div><img class=\"note-float-right\" src=\"https:\/\/argus-cmvc.sfo2.digitaloceanspaces.com\/noticia\/2025-11-18\/audiencia17Nov2517.jpg\" \/>O engenheiro civil Leandro Fonseca destacou a urg\u00eancia de a\u00e7\u00f5es estruturais no sistema de drenagem do munic\u00edpio ao afirmar: \u201cVit\u00f3ria da Conquista tem um passivo de mais de 30 anos em macro e microdrenagem. N\u00f3s j\u00e1 escapamos de trag\u00e9dias recentes e n\u00e3o estamos preparados para enfrentar, por exemplo, uma chuva de 210 mil\u00edmetros como a que j\u00e1 tivemos no passado. \u00c9 urgente que gest\u00e3o, t\u00e9cnicos e Legislativo arregacem as mangas para devolver \u00e0 popula\u00e7\u00e3o a tranquilidade de enfrentar as chuvas sem tanto dano\u201d.<\/div>\n<div style=\"text-align: justify;\"><img class=\"note-float-left\" src=\"https:\/\/argus-cmvc.sfo2.digitaloceanspaces.com\/noticia\/2025-11-18\/audiencia17Nov2565.jpg\" \/>Representando o comandante do 7\u00ba Batalh\u00e3o de Bombeiros Militar, o capit\u00e3o Milson Ramos lembrou que a cidade \u201cquase teve um \u00f3bito\u201d dias atr\u00e1s por causa dos problemas de drenagem e destacou que o debate j\u00e1 passou da fase de questionar se as obras s\u00e3o necess\u00e1rias. Segundo ele, o momento agora \u00e9 discutir como elas ser\u00e3o feitas de forma planejada, t\u00e9cnica e alinhada ao que apontam os especialistas. Ramos afirmou que o Corpo de Bombeiros est\u00e1 \u00e0 disposi\u00e7\u00e3o da C\u00e2mara e da sociedade para participar das discuss\u00f5es e oferecer todos os esclarecimentos que possam contribuir.<\/div>\n<div style=\"text-align: justify;\"><img class=\"note-float-right\" src=\"https:\/\/argus-cmvc.sfo2.digitaloceanspaces.com\/noticia\/2025-11-18\/audiencia17Nov2528.jpg\" \/>O inspetor-chefe do Crea-BA, Raoni Correia, ressaltou que o principal desafio da macrodrenagem em Vit\u00f3ria da Conquista n\u00e3o \u00e9 t\u00e9cnico, mas financeiro: \u201cAs solu\u00e7\u00f5es existem e os profissionais as enxergam. O grande desafio para o Poder P\u00fablico Municipal \u00e9 descobrir de onde vir\u00e3o os recursos para executar os investimentos necess\u00e1rios. Precisamos, como sociedade e como gest\u00e3o, nos organizar financeiramente para que a drenagem urbana avance de forma planejada e cont\u00ednua\u201d.<\/div>\n<div style=\"text-align: justify;\"><img class=\"note-float-left\" src=\"https:\/\/argus-cmvc.sfo2.digitaloceanspaces.com\/noticia\/2025-11-18\/audiencia17Nov2530.jpg\" \/>Representando o movimento Duplica Sudoeste, Jos\u00e9 Maria Caires destacou que Vit\u00f3ria da Conquista funciona como uma grande bacia que despeja suas \u00e1guas no Rio Verruga e defendeu que a solu\u00e7\u00e3o passa pelo fortalecimento da microdrenagem, com parte do volume das chuvas sendo direcionado para \u00e1reas como a Lagoa das Bateias.<\/div>\n<p style=\"text-align: justify;\">Segundo ele, bairros como Boa Vista e Ibirapuera e ruas como Guanambi e Frei Benjamin poderiam ter suas \u00e1guas drenadas para essa regi\u00e3o, aliviando pontos cr\u00edticos no centro, como a Baixa da Jurema. Citando conversas com engenheiros, afirmou que locais altos, como o Vila Am\u00e9rica,s\u00e3o mais simples de resolver, enquanto \u00e1reas centrais exigem mais planejamento. Finalizou sua fala destacando que Conquista j\u00e1 avan\u00e7ou na drenagem, mas precisa ampliar interven\u00e7\u00f5es de microdrenagem para evitar que todo o volume de \u00e1gua se concentre na Baixa da Jurema e na Bartolomeu de Gusm\u00e3o.<\/p>\n<p>&nbsp;<\/p>\n<div><img class=\"note-float-right\" src=\"https:\/\/argus-cmvc.sfo2.digitaloceanspaces.com\/noticia\/2025-11-18\/audiencia17Nov2534.jpg\" \/>O representante do bairro Vila Elisa, Jefferson Silva Santos, cobrou transpar\u00eancia e fiscaliza\u00e7\u00e3o sobre os recursos destinados ao saneamento b\u00e1sico no munic\u00edpio: \u201cEm 2016, a Prefeitura e a Embasa firmaram um conv\u00eanio que garante 370 milh\u00f5es de reais em 30 anos &#8211; cerca de 12 milh\u00f5es por ano &#8211; para investimentos em saneamento. Existe um fundo criado para receber esses valores, mas falta fiscaliza\u00e7\u00e3o sobre para onde esse dinheiro est\u00e1 indo. Precisamos acompanhar esse Fundo Municipal, porque as obras s\u00e3o urgentes e a cidade n\u00e3o pode mais esperar\u201d.<\/div>\n<p>&nbsp;<\/p>\n<p>&nbsp;<\/p>\n<div><img class=\"note-float-left\" src=\"https:\/\/argus-cmvc.sfo2.digitaloceanspaces.com\/noticia\/2025-11-18\/audiencia17Nov2539.jpg\" \/>Representando a Coordenadoria Municipal de Prote\u00e7\u00e3o e Defesa Civil, Gabriel Queiroz afirmou que a drenagem \u00e9 um tema sens\u00edvel e destacou o papel da Defesa Civil antes, durante e depois de situa\u00e7\u00f5es de risco. Ele lembrou os eventos de 2021 e 2022, quando Vit\u00f3ria da Conquista registrou altos volumes de chuva, alagamentos, inunda\u00e7\u00f5es e danos em \u00e1reas urbanas e rurais e ressaltou que o munic\u00edpio atuou com assist\u00eancia humanit\u00e1ria, a\u00e7\u00f5es de resposta e reconstru\u00e7\u00e3o de trechos afetados, inclusive ligados ao sistema de drenagem.<\/div>\n<p>&nbsp;<\/p>\n<p>Queiroz avaliou que as medidas foram efetivas e citou a parceria entre Prefeitura e C\u00e2mara na libera\u00e7\u00e3o de recursos. Olhando para o futuro, afirmou que a prioridade deve ser a preven\u00e7\u00e3o, mencionando o novo Plano Nacional de Prote\u00e7\u00e3o e Defesa Civil apresentado na COP30, que prev\u00ea o fortalecimento das defesas civis municipais e investimentos em drenagem. Ele defendeu a uni\u00e3o entre Executivo, Legislativo, t\u00e9cnicos e popula\u00e7\u00e3o para enfrentar eventos clim\u00e1ticos extremos e destacou que a gest\u00e3o municipal est\u00e1 disposta a avan\u00e7ar nessas melhorias, incluindo a busca por recursos federais.<\/p>\n<p>&nbsp;<\/p>\n<div><img class=\"note-float-right\" src=\"https:\/\/argus-cmvc.sfo2.digitaloceanspaces.com\/noticia\/2025-11-18\/audiencia17Nov2545.jpg\" \/>O secret\u00e1rio municipal de Mobilidade Urbana e Servi\u00e7os P\u00fablicos, Luis Paulo Souza, destacou que, apesar das limita\u00e7\u00f5es financeiras, a gest\u00e3o tem buscado alternativas para avan\u00e7ar em obras de drenagem no munic\u00edpio: \u201cTodos sabemos que o munic\u00edpio n\u00e3o disp\u00f5e de recursos pr\u00f3prios suficientes para uma obra dessa dimens\u00e3o. Mesmo assim, temos realizado manuten\u00e7\u00f5es preventivas e corretivas nos canais e os resultados aparecem em locais como o Bateias 2 e o Panorama, onde interven\u00e7\u00f5es planejadas transformaram a realidade dos moradores. A prefeita Sheila Lemos continua buscando novas fontes de financiamento e parcerias porque o trabalho n\u00e3o pode parar e deve sempre ter como foco os cidad\u00e3os conquistenses\u201d.<\/div>\n<p>&nbsp;<\/p>\n<p>&nbsp;<\/p>\n<div><img class=\"note-float-left\" src=\"https:\/\/argus-cmvc.sfo2.digitaloceanspaces.com\/noticia\/2025-11-18\/audiencia17Nov2554.jpg\" \/>O secret\u00e1rio municipal de Infraestrutura, Jackson Apolin\u00e1rio, afirmou que a drenagem vem sendo tratada com prioridade pelo munic\u00edpio, que j\u00e1 realizou estudos t\u00e9cnicos e implantou redes nos \u00faltimos anos. Ele destacou que ocupa\u00e7\u00f5es irregulares e constru\u00e7\u00f5es sem alvar\u00e1 agravam os alagamentos em diversos pontos da cidade e explicou que as equipes t\u00eam atuado junto a outras secretarias em a\u00e7\u00f5es de manuten\u00e7\u00e3o, limpeza de canais e resposta a ocorr\u00eancias. Apolin\u00e1rio citou a expectativa de novos investimentos do PAC e lembrou que projetos foram encaminhados \u00e0 Conder para interven\u00e7\u00f5es em \u00e1reas cr\u00edticas. Segundo ele, a Secretaria seguir\u00e1 ampliando obras de macro e microdrenagem e permanece \u00e0 disposi\u00e7\u00e3o para contribuir com o debate.<\/div>\n<p>&nbsp;<\/p>\n<p>&nbsp;<\/p>\n<div><img class=\"note-float-right\" src=\"https:\/\/argus-cmvc.sfo2.digitaloceanspaces.com\/noticia\/2025-11-18\/audiencia17Nov2599.jpg\" \/>O vereador Lu\u00eds Carlos Dud\u00e9 destacou a urg\u00eancia em tratar com firmeza a macro e microdrenagem do munic\u00edpio, lembrando contribui\u00e7\u00f5es de t\u00e9cnicos e retomando sua defesa pela conclus\u00e3o do canal Oeste\u2013Leste, que, segundo ele, teria evitado muitos dos alagamentos enfrentados hoje em bairros como Jurema, Leblon e \u00e1reas centrais. Ao citar as chuvas recentes &#8211; 70 mil\u00edmetros em apenas 43 minutos &#8211; afirmou que o problema \u00e9 resultado de d\u00e9cadas sem os investimentos necess\u00e1rios. Dud\u00e9 ressaltou que a C\u00e2mara precisa se posicionar com responsabilidade diante do pedido de R$ 400 milh\u00f5es enviado pelo Executivo e disse estar disposto a votar favoravelmente ao financiamento, desde que haja garantia de que parte expressiva dos recursos seja destinada \u00e0 drenagem urbana, defendendo inclusive uma emenda coletiva para assegurar essa prioridade.<\/div>\n<p>&nbsp;<\/p>\n<p>&nbsp;<\/p>\n<div><img class=\"note-float-left\" src=\"https:\/\/argus-cmvc.sfo2.digitaloceanspaces.com\/noticia\/2025-11-18\/audiencia17Nov25105.jpg\" \/>O vereador Ricardo Bab\u00e3o afirmou que Vit\u00f3ria da Conquista cresceu r\u00e1pido e que os problemas de drenagem exigem obras respons\u00e1veis e fiscaliza\u00e7\u00e3o rigorosa. Ele destacou que a C\u00e2mara tem buscado melhorias em todas as esferas e que, embora gest\u00f5es anteriores tenham contribu\u00eddo, a cidade precisa de a\u00e7\u00f5es mais amplas para acompanhar seu desenvolvimento. Bab\u00e3o lembrou interven\u00e7\u00f5es antigas em bairros como Jurema e Alegria, ressaltando que hoje a demanda \u00e9 maior e pede planejamento integrado. Ele tamb\u00e9m citou a necessidade de aten\u00e7\u00e3o \u00e0s ocupa\u00e7\u00f5es irregulares e afirmou que a prefeita Sheila Lemos tem buscado alternativas de financiamento para ampliar as obras de infraestrutura.<\/div>\n<p>&nbsp;<\/p>\n<p>&nbsp;<\/p>\n<div><img class=\"note-float-right\" src=\"https:\/\/argus-cmvc.sfo2.digitaloceanspaces.com\/noticia\/2025-11-18\/audiencia17Nov25107.jpg\" \/>O vereador Subtenente Muniz destacou que o problema da drenagem n\u00e3o \u00e9 s\u00f3 de Vit\u00f3ria da Conquista, mas tamb\u00e9m da Bahia e do pa\u00eds. Muniz questionou a disparidade na distribui\u00e7\u00e3o de recursos federais, lembrando que Conquista recebe menos que cidades como Juazeiro e muito menos que Petrolina, apesar de sua import\u00e2ncia econ\u00f4mica. Defendeu que vereadores de todos os partidos cobrem seus deputados por mais investimentos, j\u00e1 que o munic\u00edpio n\u00e3o possui recursos pr\u00f3prios para realizar uma macrodrenagem completa. Muniz tamb\u00e9m chamou aten\u00e7\u00e3o para comunidades rurais como Lagoa das Flores e o Pradoso, que ficam isoladas ap\u00f3s chuvas intensas, e refor\u00e7ou que sem repasses adequados n\u00e3o h\u00e1 como resolver problemas antigos e agravados pela impermeabiliza\u00e7\u00e3o da cidade.<\/div>\n<p>&nbsp;<\/p>\n<p>&nbsp;<\/p>\n<div><img class=\"note-float-left\" src=\"https:\/\/argus-cmvc.sfo2.digitaloceanspaces.com\/noticia\/2025-11-18\/audiencia17Nov25113.jpg\" \/>O vereador Fernando Jacar\u00e9 destacou a import\u00e2ncia da audi\u00eancia p\u00fablica e ressaltou que a presen\u00e7a de lideran\u00e7as comunit\u00e1rias refor\u00e7a a urg\u00eancia do debate sobre drenagem em Vit\u00f3ria da Conquista. Ele afirmou que a cidade praticamente dobrou de tamanho nos \u00faltimos 25 anos e que, apesar das grandes obras j\u00e1 realizadas &#8211; desde interven\u00e7\u00f5es na Rio-Bahia at\u00e9 a\u00e7\u00f5es no Jurema e na Bateias &#8211; o crescimento acelerado exige investimentos ainda maiores.<\/div>\n<p>&nbsp;<\/p>\n<p>Jacar\u00e9 lembrou programas como PAC e Finisa, que viabilizaram obras essenciais, mas refor\u00e7ou que a demanda atual \u00e9 muito superior. Defendeu uni\u00e3o entre munic\u00edpio, estado e governo federal para garantir recursos e afirmou que temas como drenagem e mobilidade s\u00e3o suprapartid\u00e1rios.<\/p>\n<p>&nbsp;<\/p>\n<div><img class=\"note-float-right\" src=\"https:\/\/argus-cmvc.sfo2.digitaloceanspaces.com\/noticia\/2025-11-18\/audiencia17Nov25119.jpg\" \/>O vereador Ricardo Gordo contou que esteve no Jurema \u00e0s quatro da manh\u00e3 acompanhando os transtornos e alertou que os problemas da cidade n\u00e3o podem ser esquecidos quando a chuva passa. Ele lembrou interven\u00e7\u00f5es antigas de drenagem, criticou a polariza\u00e7\u00e3o pol\u00edtica e cobrou foco nas necessidades dos moradores. Gordo tamb\u00e9m chamou aten\u00e7\u00e3o para outras \u00e1reas atingidas, onde constru\u00e7\u00f5es irregulares podem afetar bairros vizinhos. Defendeu ainda a uni\u00e3o dos governos para resolver pontos cr\u00edticos como a Lagoa das Bateias e o Baix\u00e3o.<\/div>\n<p>&nbsp;<\/p>\n<p>&nbsp;<\/p>\n<div><img class=\"note-float-left\" src=\"https:\/\/argus-cmvc.sfo2.digitaloceanspaces.com\/noticia\/2025-11-18\/audiencia17Nov25128.jpg\" \/>O vereador Paulinho Oliveira afirmou que a audi\u00eancia precisava ser apartid\u00e1ria e voltada a solu\u00e7\u00f5es para os problemas de micro e macrodrenagem da cidade. Disse que pretende votar a favor do cr\u00e9dito de R$ 400 milh\u00f5es por entender que a cidade precisa avan\u00e7ar e que a prefeita deve incluir investimentos em drenagem no or\u00e7amento. Destacou a import\u00e2ncia da presen\u00e7a de t\u00e9cnicos na mesa e defendeu que o debate \u00e9 constru\u00eddo \u201ca v\u00e1rias m\u00e3os\u201d, pensando no futuro de Vit\u00f3ria da Conquista.<\/div>\n<p>&nbsp;<\/p>\n<p>Por Anuska Meirelles e Jenifer Vital<\/p>\n","protected":false},"excerpt":{"rendered":"<p>Na noite desta segunda-feira (17), a C\u00e2mara Municipal de Vit\u00f3ria da Conquista realizou uma audi\u00eancia p\u00fablica para discutir as enchentes e alagamentos que h\u00e1 anos atingem v\u00e1rios bairros da cidade. O encontro reuniu especialistas, representantes de \u00f3rg\u00e3os p\u00fablicos e moradores afetados, com foco na busca por solu\u00e7\u00f5es estruturais e duradouras para o sistema de macrodrenagem. [&hellip;]<\/p>\n","protected":false},"author":2,"featured_media":126490,"comment_status":"open","ping_status":"open","sticky":false,"template":"","format":"standard","meta":[],"categories":[81,105],"tags":[580],"_links":{"self":[{"href":"https:\/\/www.blogdopaulonunes.com\/v5\/index.php\/wp-json\/wp\/v2\/posts\/126489"}],"collection":[{"href":"https:\/\/www.blogdopaulonunes.com\/v5\/index.php\/wp-json\/wp\/v2\/posts"}],"about":[{"href":"https:\/\/www.blogdopaulonunes.com\/v5\/index.php\/wp-json\/wp\/v2\/types\/post"}],"author":[{"embeddable":true,"href":"https:\/\/www.blogdopaulonunes.com\/v5\/index.php\/wp-json\/wp\/v2\/users\/2"}],"replies":[{"embeddable":true,"href":"https:\/\/www.blogdopaulonunes.com\/v5\/index.php\/wp-json\/wp\/v2\/comments?post=126489"}],"version-history":[{"count":1,"href":"https:\/\/www.blogdopaulonunes.com\/v5\/index.php\/wp-json\/wp\/v2\/posts\/126489\/revisions"}],"predecessor-version":[{"id":126491,"href":"https:\/\/www.blogdopaulonunes.com\/v5\/index.php\/wp-json\/wp\/v2\/posts\/126489\/revisions\/126491"}],"wp:featuredmedia":[{"embeddable":true,"href":"https:\/\/www.blogdopaulonunes.com\/v5\/index.php\/wp-json\/wp\/v2\/media\/126490"}],"wp:attachment":[{"href":"https:\/\/www.blogdopaulonunes.com\/v5\/index.php\/wp-json\/wp\/v2\/media?parent=126489"}],"wp:term":[{"taxonomy":"category","embeddable":true,"href":"https:\/\/www.blogdopaulonunes.com\/v5\/index.php\/wp-json\/wp\/v2\/categories?post=126489"},{"taxonomy":"post_tag","embeddable":true,"href":"https:\/\/www.blogdopaulonunes.com\/v5\/index.php\/wp-json\/wp\/v2\/tags?post=126489"}],"curies":[{"name":"wp","href":"https:\/\/api.w.org\/{rel}","templated":true}]}}