{"id":126449,"date":"2025-11-15T12:39:31","date_gmt":"2025-11-15T15:39:31","guid":{"rendered":"https:\/\/www.blogdopaulonunes.com\/v5\/?p=126449"},"modified":"2025-11-15T12:40:22","modified_gmt":"2025-11-15T15:40:22","slug":"novembro-negro-camara-entrega-trofeus-zumbi-dos-palmares-e-paranaue-em-sessao-especial","status":"publish","type":"post","link":"https:\/\/www.blogdopaulonunes.com\/v5\/index.php\/2025\/11\/15\/novembro-negro-camara-entrega-trofeus-zumbi-dos-palmares-e-paranaue-em-sessao-especial\/","title":{"rendered":"Novembro Negro: C\u00e2mara entrega trof\u00e9us Zumbi dos Palmares e Paranau\u00ea em Sess\u00e3o Especial"},"content":{"rendered":"<p style=\"text-align: justify;\">A C\u00e2mara Municipal de Vit\u00f3ria da Conquista realiza, na pr\u00f3xima quarta-feira (19), \u00e0s 19horas, mais uma Sess\u00e3o Especial em homenagem ao Dia Nacional de Consci\u00eancia Negra e de A\u00e7\u00e3o Antirracismo., marcada pela entrega de duas premia\u00e7\u00f5es: o Trof\u00e9u Zumbi dos Palmares, dedicado a personalidades que atuam na promo\u00e7\u00e3o da igualdade racial, e o Trof\u00e9u Paranau\u00ea, voltado ao reconhecimento de mestres e praticantes da capoeira na regi\u00e3o. A cerim\u00f4nia acontece no plen\u00e1rio da C\u00e2mara, aberta ao p\u00fablico, e integra o calend\u00e1rio oficial de atividades da pol\u00edtica municipal de valoriza\u00e7\u00e3o da cultura afro-brasileira.<\/p>\n<p><img src=\"https:\/\/argus-cmvc.sfo2.digitaloceanspaces.com\/noticia\/2025-11-14\/IMG20251114WA01001.jpg\" \/><\/p>\n<p><strong>Trof\u00e9u Zumbi dos Palmares \u2013 Edi\u00e7\u00e3o 2025<\/strong><\/p>\n<p>A edi\u00e7\u00e3o deste ano do Trof\u00e9u Zumbi dos Palmares homenagear\u00e1 duas personalidades que se destacam pelas a\u00e7\u00f5es de combate ao racismo, promo\u00e7\u00e3o da igualdade racial e engajamento comunit\u00e1rio.<\/p>\n<p><strong>Pe. Zenilton Dias dos Santos (Pe. Monginho) \u2013 53 anos<\/strong><\/p>\n<p style=\"text-align: justify;\">Natural de Vit\u00f3ria da Conquista, o padre Zenilton Dias dos Santos, conhecido carinhosamente como Pe. Monginho, ser\u00e1 homenageado por sua extensa atua\u00e7\u00e3o pastoral voltada para a juventude negra e popula\u00e7\u00f5es perif\u00e9ricas.<\/p>\n<p style=\"text-align: justify;\">Ordenado sacerdote em 2001, \u00e9 doutor em Direito Can\u00f4nico pela Universidade de Roma e atualmente p\u00e1roco da Par\u00f3quia Santa Dulce dos Pobres, al\u00e9m de exercer diversas fun\u00e7\u00f5es administrativas e pastorais na Arquidiocese.<\/p>\n<p style=\"text-align: justify;\">Em sua trajet\u00f3ria, destacou-se no incentivo \u00e0 Pastoral Afro-brasileira, na mobiliza\u00e7\u00e3o social contra o genoc\u00eddio da popula\u00e7\u00e3o negra e no apoio a a\u00e7\u00f5es comunit\u00e1rias voltadas \u00e0 juventude e aos direitos humanos. A entrega do trof\u00e9u representa o reconhecimento institucional \u00e0 sua caminhada \u201csens\u00edvel e atenta \u00e0 realidade social das comunidades por ele assistidas\u201d.<\/p>\n<p><strong>Jime de Souza Sampaio \u2013 40 anos<\/strong><\/p>\n<p style=\"text-align: justify;\">Soteropolitano, criado em Feira de Santana e radicado em Vit\u00f3ria da Conquista, Jime Sampaio \u00e9 f\u00edsico (UFBA), professor do IFBA e doutor em F\u00edsica. O educador tem atua\u00e7\u00e3o marcante na agenda da igualdade racial dentro e fora das institui\u00e7\u00f5es de ensino. No IFBA Conquista, ajudou a fortalecer o Novembro Negro, projetos de extens\u00e3o antirracistas e a\u00e7\u00f5es de incentivo \u00e0 leitura afro-brasileira em bibliotecas comunit\u00e1rias. Foi um dos articuladores do Neabi-IFBA e atuou voluntariamente no Pr\u00e9-Vestibular Quilombola.<\/p>\n<p style=\"text-align: justify;\">Tamb\u00e9m integrou o Conselho Municipal de Pol\u00edticas de Promo\u00e7\u00e3o da Igualdade Racial (COMPPIR), contribuindo na formula\u00e7\u00e3o e defesa de pol\u00edticas efetivas de combate ao racismo no munic\u00edpio.<\/p>\n<p style=\"text-align: justify;\"><strong>Trof\u00e9u Paranau\u00ea \u2013 Edi\u00e7\u00e3o 2025<\/strong><\/p>\n<p style=\"text-align: justify;\">Premia\u00e7\u00e3o exclusiva da capoeira, o Trof\u00e9u Paranau\u00ea reconhece mestres, professores e lideran\u00e7as que fortalecem a arte-luta na regi\u00e3o Sudoeste da Bahia. As homenagens abrangem diferentes categorias, destacando trajet\u00f3rias de dedica\u00e7\u00e3o, impacto social e preserva\u00e7\u00e3o cultural.<\/p>\n<p style=\"text-align: justify;\"><strong>A seguir, os homenageados de 2025:<\/strong><\/p>\n<p><img src=\"https:\/\/argus-cmvc.sfo2.digitaloceanspaces.com\/noticia\/2025-11-14\/IMG20251114WA0104.jpg\" \/><\/p>\n<p><strong>1. Categoria \u201cGunga \u00e9 meu\u201d<\/strong><\/p>\n<p><strong>L\u00e1zaro Vieira \u2013 Mestre Dend\u00ea<\/strong><\/p>\n<p style=\"text-align: justify;\">Capoeirista desde 1990, Mestre Dend\u00ea iniciou sua trajet\u00f3ria no Grupo Filhos da Senzala, no bairro Pedrinhas. Fundador do Centro Educacional Arte e Movimento Capoeira Escola, atua como oficineiro, palestrante, artes\u00e3o e educador, dedicando sua vida \u00e0 forma\u00e7\u00e3o sociocultural por meio da capoeira.<\/p>\n<p><img src=\"https:\/\/argus-cmvc.sfo2.digitaloceanspaces.com\/noticia\/2025-11-14\/IMG20251114WA0101.jpg\" \/><\/p>\n<p><strong>2. Categoria \u201cDestaque do Ano\u201d<\/strong><\/p>\n<p><strong>William Cabral dos Santos \u2013 Mestrando Tucano<\/strong><\/p>\n<p style=\"text-align: justify;\">Educador e capoeirista, Tucano \u00e9 formado pelo Centro de Treinamento Arte e Movimento Capoeira \u2013 CETA. Licenciado em Educa\u00e7\u00e3o F\u00edsica, trabalha como instrutor de capoeira na Secretaria Municipal de Educa\u00e7\u00e3o e desenvolve atividades no Centro de Cultura Camillo de Jesus Lima. \u00c9 tamb\u00e9m articulador do evento Brincapoeira, voltado ao p\u00fablico infantil.<\/p>\n<p><img src=\"https:\/\/argus-cmvc.sfo2.digitaloceanspaces.com\/noticia\/2025-11-14\/IMG20251114WA0105.jpg\" \/><\/p>\n<p><strong>3. Categoria \u201cDestaque Sudoeste\u201d<\/strong><\/p>\n<p><strong>Ademir Bispo dos Reis \u2013 Professor Aponga<\/strong><\/p>\n<p>Iniciou a capoeira ainda crian\u00e7a e consolidou sua trajet\u00f3ria a partir de 2001. Em 2012, assumiu, com seus irm\u00e3os, a lideran\u00e7a do Projeto Ax\u00e9 Ginga, promovendo forma\u00e7\u00e3o t\u00e9cnica, cultural e filos\u00f3fica para diversas faixas et\u00e1rias na regi\u00e3o.<\/p>\n<p><img src=\"https:\/\/argus-cmvc.sfo2.digitaloceanspaces.com\/noticia\/2025-11-14\/IMG20251114WA0106.jpg\" \/><\/p>\n<p><strong>4. Categoria \u201cSou Mandingueira\u201d<\/strong><\/p>\n<p><strong>Marcil\u00e9ia Gomes Moreira \u2013 Grupo Cultural de Capoeira Meninos de Guerreira<\/strong><\/p>\n<p style=\"text-align: justify;\">Professora Guerreira iniciou a capoeira em 2006 e encontrou na arte um caminho para superar a depress\u00e3o. Em Vit\u00f3ria da Conquista, fundou o Projeto Meninos de Guerreira, que atende crian\u00e7as e adolescentes no bairro Pradoso. Em 2024 passou a ser supervisionada pelo Mestre Acordeon.<\/p>\n<p><img src=\"https:\/\/argus-cmvc.sfo2.digitaloceanspaces.com\/noticia\/2025-11-14\/IMG20251114WA0102.jpg\" \/><\/p>\n<p><strong>5. Categoria \u201cDestaque Sert\u00e3o Produtivo\u201d<\/strong><\/p>\n<p><strong>Rom\u00e1rio Martins de Oliveira \u2013 Contramestre Companheiro<\/strong><\/p>\n<p style=\"text-align: justify;\">Iniciou-se na capoeira aos 7 anos, em Guanambi, e percorreu diversos grupos at\u00e9 fundar, em 2019, o Grupo Esperan\u00e7a Cultural, com forte atua\u00e7\u00e3o comunit\u00e1ria. \u00c9 atualmente supervisionado pelo Mestre Pantera, do Grupo Consci\u00eancia Negra.<\/p>\n<p><img src=\"https:\/\/argus-cmvc.sfo2.digitaloceanspaces.com\/noticia\/2025-11-14\/IMG20251114WA01111.jpg\" \/><\/p>\n<p><strong>6. Categoria \u201cDestaque M\u00e9dio Rio de Contas\u201d<\/strong><\/p>\n<p><strong>Manoel Carlos Brito Chaves \u2013 Mestre Tal<\/strong><\/p>\n<p style=\"text-align: justify;\">Nascido em Itagib\u00e1, Mestre Tal iniciou na capoeira em 1992 e tornou-se refer\u00eancia regional. Graduado em Educa\u00e7\u00e3o F\u00edsica, integra a Associa\u00e7\u00e3o de Capoeira Os \u00c1guias e tem uma trajet\u00f3ria marcada pela forma\u00e7\u00e3o de novos capoeiristas e pela promo\u00e7\u00e3o dos valores educativos e culturais da arte.<\/p>\n<p><strong>7. Categoria \u201cDestaque M\u00e9dio Sudoeste\u201d<\/strong><\/p>\n<p><strong>Cristiano Brito \u2013 Mestrando Preto<\/strong><\/p>\n<p style=\"text-align: justify;\">Come\u00e7ou na capoeira ainda crian\u00e7a e, inspirado pelo Professor Valdir, seguiu carreira na \u00e1rea da educa\u00e7\u00e3o f\u00edsica, dan\u00e7a e turismo cultural. Fundou o Grupo Filhos da Terra em 1993 e atua at\u00e9 hoje como pesquisador, professor e difusor da capoeira e de suas tradi\u00e7\u00f5es.<\/p>\n<p style=\"text-align: justify;\">A realiza\u00e7\u00e3o simult\u00e2nea dos dois trof\u00e9us refor\u00e7a o compromisso da C\u00e2mara Municipal com a\u00e7\u00f5es de conscientiza\u00e7\u00e3o, combate ao racismo e valoriza\u00e7\u00e3o das express\u00f5es culturais de matriz africana. A capoeira, enquanto arte, educa\u00e7\u00e3o e resist\u00eancia, se une \u00e0 caminhada de lideran\u00e7as religiosas, educadores e ativistas que constroem diariamente pol\u00edticas de igualdade racial no munic\u00edpio.<\/p>\n<p style=\"text-align: justify;\">A sess\u00e3o ocorre \u00e0s 19h, com participa\u00e7\u00e3o de autoridades, grupos culturais, comunidades quilombolas e representantes da sociedade civil.<\/p>\n<p>Por Andr\u00e9a P\u00f3voas<\/p>\n<p><a href=\"https:\/\/www.camaravc.ba.gov.br\/home\/inicio\/1\">Mais not\u00edcias do legislativo conquistense<\/a><\/p>\n","protected":false},"excerpt":{"rendered":"<p>A C\u00e2mara Municipal de Vit\u00f3ria da Conquista realiza, na pr\u00f3xima quarta-feira (19), \u00e0s 19horas, mais uma Sess\u00e3o Especial em homenagem ao Dia Nacional de Consci\u00eancia Negra e de A\u00e7\u00e3o Antirracismo., marcada pela entrega de duas premia\u00e7\u00f5es: o Trof\u00e9u Zumbi dos Palmares, dedicado a personalidades que atuam na promo\u00e7\u00e3o da igualdade racial, e o Trof\u00e9u Paranau\u00ea, [&hellip;]<\/p>\n","protected":false},"author":2,"featured_media":126450,"comment_status":"open","ping_status":"open","sticky":false,"template":"","format":"standard","meta":[],"categories":[81,105],"tags":[7135,546,7141,820,7129,7131,7140,7137,7132,7139,7128,7126,7136,7138,6305,7130,7134,150,7133,7127,7125],"_links":{"self":[{"href":"https:\/\/www.blogdopaulonunes.com\/v5\/index.php\/wp-json\/wp\/v2\/posts\/126449"}],"collection":[{"href":"https:\/\/www.blogdopaulonunes.com\/v5\/index.php\/wp-json\/wp\/v2\/posts"}],"about":[{"href":"https:\/\/www.blogdopaulonunes.com\/v5\/index.php\/wp-json\/wp\/v2\/types\/post"}],"author":[{"embeddable":true,"href":"https:\/\/www.blogdopaulonunes.com\/v5\/index.php\/wp-json\/wp\/v2\/users\/2"}],"replies":[{"embeddable":true,"href":"https:\/\/www.blogdopaulonunes.com\/v5\/index.php\/wp-json\/wp\/v2\/comments?post=126449"}],"version-history":[{"count":2,"href":"https:\/\/www.blogdopaulonunes.com\/v5\/index.php\/wp-json\/wp\/v2\/posts\/126449\/revisions"}],"predecessor-version":[{"id":126452,"href":"https:\/\/www.blogdopaulonunes.com\/v5\/index.php\/wp-json\/wp\/v2\/posts\/126449\/revisions\/126452"}],"wp:featuredmedia":[{"embeddable":true,"href":"https:\/\/www.blogdopaulonunes.com\/v5\/index.php\/wp-json\/wp\/v2\/media\/126450"}],"wp:attachment":[{"href":"https:\/\/www.blogdopaulonunes.com\/v5\/index.php\/wp-json\/wp\/v2\/media?parent=126449"}],"wp:term":[{"taxonomy":"category","embeddable":true,"href":"https:\/\/www.blogdopaulonunes.com\/v5\/index.php\/wp-json\/wp\/v2\/categories?post=126449"},{"taxonomy":"post_tag","embeddable":true,"href":"https:\/\/www.blogdopaulonunes.com\/v5\/index.php\/wp-json\/wp\/v2\/tags?post=126449"}],"curies":[{"name":"wp","href":"https:\/\/api.w.org\/{rel}","templated":true}]}}