{"id":126378,"date":"2025-11-08T19:10:48","date_gmt":"2025-11-08T22:10:48","guid":{"rendered":"https:\/\/www.blogdopaulonunes.com\/v5\/?p=126378"},"modified":"2025-11-09T17:06:43","modified_gmt":"2025-11-09T20:06:43","slug":"ana-maria-goncalves-a-primeira-mulher-negra-na-historia-da-academia-brasileira-de-letras-tomou-posse","status":"publish","type":"post","link":"https:\/\/www.blogdopaulonunes.com\/v5\/index.php\/2025\/11\/08\/ana-maria-goncalves-a-primeira-mulher-negra-na-historia-da-academia-brasileira-de-letras-tomou-posse\/","title":{"rendered":"Ana Maria Gon\u00e7alves, a primeira mulher negra na hist\u00f3ria da Academia Brasileira de Letras, tomou posse"},"content":{"rendered":"<p style=\"text-align: justify;\"><strong>Escritora Ana Maria Gon\u00e7alves sucede o professor, gram\u00e1tico e fil\u00f3logo brasileiro Evanildo Bechara<\/strong><\/p>\n<p style=\"text-align: justify;\"><b>\u00a0<\/b>A escritora Ana Maria Gon\u00e7alves tomou posse na cadeira 33 da Academia Brasileira de Letras (ABL), na sexta feira (7), no Rio de Janeiro. Consagrada pela obra\u00a0<i>Um Defeito de Cor<\/i>, eleito como um dos principais livros para se entender o Brasil, ela \u00e9 a primeira mulher negra a integrar a ABL em 128 anos de exist\u00eancia da institui\u00e7\u00e3o e tamb\u00e9m a mais jovem do atual quadro de imortais. A cerim\u00f4nia foi realizada no\u00a0<i>Petit Trianon<\/i>, na sede da ABL, a partir das 20h, e transmitida pelo site e pelo canal do\u00a0<a href=\"https:\/\/www.youtube.com\/user\/abletrasabl\" target=\"_blank\" rel=\"noopener noreferrer nofollow\">Youtube da ABL<\/a>.<\/p>\n<p style=\"text-align: justify;\">Na cerim\u00f4nia, Ana Maria Gon\u00e7alves foi recebida pela acad\u00eamica Lilia Schwarcz e ganhou o colar da acad\u00eamica Ana Maria Machado e o diploma do Acad\u00eamico Gilberto Gil.<\/p>\n<p style=\"text-align: justify;\">A comiss\u00e3o de entrada foi formada pelas acad\u00eamicas Rosiska Darcy de Oliveira, Fernanda Montenegro e Miriam Leit\u00e3o; a comiss\u00e3o de sa\u00edda teve Dom\u00edcio Proen\u00e7a Filho, Geraldo Carneiro e Eduardo Giannetti, de acordo com a programa\u00e7\u00e3o divulgada.<\/p>\n<p style=\"text-align: justify;\">Ao final da cerim\u00f4nia de posse, foi servido um jantar sentado para 300 pessoas no p\u00e1tio externo, com um card\u00e1pio africano. A cerim\u00f4nia contou, ainda, com uma surpresa dos amigos da escritora: a apresenta\u00e7\u00e3o de um grupo musical, que chegou ao local depois de percorrer algumas ruas do centro do Rio de Janeiro em cortejo, de acordo com a ABR.<\/p>\n<h2>Trajet\u00f3ria profissional<\/h2>\n<p style=\"text-align: justify;\">Ana Maria Gon\u00e7alves sucede o professor, gram\u00e1tico e fil\u00f3logo brasileiro Evanildo Bechara, que faleceu em maio deste ano.<\/p>\n<p style=\"text-align: justify;\">Ela nasceu em Ibi\u00e1, em Minas Gerais, em 1970. \u00c9 roteirista, dramaturga e professora de escrita criativa e s\u00f3cia-fundadora da empresa Terreiro Produ\u00e7\u00f5es.<\/p>\n<p style=\"text-align: justify;\">Ana Maria \u00e9 autora de\u00a0<i>Ao lado e \u00e0 margem do que sentes por mim<\/i>\u00a0e\u00a0<i>Um defeito de cor<\/i>, ganhador do pr\u00eamio Casa de Las Americas (Cuba, 2007) e eleito um dos principais livros para se entender o Brasil.<\/p>\n<p style=\"text-align: justify;\">O livro levou cinco anos para ser conclu\u00eddo, sendo dois anos de pesquisa, um de escrita e dois de reescrita. Em 2024, foi enredo da Escola de Samba Portela.<\/p>\n<p style=\"text-align: justify;\">Ela publicou contos em Portugal, It\u00e1lia e nos Estados Unidos, onde morou por oito anos e ministrou cursos e palestras sobre quest\u00f5es raciais. Foi escritora residente nas Universidades de Tulane (New Orleans), Stanford (California), e Middlebur (Vermont). (Com informa\u00e7\u00f5es da Ag\u00eancia Brasil).<\/p>\n<p style=\"text-align: justify;\">\n","protected":false},"excerpt":{"rendered":"<p>Escritora Ana Maria Gon\u00e7alves sucede o professor, gram\u00e1tico e fil\u00f3logo brasileiro Evanildo Bechara \u00a0A escritora Ana Maria Gon\u00e7alves tomou posse na cadeira 33 da Academia Brasileira de Letras (ABL), na sexta feira (7), no Rio de Janeiro. Consagrada pela obra\u00a0Um Defeito de Cor, eleito como um dos principais livros para se entender o Brasil, ela [&hellip;]<\/p>\n","protected":false},"author":2,"featured_media":126379,"comment_status":"open","ping_status":"open","sticky":false,"template":"","format":"standard","meta":[],"categories":[103,72],"tags":[7091,7090],"_links":{"self":[{"href":"https:\/\/www.blogdopaulonunes.com\/v5\/index.php\/wp-json\/wp\/v2\/posts\/126378"}],"collection":[{"href":"https:\/\/www.blogdopaulonunes.com\/v5\/index.php\/wp-json\/wp\/v2\/posts"}],"about":[{"href":"https:\/\/www.blogdopaulonunes.com\/v5\/index.php\/wp-json\/wp\/v2\/types\/post"}],"author":[{"embeddable":true,"href":"https:\/\/www.blogdopaulonunes.com\/v5\/index.php\/wp-json\/wp\/v2\/users\/2"}],"replies":[{"embeddable":true,"href":"https:\/\/www.blogdopaulonunes.com\/v5\/index.php\/wp-json\/wp\/v2\/comments?post=126378"}],"version-history":[{"count":1,"href":"https:\/\/www.blogdopaulonunes.com\/v5\/index.php\/wp-json\/wp\/v2\/posts\/126378\/revisions"}],"predecessor-version":[{"id":126380,"href":"https:\/\/www.blogdopaulonunes.com\/v5\/index.php\/wp-json\/wp\/v2\/posts\/126378\/revisions\/126380"}],"wp:featuredmedia":[{"embeddable":true,"href":"https:\/\/www.blogdopaulonunes.com\/v5\/index.php\/wp-json\/wp\/v2\/media\/126379"}],"wp:attachment":[{"href":"https:\/\/www.blogdopaulonunes.com\/v5\/index.php\/wp-json\/wp\/v2\/media?parent=126378"}],"wp:term":[{"taxonomy":"category","embeddable":true,"href":"https:\/\/www.blogdopaulonunes.com\/v5\/index.php\/wp-json\/wp\/v2\/categories?post=126378"},{"taxonomy":"post_tag","embeddable":true,"href":"https:\/\/www.blogdopaulonunes.com\/v5\/index.php\/wp-json\/wp\/v2\/tags?post=126378"}],"curies":[{"name":"wp","href":"https:\/\/api.w.org\/{rel}","templated":true}]}}