{"id":126375,"date":"2025-11-08T04:06:58","date_gmt":"2025-11-08T07:06:58","guid":{"rendered":"https:\/\/www.blogdopaulonunes.com\/v5\/?p=126375"},"modified":"2025-11-08T04:06:58","modified_gmt":"2025-11-08T07:06:58","slug":"o-maior-medo-do-governo-do-df-com-a-ida-de-bolsonaro-para-a-papuda","status":"publish","type":"post","link":"https:\/\/www.blogdopaulonunes.com\/v5\/index.php\/2025\/11\/08\/o-maior-medo-do-governo-do-df-com-a-ida-de-bolsonaro-para-a-papuda\/","title":{"rendered":"O maior medo do governo do DF com a ida de Bolsonaro para a Papuda"},"content":{"rendered":"<p style=\"text-align: justify;\"><strong>Entrada em cena do governador Ibaneis Rocha, um bajulador e aliado de primeira hora do ex-presidente, seria por camaradagem, mas h\u00e1 mais coisa por tr\u00e1s disso<\/strong><\/p>\n<p style=\"text-align: justify;\">A tentativa do governo do Distrito Federal, liderado por Ibaneis Rocha (MDB), um bolsonarista bajulador de primeira hora, de interferir no iminente encaminhamento de Jair Bolsonaro (PL) para o Complexo Penitenci\u00e1rio da Papuda, atrav\u00e9s de um ins\u00f3lito pedido de avalia\u00e7\u00e3o m\u00e9dica do ex-presidente golpista antes mesmo de sua condi\u00e7\u00e3o entrar em quest\u00f5es de execu\u00e7\u00e3o penal, teria algo mais al\u00e9m de camaradagem e alinhamento ideol\u00f3gico.<\/p>\n<p style=\"text-align: justify;\">\u00c9 fato que, como aliado fiel, Ibaneis gostaria muito de \u201cmelar\u201d a ida de Bolsonaro para uma das pris\u00f5es mais famosas do pa\u00eds, c\u00e9lebre por receber pol\u00edticos bandidos, mas a Secretaria de Administra\u00e7\u00e3o Penitenci\u00e1ria do DF est\u00e1 de orelha em p\u00e9 com qualquer possibilidade do l\u00edder extremista n\u00e3o ter \u201cisolamento total\u201d na Papuda.<br \/>\nDurante a visita \u00e0 unidade de um auxiliar do ministro Alexandre de Moraes, do Supremo Tribunal Federal, e da ju\u00edza Leila Cury, titular da Vara de Execu\u00e7\u00f5es Penais do DF, os emiss\u00e1rios de Ibaneis trataram de mostrar setores que seriam completamente desconectados do resto das instala\u00e7\u00f5es e com condi\u00e7\u00f5es f\u00edsicas de inacessibilidade para que o golpista em hip\u00f3tese alguma fosse encontrado e alcan\u00e7ado fisicamente por qualquer outro detento.<br \/>\nDiante de tal \u201cmiss\u00e3o\u201d, o governo do Distrito Federal selecionou tr\u00eas pontos diferentes da Papuda onde Bolsonaro poderia ficar detido numa cela especial sem que nenhum outro presidi\u00e1rio, nem na mais remota hip\u00f3tese, possa acess\u00e1-lo e fazer algo. Essas \u00e1reas n\u00e3o teria conex\u00f5es com alas ou pavilh\u00f5es do complexo penitenci\u00e1rio, ou seja, seria lugares adaptados para um preso t\u00e3o \u201cilustre\u201d.<\/p>\n","protected":false},"excerpt":{"rendered":"<p>Entrada em cena do governador Ibaneis Rocha, um bajulador e aliado de primeira hora do ex-presidente, seria por camaradagem, mas h\u00e1 mais coisa por tr\u00e1s disso A tentativa do governo do Distrito Federal, liderado por Ibaneis Rocha (MDB), um bolsonarista bajulador de primeira hora, de interferir no iminente encaminhamento de Jair Bolsonaro (PL) para o [&hellip;]<\/p>\n","protected":false},"author":2,"featured_media":126376,"comment_status":"open","ping_status":"open","sticky":false,"template":"","format":"standard","meta":[],"categories":[75,105],"tags":[151,7089,2997],"_links":{"self":[{"href":"https:\/\/www.blogdopaulonunes.com\/v5\/index.php\/wp-json\/wp\/v2\/posts\/126375"}],"collection":[{"href":"https:\/\/www.blogdopaulonunes.com\/v5\/index.php\/wp-json\/wp\/v2\/posts"}],"about":[{"href":"https:\/\/www.blogdopaulonunes.com\/v5\/index.php\/wp-json\/wp\/v2\/types\/post"}],"author":[{"embeddable":true,"href":"https:\/\/www.blogdopaulonunes.com\/v5\/index.php\/wp-json\/wp\/v2\/users\/2"}],"replies":[{"embeddable":true,"href":"https:\/\/www.blogdopaulonunes.com\/v5\/index.php\/wp-json\/wp\/v2\/comments?post=126375"}],"version-history":[{"count":1,"href":"https:\/\/www.blogdopaulonunes.com\/v5\/index.php\/wp-json\/wp\/v2\/posts\/126375\/revisions"}],"predecessor-version":[{"id":126377,"href":"https:\/\/www.blogdopaulonunes.com\/v5\/index.php\/wp-json\/wp\/v2\/posts\/126375\/revisions\/126377"}],"wp:featuredmedia":[{"embeddable":true,"href":"https:\/\/www.blogdopaulonunes.com\/v5\/index.php\/wp-json\/wp\/v2\/media\/126376"}],"wp:attachment":[{"href":"https:\/\/www.blogdopaulonunes.com\/v5\/index.php\/wp-json\/wp\/v2\/media?parent=126375"}],"wp:term":[{"taxonomy":"category","embeddable":true,"href":"https:\/\/www.blogdopaulonunes.com\/v5\/index.php\/wp-json\/wp\/v2\/categories?post=126375"},{"taxonomy":"post_tag","embeddable":true,"href":"https:\/\/www.blogdopaulonunes.com\/v5\/index.php\/wp-json\/wp\/v2\/tags?post=126375"}],"curies":[{"name":"wp","href":"https:\/\/api.w.org\/{rel}","templated":true}]}}