{"id":126307,"date":"2025-11-04T14:26:37","date_gmt":"2025-11-04T17:26:37","guid":{"rendered":"https:\/\/www.blogdopaulonunes.com\/v5\/?p=126307"},"modified":"2025-11-04T14:26:37","modified_gmt":"2025-11-04T17:26:37","slug":"em-operacao-sem-vitimas-policia-prende-31-do-comando-vermelho-na-bahia","status":"publish","type":"post","link":"https:\/\/www.blogdopaulonunes.com\/v5\/index.php\/2025\/11\/04\/em-operacao-sem-vitimas-policia-prende-31-do-comando-vermelho-na-bahia\/","title":{"rendered":"Em opera\u00e7\u00e3o sem v\u00edtimas, pol\u00edcia prende 31 do Comando Vermelho na Bahia"},"content":{"rendered":"<h5 style=\"text-align: justify;\"><strong>Opera\u00e7\u00e3o Freedom mira l\u00edderes armados e financeiros da fac\u00e7\u00e3o, com apoio de for\u00e7as estaduais e federais<\/strong><\/h5>\n<p style=\"text-align: justify;\">\u00a0Uma ampla opera\u00e7\u00e3o deflagrada pela Pol\u00edcia Civil da Bahia resultou, na manh\u00e3 desta ter\u00e7a-feira (4), na pris\u00e3o de 31 pessoas suspeitas de integrar o Comando Vermelho. A a\u00e7\u00e3o, batizada de Opera\u00e7\u00e3o Freedom, tem como foco desmantelar os n\u00facleos armado e financeiro da fac\u00e7\u00e3o criminosa no estado.<\/p>\n<p style=\"text-align: justify;\">De acordo com informa\u00e7\u00f5es publicadas pela<a href=\"https:\/\/www1.folha.uol.com.br\/cotidiano\/2025\/11\/operacao-contra-o-comando-vermelho-prende-31-suspeitos-na-bahia.shtml\" target=\"_blank\" rel=\"noopener noreferrer nofollow\">\u00a0<i>Folha de S.Paulo<\/i>,<\/a>\u00a0a ofensiva mobilizou mais de 400 agentes das pol\u00edcias civil e militar, al\u00e9m de contar com o apoio da For\u00e7a Integrada de Combate ao Crime Organizado (Ficco) da Bahia e da Pol\u00edcia Civil do Cear\u00e1. Ao todo, foram expedidas 90 ordens judiciais, entre mandados de busca, apreens\u00e3o e pris\u00e3o.<\/p>\n<h4>A\u00e7\u00f5es concentradas em Salvador e interior baiano<\/h4>\n<p style=\"text-align: justify;\">At\u00e9 as 7h desta ter\u00e7a-feira, as autoridades haviam cumprido 46 mandados de busca e apreens\u00e3o e 31 de pris\u00e3o na Bahia e no Cear\u00e1. Ningu\u00e9m morreu durante as a\u00e7\u00f5es. Segundo a Pol\u00edcia Civil, as investiga\u00e7\u00f5es envolvem suspeitos de homic\u00eddios e tr\u00e1fico de drogas em Salvador e outras cidades do estado.<\/p>\n<p style=\"text-align: justify;\">Na capital baiana, as opera\u00e7\u00f5es se concentraram em bairros como Liberdade, Pernambu\u00e9s, Narandiba, Uruguai e Areia Branca, \u00e1reas sob influ\u00eancia do Comando Vermelho. Al\u00e9m disso, houve a\u00e7\u00f5es nos munic\u00edpios de Aratu\u00edpe e Ilh\u00e9us, na Bahia, e em Eus\u00e9bio, no Cear\u00e1.<\/p>\n<h4>Bloqueio de contas e investiga\u00e7\u00f5es sobre homic\u00eddios<\/h4>\n<p style=\"text-align: justify;\">A Justi\u00e7a determinou o bloqueio de 51 contas banc\u00e1rias ligadas ao grupo investigado. Segundo a Pol\u00edcia Civil, os resultados da opera\u00e7\u00e3o podem ajudar na elucida\u00e7\u00e3o de cerca de 30 assassinatos ocorridos recentemente em Salvador. O objetivo \u00e9 enfraquecer a estrutura da fac\u00e7\u00e3o, apreender armas e bens e interromper o fluxo financeiro proveniente do tr\u00e1fico.<\/p>\n<h4>Contexto nacional da fac\u00e7\u00e3o<\/h4>\n<p style=\"text-align: justify;\">A Opera\u00e7\u00e3o Freedom ocorre uma semana ap\u00f3s uma a\u00e7\u00e3o de grande porte no Rio de Janeiro, que deixou ao menos 121 mortos e se tornou a mais letal da hist\u00f3ria do Brasil. Essa ofensiva, chamada Opera\u00e7\u00e3o Conten\u00e7\u00e3o, revelou um esquema de coopera\u00e7\u00e3o entre o Comando Vermelho e lideran\u00e7as de suas bases nas regi\u00f5es Norte e Nordeste.<\/p>\n<p style=\"text-align: justify;\">Segundo o Relat\u00f3rio do Mapa de Orcrim 2024, do Minist\u00e9rio da Justi\u00e7a, o Comando Vermelho atua em 22 estados brasileiros. A Bahia aparece como uma das principais \u00e1reas de expans\u00e3o da fac\u00e7\u00e3o desde 2020, quando o grupo carioca teria incorporado o Comando da Paz, organiza\u00e7\u00e3o local ent\u00e3o dominante.<\/p>\n<h4>Disputa com o Bonde do Maluco e avan\u00e7o da viol\u00eancia<\/h4>\n<p style=\"text-align: justify;\">A fus\u00e3o ampliou as rotas de tr\u00e1fico de drogas e armas e intensificou os confrontos pelo controle territorial em Salvador e no interior. A principal rival do Comando Vermelho no estado \u00e9 o Bonde do Maluco (BDM), que mant\u00e9m alian\u00e7a com o Primeiro Comando da Capital (PCC), de S\u00e3o Paulo.<\/p>\n","protected":false},"excerpt":{"rendered":"<p>Opera\u00e7\u00e3o Freedom mira l\u00edderes armados e financeiros da fac\u00e7\u00e3o, com apoio de for\u00e7as estaduais e federais \u00a0Uma ampla opera\u00e7\u00e3o deflagrada pela Pol\u00edcia Civil da Bahia resultou, na manh\u00e3 desta ter\u00e7a-feira (4), na pris\u00e3o de 31 pessoas suspeitas de integrar o Comando Vermelho. A a\u00e7\u00e3o, batizada de Opera\u00e7\u00e3o Freedom, tem como foco desmantelar os n\u00facleos armado [&hellip;]<\/p>\n","protected":false},"author":2,"featured_media":126308,"comment_status":"open","ping_status":"open","sticky":false,"template":"","format":"standard","meta":[],"categories":[4381,72],"tags":[7059,7057,7058,382],"_links":{"self":[{"href":"https:\/\/www.blogdopaulonunes.com\/v5\/index.php\/wp-json\/wp\/v2\/posts\/126307"}],"collection":[{"href":"https:\/\/www.blogdopaulonunes.com\/v5\/index.php\/wp-json\/wp\/v2\/posts"}],"about":[{"href":"https:\/\/www.blogdopaulonunes.com\/v5\/index.php\/wp-json\/wp\/v2\/types\/post"}],"author":[{"embeddable":true,"href":"https:\/\/www.blogdopaulonunes.com\/v5\/index.php\/wp-json\/wp\/v2\/users\/2"}],"replies":[{"embeddable":true,"href":"https:\/\/www.blogdopaulonunes.com\/v5\/index.php\/wp-json\/wp\/v2\/comments?post=126307"}],"version-history":[{"count":1,"href":"https:\/\/www.blogdopaulonunes.com\/v5\/index.php\/wp-json\/wp\/v2\/posts\/126307\/revisions"}],"predecessor-version":[{"id":126309,"href":"https:\/\/www.blogdopaulonunes.com\/v5\/index.php\/wp-json\/wp\/v2\/posts\/126307\/revisions\/126309"}],"wp:featuredmedia":[{"embeddable":true,"href":"https:\/\/www.blogdopaulonunes.com\/v5\/index.php\/wp-json\/wp\/v2\/media\/126308"}],"wp:attachment":[{"href":"https:\/\/www.blogdopaulonunes.com\/v5\/index.php\/wp-json\/wp\/v2\/media?parent=126307"}],"wp:term":[{"taxonomy":"category","embeddable":true,"href":"https:\/\/www.blogdopaulonunes.com\/v5\/index.php\/wp-json\/wp\/v2\/categories?post=126307"},{"taxonomy":"post_tag","embeddable":true,"href":"https:\/\/www.blogdopaulonunes.com\/v5\/index.php\/wp-json\/wp\/v2\/tags?post=126307"}],"curies":[{"name":"wp","href":"https:\/\/api.w.org\/{rel}","templated":true}]}}