{"id":126297,"date":"2025-11-03T14:48:56","date_gmt":"2025-11-03T17:48:56","guid":{"rendered":"https:\/\/www.blogdopaulonunes.com\/v5\/?p=126297"},"modified":"2025-11-03T14:48:56","modified_gmt":"2025-11-03T17:48:56","slug":"idoso-necessita-de-cirurgia-no-municipio-de-caraibas-mas-nao-consegue-vaga-na-regulacao","status":"publish","type":"post","link":"https:\/\/www.blogdopaulonunes.com\/v5\/index.php\/2025\/11\/03\/idoso-necessita-de-cirurgia-no-municipio-de-caraibas-mas-nao-consegue-vaga-na-regulacao\/","title":{"rendered":"Idoso necessita de cirurgia no munic\u00edpio de Cara\u00edbas, mas n\u00e3o consegue vaga na regula\u00e7\u00e3o"},"content":{"rendered":"<p style=\"text-align: justify;\">Atualmente nos deparamos com uma situa\u00e7\u00e3o bastante sens\u00edvel, onde o senhor de 91 anos de idade encontra-se internado no Centro de Sa\u00fade Santo Ant\u00f4nio em Cara\u00edbas, desde o dia 12\/10\/2025, devido \u00e0 fratura de seu f\u00eamur, necessitando, urgentemente, de cirurgia, tendo em vista o seu grave quadro de sa\u00fade, em imin\u00eancia de morte, onde os seus dedos encontram-se em processo de Necrotiza\u00e7\u00e3o, ainda adquirindo SEPSE dentro da unidade<\/p>\n<p style=\"text-align: justify;\">Embora o ju\u00edzo do munic\u00edpio de Cara\u00edbas tenha deferido a Tutela de Urg\u00eancia pleiteada, nenhuma provid\u00eancia efetiva foi adotada, permanecendo o idoso em situa\u00e7\u00e3o de abandono institucional, \u00e0 espera de regula\u00e7\u00e3o, em total desconformidade com os preceitos constitucionais e legais que asseguram prioridade absoluta ao atendimento de pessoas idosas em estado grave.<\/p>\n<p style=\"text-align: justify;\">A situa\u00e7\u00e3o vivenciada pelo paciente \u00e9 absolutamente alarmante e intoler\u00e1vel sob qualquer perspectiva humanit\u00e1ria ou jur\u00eddica. Internado h\u00e1 v\u00e1rios dias em uma unidade de sa\u00fade prec\u00e1ria, carente de estrutura m\u00ednima para atendimento de m\u00e9dia ou alta complexidade, o idoso encontra-se em evidente processo de agravamento cl\u00ednico, apresentando necrose avan\u00e7ada nos dedos e evolu\u00e7\u00e3o para quadro s\u00e9ptico, circunst\u00e2ncias que revelam risco iminente de morte.<\/p>\n<p style=\"text-align: justify;\">Cumpre salientar, ainda, que a unidade de sa\u00fade persiste na conduta omissiva quanto \u00e0 disponibiliza\u00e7\u00e3o dos documentos m\u00e9dicos do paciente, negando acesso a relat\u00f3rios atualizados sobre seu estado cl\u00ednico. Para evitar que tais fatos se restrinjam a meras alega\u00e7\u00f5es, este patrono entrou em contato diretamente com a dire\u00e7\u00e3o do hospital, ocasi\u00e3o em que ficou registrada a recusa no fornecimento das informa\u00e7\u00f5es solicitadas, sob justificativas inconsistentes, tais como suposta queda de sistema, exig\u00eancia de protocolos formais e orienta\u00e7\u00f5es para retornar a liga\u00e7\u00e3o em outro momento.<\/p>\n<p style=\"text-align: justify;\">Durante a interlocu\u00e7\u00e3o, verificou-se evidente nervosismo por parte dos respons\u00e1veis, o que refor\u00e7a a suspeita de oculta\u00e7\u00e3o deliberada de informa\u00e7\u00f5es, sobretudo diante do estado cr\u00edtico do paciente. Tal postura, al\u00e9m de violar o direito de acesso aos prontu\u00e1rios, assegurado pelo C\u00f3digo de \u00c9tica M\u00e9dica, pelas Resolu\u00e7\u00f5es do CFM e pelo Estatuto do Idoso, configura novo ind\u00edcio de neglig\u00eancia institucional e refor\u00e7a a urg\u00eancia de interven\u00e7\u00e3o judicial mais en\u00e9rgica.<\/p>\n<p style=\"text-align: justify;\">O Minist\u00e9rio P\u00fablico chegou a ser acionado, mas sua atua\u00e7\u00e3o ficou restrita \u00e0 abertura de um procedimento administrativo, e mesmo ciente de que o poder p\u00fablico continuava omisso, limitou-se a orientar a fam\u00edlia a comparecer presencialmente \u00e0 Procuradoria de Justi\u00e7a, apesar de j\u00e1 existir uma tutela de urg\u00eancia determinando a transfer\u00eancia hospitalar do paciente.<br \/>\n\u00c9 importante destacar que, como fiscal da lei, o Minist\u00e9rio P\u00fablico poderia adotar medidas mais efetivas, inclusive investigativas, para garantir o cumprimento da decis\u00e3o judicial e proteger a sa\u00fade e a vida do idoso.<\/p>\n<p style=\"text-align: justify;\">Al\u00e9m disso, os familiares se depararam com uma situa\u00e7\u00e3o revoltante: um jovem que havia chegado \u00e0 unidade no dia anterior, com fratura no bra\u00e7o, foi rapidamente transferido para outro hospital e recebeu atendimento adequado em poucas horas.<\/p>\n<p style=\"text-align: justify;\">Diante desse contraste, surge a pergunta inevit\u00e1vel: por que o idoso de 91 anos, com fratura de f\u00eamur desde 12\/10\/2025, continua abandonado \u00e0 pr\u00f3pria sorte, sem tratamento adequado e exposto ao risco de morte? A omiss\u00e3o do poder p\u00fablico sugere um tratamento discriminat\u00f3rio, como se a idade avan\u00e7ada retirasse dele o direito \u00e0 vida e \u00e0 dignidade.<\/p>\n<p style=\"text-align: justify;\">N\u00e3o h\u00e1 como ignorar a gravidade da situa\u00e7\u00e3o: submeter um idoso fr\u00e1gil a sofrimento prolongado, dor constante e risco de infec\u00e7\u00e3o grave \u00e9 pr\u00e1tica que se aproxima de verdadeira tortura, completamente incompat\u00edvel com a Constitui\u00e7\u00e3o, com o Estatuto do Idoso e com os princ\u00edpios m\u00ednimos de humanidade e respeito.<\/p>\n<p style=\"text-align: justify;\">Trata-se de uma situa\u00e7\u00e3o desumana, que remete a cen\u00e1rios hist\u00f3ricos de completa viola\u00e7\u00e3o de direitos, semelhantes aos sofrimentos impostos em campos de concentra\u00e7\u00e3o. A neglig\u00eancia e o abandono vivenciados levantam um questionamento grave: estaria o Estado tratando pessoas idosas como vidas descart\u00e1veis, simplesmente por n\u00e3o serem mais economicamente produtivas ou politicamente ativas?<\/p>\n<p style=\"text-align: justify;\">A realidade descrita evidencia n\u00e3o apenas a omiss\u00e3o dos agentes p\u00fablicos, mas a face cruel da marginaliza\u00e7\u00e3o da velhice, tratada como etapa invis\u00edvel e descart\u00e1vel da vida humana. Tal postura viola frontalmente o princ\u00edpio da dignidade da pessoa humana e afronta os deveres constitucionais de prote\u00e7\u00e3o integral previstos para a popula\u00e7\u00e3o idosa, que deveria receber prioridade absoluta no acesso a pol\u00edticas de sa\u00fade, assist\u00eancia e cuidado.<\/p>\n<p style=\"text-align: justify;\">Tal cen\u00e1rio nos leva a refletir sobre o futuro e a temer que, em nossa pr\u00f3pria velhice, sejamos tratados da mesma forma: com descaso, abandono e sil\u00eancio institucional. A omiss\u00e3o torna-se ainda mais alarmante diante do fato de que n\u00e3o apenas a unidade hospitalar e a SESAB t\u00eam pleno conhecimento da situa\u00e7\u00e3o, mas tamb\u00e9m o Minist\u00e9rio P\u00fablico, o Ju\u00edzo da Fazenda P\u00fablica de Salvador e de Anag\u00e9, al\u00e9m das m\u00eddias sociais j\u00e1 mencionadas no e-mail anteriormente enviado, n\u00e3o cabendo alternativa diversa a n\u00e3o ser incluir a OAB nosso\u00a0caso\u00a0correlato.<\/p>\n<p style=\"text-align: justify;\">Como \u00faltima not\u00edcia ficamos sabendo que a unidade pretende direcionar o idoso para aguardar a regula\u00e7\u00e3o em casa, mesmo com o f\u00eamur quebrado, tomando bolsas de sangue e com quadro de SPSE e necrotiza\u00e7\u00e3o nos dedos. Uma verdadeira tortura sob os olhos dos agentes de sa\u00fade e autoridades\u00a0competentes.<\/p>\n","protected":false},"excerpt":{"rendered":"<p>Atualmente nos deparamos com uma situa\u00e7\u00e3o bastante sens\u00edvel, onde o senhor de 91 anos de idade encontra-se internado no Centro de Sa\u00fade Santo Ant\u00f4nio em Cara\u00edbas, desde o dia 12\/10\/2025, devido \u00e0 fratura de seu f\u00eamur, necessitando, urgentemente, de cirurgia, tendo em vista o seu grave quadro de sa\u00fade, em imin\u00eancia de morte, onde os [&hellip;]<\/p>\n","protected":false},"author":2,"featured_media":126298,"comment_status":"open","ping_status":"open","sticky":false,"template":"","format":"standard","meta":[],"categories":[4464,105],"tags":[5732,2051,7055],"_links":{"self":[{"href":"https:\/\/www.blogdopaulonunes.com\/v5\/index.php\/wp-json\/wp\/v2\/posts\/126297"}],"collection":[{"href":"https:\/\/www.blogdopaulonunes.com\/v5\/index.php\/wp-json\/wp\/v2\/posts"}],"about":[{"href":"https:\/\/www.blogdopaulonunes.com\/v5\/index.php\/wp-json\/wp\/v2\/types\/post"}],"author":[{"embeddable":true,"href":"https:\/\/www.blogdopaulonunes.com\/v5\/index.php\/wp-json\/wp\/v2\/users\/2"}],"replies":[{"embeddable":true,"href":"https:\/\/www.blogdopaulonunes.com\/v5\/index.php\/wp-json\/wp\/v2\/comments?post=126297"}],"version-history":[{"count":1,"href":"https:\/\/www.blogdopaulonunes.com\/v5\/index.php\/wp-json\/wp\/v2\/posts\/126297\/revisions"}],"predecessor-version":[{"id":126299,"href":"https:\/\/www.blogdopaulonunes.com\/v5\/index.php\/wp-json\/wp\/v2\/posts\/126297\/revisions\/126299"}],"wp:featuredmedia":[{"embeddable":true,"href":"https:\/\/www.blogdopaulonunes.com\/v5\/index.php\/wp-json\/wp\/v2\/media\/126298"}],"wp:attachment":[{"href":"https:\/\/www.blogdopaulonunes.com\/v5\/index.php\/wp-json\/wp\/v2\/media?parent=126297"}],"wp:term":[{"taxonomy":"category","embeddable":true,"href":"https:\/\/www.blogdopaulonunes.com\/v5\/index.php\/wp-json\/wp\/v2\/categories?post=126297"},{"taxonomy":"post_tag","embeddable":true,"href":"https:\/\/www.blogdopaulonunes.com\/v5\/index.php\/wp-json\/wp\/v2\/tags?post=126297"}],"curies":[{"name":"wp","href":"https:\/\/api.w.org\/{rel}","templated":true}]}}