{"id":126291,"date":"2025-11-02T17:29:29","date_gmt":"2025-11-02T20:29:29","guid":{"rendered":"https:\/\/www.blogdopaulonunes.com\/v5\/?p=126291"},"modified":"2025-11-02T17:29:29","modified_gmt":"2025-11-02T20:29:29","slug":"planalto-desmonta-cargos-do-pl-e-redistribui-funcoes-no-governo","status":"publish","type":"post","link":"https:\/\/www.blogdopaulonunes.com\/v5\/index.php\/2025\/11\/02\/planalto-desmonta-cargos-do-pl-e-redistribui-funcoes-no-governo\/","title":{"rendered":"Planalto desmonta cargos do PL e redistribui fun\u00e7\u00f5es no governo"},"content":{"rendered":"<p style=\"text-align: justify;\">Opera\u00e7\u00e3o de reorganiza\u00e7\u00e3o da base aliada exonerou indicados do PL e agora redistribui cargos sem contemplar partido de Bolsonaro<\/p>\n<p style=\"text-align: justify;\">O Pal\u00e1cio do Planalto aproveitou a opera\u00e7\u00e3o de reorganiza\u00e7\u00e3o da base aliada no Congresso para desmontar uma rede de cargos ocupados por apadrinhados do PL de Jair Bolsonaro no governo federal, informou o Metr\u00f3poles. Al\u00e9m de parlamentares do Centr\u00e3o que vinham se afastando das vota\u00e7\u00f5es favor\u00e1veis ao governo, deputados do PL tamb\u00e9m perderam posi\u00e7\u00f5es que ainda mantinham em diferentes \u00e1reas da administra\u00e7\u00e3o p\u00fablica.<\/p>\n<p style=\"text-align: justify;\">Durante a opera\u00e7\u00e3o, indicados do PL foram exonerados de uma vice-presid\u00eancia da Caixa Econ\u00f4mica Federal, de diretorias do Postalis, fundo de pens\u00e3o dos Correios, e at\u00e9 de cargos no Minist\u00e9rio da Agricultura. A medida faz parte de um esfor\u00e7o do Planalto de redistribuir fun\u00e7\u00f5es e consolidar o controle sobre a base parlamentar. Segundo integrantes da articula\u00e7\u00e3o pol\u00edtica, a opera\u00e7\u00e3o j\u00e1 foi conclu\u00edda e agora o foco est\u00e1 na redistribui\u00e7\u00e3o dos cargos, excluindo o PL de Jair Bolsonaro das novas nomea\u00e7\u00f5es.<\/p>\n<p style=\"text-align: justify;\">O ministro da Agricultura, Carlos F\u00e1varo, revelou a aliados que apadrinhados por deputados do PL ocupavam superintend\u00eancias regionais da pasta, exercendo influ\u00eancia sobre pol\u00edticas e recursos estrat\u00e9gicos. A retirada desses nomes refor\u00e7a a estrat\u00e9gia do governo de reduzir a presen\u00e7a do partido de Bolsonaro na administra\u00e7\u00e3o federal.<\/p>\n<p style=\"text-align: justify;\">Fontes da articula\u00e7\u00e3o pol\u00edtica afirmam que a medida tamb\u00e9m envia um recado claro sobre a necessidade de fidelidade ao governo nas vota\u00e7\u00f5es e negocia\u00e7\u00f5es no Congresso. O PL, at\u00e9 o momento, n\u00e3o deve ser contemplado na nova distribui\u00e7\u00e3o de cargos, consolidando a exclus\u00e3o do partido das fun\u00e7\u00f5es estrat\u00e9gicas no governo.<\/p>\n","protected":false},"excerpt":{"rendered":"<p>Opera\u00e7\u00e3o de reorganiza\u00e7\u00e3o da base aliada exonerou indicados do PL e agora redistribui cargos sem contemplar partido de Bolsonaro O Pal\u00e1cio do Planalto aproveitou a opera\u00e7\u00e3o de reorganiza\u00e7\u00e3o da base aliada no Congresso para desmontar uma rede de cargos ocupados por apadrinhados do PL de Jair Bolsonaro no governo federal, informou o Metr\u00f3poles. Al\u00e9m de [&hellip;]<\/p>\n","protected":false},"author":2,"featured_media":126292,"comment_status":"open","ping_status":"open","sticky":false,"template":"","format":"standard","meta":[],"categories":[130,72],"tags":[1481,795,1568,7053,3905,1933],"_links":{"self":[{"href":"https:\/\/www.blogdopaulonunes.com\/v5\/index.php\/wp-json\/wp\/v2\/posts\/126291"}],"collection":[{"href":"https:\/\/www.blogdopaulonunes.com\/v5\/index.php\/wp-json\/wp\/v2\/posts"}],"about":[{"href":"https:\/\/www.blogdopaulonunes.com\/v5\/index.php\/wp-json\/wp\/v2\/types\/post"}],"author":[{"embeddable":true,"href":"https:\/\/www.blogdopaulonunes.com\/v5\/index.php\/wp-json\/wp\/v2\/users\/2"}],"replies":[{"embeddable":true,"href":"https:\/\/www.blogdopaulonunes.com\/v5\/index.php\/wp-json\/wp\/v2\/comments?post=126291"}],"version-history":[{"count":1,"href":"https:\/\/www.blogdopaulonunes.com\/v5\/index.php\/wp-json\/wp\/v2\/posts\/126291\/revisions"}],"predecessor-version":[{"id":126293,"href":"https:\/\/www.blogdopaulonunes.com\/v5\/index.php\/wp-json\/wp\/v2\/posts\/126291\/revisions\/126293"}],"wp:featuredmedia":[{"embeddable":true,"href":"https:\/\/www.blogdopaulonunes.com\/v5\/index.php\/wp-json\/wp\/v2\/media\/126292"}],"wp:attachment":[{"href":"https:\/\/www.blogdopaulonunes.com\/v5\/index.php\/wp-json\/wp\/v2\/media?parent=126291"}],"wp:term":[{"taxonomy":"category","embeddable":true,"href":"https:\/\/www.blogdopaulonunes.com\/v5\/index.php\/wp-json\/wp\/v2\/categories?post=126291"},{"taxonomy":"post_tag","embeddable":true,"href":"https:\/\/www.blogdopaulonunes.com\/v5\/index.php\/wp-json\/wp\/v2\/tags?post=126291"}],"curies":[{"name":"wp","href":"https:\/\/api.w.org\/{rel}","templated":true}]}}