{"id":126280,"date":"2025-11-01T17:52:48","date_gmt":"2025-11-01T20:52:48","guid":{"rendered":"https:\/\/www.blogdopaulonunes.com\/v5\/?p=126280"},"modified":"2025-11-01T17:52:48","modified_gmt":"2025-11-01T20:52:48","slug":"governo-municipal-derruba-predio-historico-na-praca-sa-barreto","status":"publish","type":"post","link":"https:\/\/www.blogdopaulonunes.com\/v5\/index.php\/2025\/11\/01\/governo-municipal-derruba-predio-historico-na-praca-sa-barreto\/","title":{"rendered":"Governo Municipal derruba pr\u00e9dio hist\u00f3rico na Pra\u00e7a S\u00e1 Barreto"},"content":{"rendered":"<div class=\"not_tit\"><\/div>\n<p class=\"post-information\" style=\"text-align: justify;\"><strong><span style=\"color: #ff0000;\">Mais uma vez uma parte da Hist\u00f3ria de Vit\u00f3ria da Conquista vai para o ralo, Prefeitura desconhece a Hist\u00f3ria do im\u00f3vel, cita apenas a antiga delegacia de Pol\u00edcia Civil, por\u00e9m, antes\u00a0 funcionou um importante equipamento do munic\u00edpio<\/span>.<\/strong><\/p>\n<div class=\"post-content\">\n<p style=\"text-align: justify;\">A Coordena\u00e7\u00e3o Municipal de Prote\u00e7\u00e3o e Defesa Civil (Compdec), em parceria com a Secretaria Municipal de Infraestrutura Urbana (Seinfra), realizou a demoli\u00e7\u00e3o parcial da estrutura da antiga delegacia da Pol\u00edcia Civil, situada na Pra\u00e7a S\u00e1 Barreto, em Vit\u00f3ria da Conquista.<\/p>\n<div id=\"attachment_427798\" class=\"wp-caption aligncenter\">\n<p><img loading=\"lazy\" class=\"wp-image-427798 size-large colorbox-427813\" src=\"https:\/\/www.pmvc.ba.gov.br\/wp-content\/uploads\/Demoli%C3%A7%C3%A3o-da-antiga-delegaciaDSC_9439-1024x680.jpg\" sizes=\"(max-width: 1024px) 100vw, 1024px\" srcset=\"https:\/\/www.pmvc.ba.gov.br\/wp-content\/uploads\/Demoli\u00e7\u00e3o-da-antiga-delegaciaDSC_9439-1024x680.jpg 1024w, https:\/\/www.pmvc.ba.gov.br\/wp-content\/uploads\/Demoli\u00e7\u00e3o-da-antiga-delegaciaDSC_9439-200x133.jpg 200w, https:\/\/www.pmvc.ba.gov.br\/wp-content\/uploads\/Demoli\u00e7\u00e3o-da-antiga-delegaciaDSC_9439-474x315.jpg 474w, https:\/\/www.pmvc.ba.gov.br\/wp-content\/uploads\/Demoli\u00e7\u00e3o-da-antiga-delegaciaDSC_9439-768x511.jpg 768w, https:\/\/www.pmvc.ba.gov.br\/wp-content\/uploads\/Demoli\u00e7\u00e3o-da-antiga-delegaciaDSC_9439-680x452.jpg 680w, https:\/\/www.pmvc.ba.gov.br\/wp-content\/uploads\/Demoli\u00e7\u00e3o-da-antiga-delegaciaDSC_9439.jpg 1200w\" alt=\"\" width=\"1024\" height=\"680\" aria-describedby=\"caption-attachment-427798\" \/><\/p>\n<p id=\"caption-attachment-427798\" class=\"wp-caption-text\">Demoli\u00e7\u00e3o da antiga delegacia<\/p>\n<\/div>\n<p style=\"text-align: justify;\">O pr\u00e9dio pertence ao Governo do Estado, que foi notificado pela Defesa Civil desde fevereiro deste ano, ap\u00f3s a estrutura apresentar avarias e rachaduras, com risco de desabamento. Al\u00e9m da notifica\u00e7\u00e3o, foram enviados alertas sobre a condi\u00e7\u00e3o e at\u00e9 uma reuni\u00e3o presencial na delegacia para apresentar a situa\u00e7\u00e3o. Mesmo com esses esfor\u00e7os, nenhuma medida foi adotada.<\/p>\n<p style=\"text-align: justify;\">Na semana passada, o im\u00f3vel come\u00e7ou a desmoronar internamente, e hoje a situa\u00e7\u00e3o apresentou uma piora significativa. O desabamento do telhado afetou a parte externa, e passou a representar uma amea\u00e7a para o bem estar da popula\u00e7\u00e3o, como definiu a coordenadora da Defesa Civil, Rosa Freitas: \u201c Esse \u00e9 um bairro movimentado, muitas pessoas passam por aqui, \u00e9 um corredor de \u00f4nibus, com escola e creche na proximidade. Tomamos essa decis\u00e3o por preocupa\u00e7\u00e3o com o munic\u00edpio e cuidado com o cidad\u00e3o\u201d, disse.<\/p>\n<div id=\"attachment_427821\" class=\"wp-caption aligncenter\">\n<p><img loading=\"lazy\" class=\"wp-image-427821 size-large colorbox-427813\" src=\"https:\/\/www.pmvc.ba.gov.br\/wp-content\/uploads\/Demoli%C3%A7%C3%A3o-da-antiga-delegaciaDSC_9418-1024x680.jpg\" sizes=\"(max-width: 1024px) 100vw, 1024px\" srcset=\"https:\/\/www.pmvc.ba.gov.br\/wp-content\/uploads\/Demoli\u00e7\u00e3o-da-antiga-delegaciaDSC_9418-1024x680.jpg 1024w, https:\/\/www.pmvc.ba.gov.br\/wp-content\/uploads\/Demoli\u00e7\u00e3o-da-antiga-delegaciaDSC_9418-200x133.jpg 200w, https:\/\/www.pmvc.ba.gov.br\/wp-content\/uploads\/Demoli\u00e7\u00e3o-da-antiga-delegaciaDSC_9418-474x315.jpg 474w, https:\/\/www.pmvc.ba.gov.br\/wp-content\/uploads\/Demoli\u00e7\u00e3o-da-antiga-delegaciaDSC_9418-768x511.jpg 768w, https:\/\/www.pmvc.ba.gov.br\/wp-content\/uploads\/Demoli\u00e7\u00e3o-da-antiga-delegaciaDSC_9418-680x452.jpg 680w, https:\/\/www.pmvc.ba.gov.br\/wp-content\/uploads\/Demoli\u00e7\u00e3o-da-antiga-delegaciaDSC_9418.jpg 1200w\" alt=\"\" width=\"1024\" height=\"680\" aria-describedby=\"caption-attachment-427821\" \/><\/p>\n<p id=\"caption-attachment-427821\" class=\"wp-caption-text\">Rosa Freitas<\/p>\n<\/div>\n<p style=\"text-align: justify;\">Antes da demoli\u00e7\u00e3o, a Coordena\u00e7\u00e3o da Defesa Civil entrou em contato com a Secretaria Estadual de Seguran\u00e7a P\u00fablica. \u201cCom o comprometimento da estrutura, o local\u00a0 se transformou em perigo potencial. Essa foi uma medida emergencial adotada pela Prefeitura para evitar um problema maior, mas a responsabilidade pelo pr\u00e9dio permanece sendo do Estado\u201d, explicou Rosa.<\/p>\n<p style=\"text-align: justify;\">Para garantir a seguran\u00e7a da a\u00e7\u00e3o, o Simtrans realizou o fechamento da via com cones e a presen\u00e7a de viatura. A a\u00e7\u00e3o foi acompanhada pela equipe da Defesa Civil.<\/p>\n<\/div>\n","protected":false},"excerpt":{"rendered":"<p>Mais uma vez uma parte da Hist\u00f3ria de Vit\u00f3ria da Conquista vai para o ralo, Prefeitura desconhece a Hist\u00f3ria do im\u00f3vel, cita apenas a antiga delegacia de Pol\u00edcia Civil, por\u00e9m, antes\u00a0 funcionou um importante equipamento do munic\u00edpio. A Coordena\u00e7\u00e3o Municipal de Prote\u00e7\u00e3o e Defesa Civil (Compdec), em parceria com a Secretaria Municipal de Infraestrutura Urbana [&hellip;]<\/p>\n","protected":false},"author":2,"featured_media":126284,"comment_status":"open","ping_status":"open","sticky":false,"template":"","format":"standard","meta":[],"categories":[85,105],"tags":[7052],"_links":{"self":[{"href":"https:\/\/www.blogdopaulonunes.com\/v5\/index.php\/wp-json\/wp\/v2\/posts\/126280"}],"collection":[{"href":"https:\/\/www.blogdopaulonunes.com\/v5\/index.php\/wp-json\/wp\/v2\/posts"}],"about":[{"href":"https:\/\/www.blogdopaulonunes.com\/v5\/index.php\/wp-json\/wp\/v2\/types\/post"}],"author":[{"embeddable":true,"href":"https:\/\/www.blogdopaulonunes.com\/v5\/index.php\/wp-json\/wp\/v2\/users\/2"}],"replies":[{"embeddable":true,"href":"https:\/\/www.blogdopaulonunes.com\/v5\/index.php\/wp-json\/wp\/v2\/comments?post=126280"}],"version-history":[{"count":1,"href":"https:\/\/www.blogdopaulonunes.com\/v5\/index.php\/wp-json\/wp\/v2\/posts\/126280\/revisions"}],"predecessor-version":[{"id":126285,"href":"https:\/\/www.blogdopaulonunes.com\/v5\/index.php\/wp-json\/wp\/v2\/posts\/126280\/revisions\/126285"}],"wp:featuredmedia":[{"embeddable":true,"href":"https:\/\/www.blogdopaulonunes.com\/v5\/index.php\/wp-json\/wp\/v2\/media\/126284"}],"wp:attachment":[{"href":"https:\/\/www.blogdopaulonunes.com\/v5\/index.php\/wp-json\/wp\/v2\/media?parent=126280"}],"wp:term":[{"taxonomy":"category","embeddable":true,"href":"https:\/\/www.blogdopaulonunes.com\/v5\/index.php\/wp-json\/wp\/v2\/categories?post=126280"},{"taxonomy":"post_tag","embeddable":true,"href":"https:\/\/www.blogdopaulonunes.com\/v5\/index.php\/wp-json\/wp\/v2\/tags?post=126280"}],"curies":[{"name":"wp","href":"https:\/\/api.w.org\/{rel}","templated":true}]}}