{"id":126249,"date":"2025-10-29T07:21:53","date_gmt":"2025-10-29T10:21:53","guid":{"rendered":"https:\/\/www.blogdopaulonunes.com\/v5\/?p=126249"},"modified":"2025-10-28T19:27:12","modified_gmt":"2025-10-28T22:27:12","slug":"brasil-fecha-novos-acordos-com-indonesia-e-malasia-e-reforca-dialogo-com-asean","status":"publish","type":"post","link":"https:\/\/www.blogdopaulonunes.com\/v5\/index.php\/2025\/10\/29\/brasil-fecha-novos-acordos-com-indonesia-e-malasia-e-reforca-dialogo-com-asean\/","title":{"rendered":"Brasil fecha novos acordos com Indon\u00e9sia e Mal\u00e1sia e refor\u00e7a di\u00e1logo com ASEAN"},"content":{"rendered":"<p style=\"text-align: justify;\"><strong>Miss\u00e3o oficial fecha acordos estrat\u00e9gicos e fortalece rela\u00e7\u00f5es com pa\u00edses da Associa\u00e7\u00e3o das Na\u00e7\u00f5es do Sudeste Asi\u00e1tico (ASEAN). Entre eles, uma parceria com a Indon\u00e9sia para impulsionar projetos de energia h\u00edbrida no Nordeste<\/strong><\/p>\n<div id=\"js-text-clipboard\" class=\"notice-content__show js-notice-expand js-permit-copy auto-height\">\n<p style=\"text-align: justify;\">A <a href=\"https:\/\/apexbrasil.com.br\/\"><strong>Ag\u00eancia Brasileira de Promo\u00e7\u00e3o de Exporta\u00e7\u00f5es e Investimentos (ApexBrasil)<\/strong><\/a>, em parceria com o <a href=\"https:\/\/www.gov.br\/mre\/pt-br\"><strong>Minist\u00e9rio das Rela\u00e7\u00f5es Exteriores<\/strong><\/a>, encerrou, neste domingo (26), a <strong>miss\u00e3o ao Sudeste Asi\u00e1tico<\/strong>, com a realiza\u00e7\u00e3o do <strong>F\u00f3rum Empresarial Indon\u00e9sia\u2013Brasil, em Jacarta, e da C\u00fapula Empresarial Brasil\u2013Mal\u00e1sia, em Kuala Lumpur<\/strong>.<\/p>\n<p style=\"text-align: justify;\">Os eventos contaram com a presen\u00e7a do presidente Luiz In\u00e1cio Lula da Silva, ministros e l\u00edderes empresariais, que discutiram <strong>oportunidades de coopera\u00e7\u00e3o nas \u00e1reas de energia, inova\u00e7\u00e3o, agroneg\u00f3cio e tecnologia. As iniciativas refor\u00e7aram o compromisso de ampliar a coopera\u00e7\u00e3o econ\u00f4mico-comercial com os pa\u00edses da Associa\u00e7\u00e3o das Na\u00e7\u00f5es do Sudeste Asi\u00e1tico (ASEAN)<\/strong>.<\/p>\n<p style=\"text-align: justify;\">Durante o <strong>F\u00f3rum Empresarial Indon\u00e9sia\u2013Brasil<\/strong>, <strong>foi assinada uma parceria entre a Indonesia Energy Corporation (IEC), a Aguila Energia e Participa\u00e7\u00f5es e a ApexBrasil para o desenvolvimento de dois projetos-piloto de gera\u00e7\u00e3o h\u00edbrida de energia \u2013 combinando g\u00e1s natural e energia solar \u2013 nas cidades de Mossor\u00f3 (RN) e Ara\u00e7\u00e1s (BA)<\/strong>.<\/p>\n<p style=\"text-align: justify;\">Os investimentos iniciais, estimados em R$ 300 milh\u00f5es, poder\u00e3o chegar a R$ 10 bilh\u00f5es com a expans\u00e3o da capacidade instalada para 400 MW.<\/p>\n<p style=\"text-align: justify;\">Em <strong>Jacarta, tamb\u00e9m foram firmados outros sete Memorandos de Entendimento (MoUs) em \u00e1reas como agricultura, minas e energia, ci\u00eancia e tecnologia e investimentos<\/strong>. Entre eles, destaca-se o acordo entre a ApexBrasil e a C\u00e2mara de Com\u00e9rcio e Ind\u00fastria da Indon\u00e9sia (Kadin), que estabelece a\u00e7\u00f5es de coopera\u00e7\u00e3o para promover inova\u00e7\u00e3o, sustentabilidade e o empoderamento feminino no com\u00e9rcio internacional.<\/p>\n<p style=\"text-align: justify;\"><strong>Durante a C\u00fapula Empresarial Brasil\u2013Mal\u00e1sia, foram realizadas reuni\u00f5es de alto n\u00edvel entre CEOs e lideran\u00e7as do setor privado dos dois pa\u00edses, incluindo representantes da Embraer e da Malaysian Flour Mills<\/strong>.<\/p>\n<p style=\"text-align: justify;\">O presidente da ApexBrasil, Jorge Viana, destacou o avan\u00e7o do com\u00e9rcio com a Mal\u00e1sia em 2024. \u201cNeste ano houve um aumento de US$ 75 milh\u00f5es nas exporta\u00e7\u00f5es de caf\u00e9 verde seco (alta de 75%), US$ 73 milh\u00f5es em vendas de milho (crescimento de 35%), US$ 31 milh\u00f5es em exporta\u00e7\u00f5es de carne bovina \u2014 um mercado que est\u00e1 se abrindo fortemente aqui \u2014 e tamb\u00e9m um aumento de 280% nas vendas de celulose\u201d, detalhou Viana.<\/p>\n<p>A <strong>Mal\u00e1sia tamb\u00e9m vem ampliando sua presen\u00e7a no Brasil, com quatro projetos greenfield e uma aquisi\u00e7\u00e3o realizados em 2024, incluindo o novo centro de pesquisa da Petronas, em Contagem (MG).<\/strong><\/p>\n<p style=\"text-align: justify;\">Para a ApexBrasil, os encontros refor\u00e7aram o compromisso bilateral de <strong>fortalecer o di\u00e1logo empresarial e ampliar o com\u00e9rcio sustent\u00e1vel com a ASEAN<\/strong>. Est\u00e1 em curso um processo de aproxima\u00e7\u00e3o, iniciado em 2012, com a ades\u00e3o do Brasil ao Tratado de Amizade e Coopera\u00e7\u00e3o do Sudeste Asi\u00e1tico, e consolidado em 2023, com a cria\u00e7\u00e3o da Parceria de Di\u00e1logo Setorial Brasil\u2013ASEAN, durante visita do chanceler Mauro Vieira a Jacarta.<\/p>\n<p style=\"text-align: justify;\"><strong>Estudos recentes da ApexBrasil indicam grande potencial para o desenvolvimento das rela\u00e7\u00f5es econ\u00f4micas do Brasil com os chamados Novos Tigres Asi\u00e1ticos \u2014 Filipinas, Indon\u00e9sia, Mal\u00e1sia, Tail\u00e2ndia e Vietn\u00e3<\/strong>. Em 2024, as exporta\u00e7\u00f5es brasileiras para a Mal\u00e1sia somaram US$ 4,3 bilh\u00f5es, enquanto as destinadas \u00e0 Indon\u00e9sia chegaram a US$ 4,5 bilh\u00f5es. O Brasil mant\u00e9m super\u00e1vit comercial com ambos os pa\u00edses.\n<\/p>\n<\/div>\n<div class=\"notice-content__tags\"><a class=\"notice-content__tag\" href=\"\/noticias\/tag\/brasil-exportador\">#Brasil Exportador<\/a><\/div>\n<p>Fonte: <a href=\"https:\/\/brasil61.com\/n\/brasil-fecha-novos-acordos-com-indonesia-e-malasia-e-reforca-dialogo-com-asean-apex250078?email=paulonunes4@gmail.com&amp;utm_source=email_individual&amp;utm_medium=email_individual&amp;utm_campaign=email_individual\" target=\"_blank\" rel=\"noopener\">Brasil 61<\/a><\/p>\n","protected":false},"excerpt":{"rendered":"<p>Miss\u00e3o oficial fecha acordos estrat\u00e9gicos e fortalece rela\u00e7\u00f5es com pa\u00edses da Associa\u00e7\u00e3o das Na\u00e7\u00f5es do Sudeste Asi\u00e1tico (ASEAN). Entre eles, uma parceria com a Indon\u00e9sia para impulsionar projetos de energia h\u00edbrida no Nordeste A Ag\u00eancia Brasileira de Promo\u00e7\u00e3o de Exporta\u00e7\u00f5es e Investimentos (ApexBrasil), em parceria com o Minist\u00e9rio das Rela\u00e7\u00f5es Exteriores, encerrou, neste domingo (26), [&hellip;]<\/p>\n","protected":false},"author":2,"featured_media":126250,"comment_status":"open","ping_status":"open","sticky":false,"template":"","format":"standard","meta":[],"categories":[78,105],"tags":[7041,309,5933,7042,236],"_links":{"self":[{"href":"https:\/\/www.blogdopaulonunes.com\/v5\/index.php\/wp-json\/wp\/v2\/posts\/126249"}],"collection":[{"href":"https:\/\/www.blogdopaulonunes.com\/v5\/index.php\/wp-json\/wp\/v2\/posts"}],"about":[{"href":"https:\/\/www.blogdopaulonunes.com\/v5\/index.php\/wp-json\/wp\/v2\/types\/post"}],"author":[{"embeddable":true,"href":"https:\/\/www.blogdopaulonunes.com\/v5\/index.php\/wp-json\/wp\/v2\/users\/2"}],"replies":[{"embeddable":true,"href":"https:\/\/www.blogdopaulonunes.com\/v5\/index.php\/wp-json\/wp\/v2\/comments?post=126249"}],"version-history":[{"count":1,"href":"https:\/\/www.blogdopaulonunes.com\/v5\/index.php\/wp-json\/wp\/v2\/posts\/126249\/revisions"}],"predecessor-version":[{"id":126251,"href":"https:\/\/www.blogdopaulonunes.com\/v5\/index.php\/wp-json\/wp\/v2\/posts\/126249\/revisions\/126251"}],"wp:featuredmedia":[{"embeddable":true,"href":"https:\/\/www.blogdopaulonunes.com\/v5\/index.php\/wp-json\/wp\/v2\/media\/126250"}],"wp:attachment":[{"href":"https:\/\/www.blogdopaulonunes.com\/v5\/index.php\/wp-json\/wp\/v2\/media?parent=126249"}],"wp:term":[{"taxonomy":"category","embeddable":true,"href":"https:\/\/www.blogdopaulonunes.com\/v5\/index.php\/wp-json\/wp\/v2\/categories?post=126249"},{"taxonomy":"post_tag","embeddable":true,"href":"https:\/\/www.blogdopaulonunes.com\/v5\/index.php\/wp-json\/wp\/v2\/tags?post=126249"}],"curies":[{"name":"wp","href":"https:\/\/api.w.org\/{rel}","templated":true}]}}