{"id":126242,"date":"2025-10-28T13:54:28","date_gmt":"2025-10-28T16:54:28","guid":{"rendered":"https:\/\/www.blogdopaulonunes.com\/v5\/?p=126242"},"modified":"2025-10-28T19:17:30","modified_gmt":"2025-10-28T22:17:30","slug":"prefeitura-homenageia-9-247-servidores-essenciais-para-a-gestao-do-municipio-mas-esquece-dos-garis","status":"publish","type":"post","link":"https:\/\/www.blogdopaulonunes.com\/v5\/index.php\/2025\/10\/28\/prefeitura-homenageia-9-247-servidores-essenciais-para-a-gestao-do-municipio-mas-esquece-dos-garis\/","title":{"rendered":"Prefeitura homenageia 9.247 servidores, essenciais para a gest\u00e3o do munic\u00edpio, mas esquece dos garis"},"content":{"rendered":"<div class=\"not_tit\"><\/div>\n<div class=\"post-content\">\n<div id=\"attachment_380221\" class=\"wp-caption aligncenter\">\n<p><a class=\"cboxElement\" href=\"https:\/\/www.pmvc.ba.gov.br\/wp-content\/uploads\/Posse-de-Novos-Concursados-Cemae-04-02-2025DSC_9283.jpg\"><img loading=\"lazy\" class=\"wp-image-380221 size-large colorbox-426638\" src=\"https:\/\/www.pmvc.ba.gov.br\/wp-content\/uploads\/Posse-de-Novos-Concursados-Cemae-04-02-2025DSC_9283-1024x680.jpg\" sizes=\"(max-width: 1024px) 100vw, 1024px\" srcset=\"https:\/\/www.pmvc.ba.gov.br\/wp-content\/uploads\/Posse-de-Novos-Concursados-Cemae-04-02-2025DSC_9283-1024x680.jpg 1024w, https:\/\/www.pmvc.ba.gov.br\/wp-content\/uploads\/Posse-de-Novos-Concursados-Cemae-04-02-2025DSC_9283-200x133.jpg 200w, https:\/\/www.pmvc.ba.gov.br\/wp-content\/uploads\/Posse-de-Novos-Concursados-Cemae-04-02-2025DSC_9283-474x315.jpg 474w, https:\/\/www.pmvc.ba.gov.br\/wp-content\/uploads\/Posse-de-Novos-Concursados-Cemae-04-02-2025DSC_9283-768x511.jpg 768w, https:\/\/www.pmvc.ba.gov.br\/wp-content\/uploads\/Posse-de-Novos-Concursados-Cemae-04-02-2025DSC_9283-680x452.jpg 680w, https:\/\/www.pmvc.ba.gov.br\/wp-content\/uploads\/Posse-de-Novos-Concursados-Cemae-04-02-2025DSC_9283.jpg 1200w\" alt=\"\" width=\"1024\" height=\"680\" aria-describedby=\"caption-attachment-380221\" \/><\/a><\/p>\n<p id=\"caption-attachment-380221\" class=\"wp-caption-text\" style=\"text-align: justify;\">Posse de novos servidores municipais\/ Fevereiro de 2025<\/p>\n<\/div>\n<p style=\"text-align: justify;\">A Prefeitura de Vit\u00f3ria da Conquista conta com 9.247 servidores ativos como pe\u00e7as-chaves para a condu\u00e7\u00e3o dos servi\u00e7os cotidianos e a manuten\u00e7\u00e3o do munic\u00edpio como o melhor para se viver na Bahia. Em homenagem a esses servidores, que s\u00e3o celebrados no dia 28 de outubro, Dia do Servidor P\u00fablico, a Secretaria Municipal de Comunica\u00e7\u00e3o (Secom) ouviu representantes do quadro de funcion\u00e1rios, cujas hist\u00f3rias s\u00e3o marcadas pelo ato de servir \u00e0 comunidade conquistense. Esse \u00e9 um convite para conhec\u00ea-los mais de perto.<\/p>\n<p><b>Amor e orgulho por servir \u00e0 comunidade\u00a0<\/b><\/p>\n<p style=\"text-align: justify;\">Dia 4 de abril de 1987 \u00e9 uma data memor\u00e1vel para o servidor p\u00fablico municipal, David Ribeiro Vieira. \u00c9 o dia que marca a sua entrada na Prefeitura de Vit\u00f3ria da Conquista. Atuando h\u00e1 38 anos no funcionalismo p\u00fablico, sua hist\u00f3ria \u00e9 marcada por momentos especiais, a exemplo de quando participou da funda\u00e7\u00e3o do Procon do munic\u00edpio, do Sicoob Credcoop e do Sindicato dos Servidores (Sinserv). David conta que, ao longo desse tempo, aprendeu a ser uma pessoa melhor ao conviver com pessoas diversas e ao observar o que \u00e9 proveitoso ou n\u00e3o para levar para a pr\u00f3pria vida.<\/p>\n<p style=\"text-align: justify;\">J\u00e1 na condi\u00e7\u00e3o de servidor p\u00fablico municipal, David se formou em Direito e apresentou a monografia com o tema \u201cQualidade total no servi\u00e7o p\u00fablico\u201d, especializando-se em Direito do Consumidor, exatamente por entender que qualidade, direitos e deveres norteiam a atua\u00e7\u00e3o do funcionalismo p\u00fablico. Atualmente, David atua como t\u00e9cnico em Defesa Civil, na Coordena\u00e7\u00e3o de Prote\u00e7\u00e3o e Defesa Civil (Compdec), e se sente muito orgulhoso de sua trajet\u00f3ria de trabalho e legado. Para ele, a defini\u00e7\u00e3o para o que ele \u00e9 e faz \u00e9 \u201camor funcional\u201d.<\/p>\n<div id=\"attachment_426578\" class=\"wp-caption aligncenter\">\n<p><a class=\"cboxElement\" href=\"https:\/\/www.pmvc.ba.gov.br\/wp-content\/uploads\/Dia-do-Servidor-24-10-2025SCI_6241.jpg\"><img loading=\"lazy\" class=\"size-large wp-image-426578 colorbox-426638\" src=\"https:\/\/www.pmvc.ba.gov.br\/wp-content\/uploads\/Dia-do-Servidor-24-10-2025SCI_6241-1024x680.jpg\" sizes=\"(max-width: 1024px) 100vw, 1024px\" srcset=\"https:\/\/www.pmvc.ba.gov.br\/wp-content\/uploads\/Dia-do-Servidor-24-10-2025SCI_6241-1024x680.jpg 1024w, https:\/\/www.pmvc.ba.gov.br\/wp-content\/uploads\/Dia-do-Servidor-24-10-2025SCI_6241-200x133.jpg 200w, https:\/\/www.pmvc.ba.gov.br\/wp-content\/uploads\/Dia-do-Servidor-24-10-2025SCI_6241-474x315.jpg 474w, https:\/\/www.pmvc.ba.gov.br\/wp-content\/uploads\/Dia-do-Servidor-24-10-2025SCI_6241-768x511.jpg 768w, https:\/\/www.pmvc.ba.gov.br\/wp-content\/uploads\/Dia-do-Servidor-24-10-2025SCI_6241-680x452.jpg 680w, https:\/\/www.pmvc.ba.gov.br\/wp-content\/uploads\/Dia-do-Servidor-24-10-2025SCI_6241.jpg 1200w\" alt=\"\" width=\"1024\" height=\"680\" aria-describedby=\"caption-attachment-426578\" \/><\/a><\/p>\n<p id=\"caption-attachment-426578\" class=\"wp-caption-text\" style=\"text-align: justify;\">David Ribeiro<\/p>\n<\/div>\n<p style=\"text-align: justify;\">\u201cComo pessoa, \u00e9 uma satisfa\u00e7\u00e3o muito grande servir ao munic\u00edpio de Vit\u00f3ria da Conquista, especialmente porque a Prefeitura \u00e9 o meu primeiro v\u00ednculo empregat\u00edcio. Desde que eu entrei, h\u00e1 38 anos, sempre procurei desenvolver o meu trabalho dentro das minhas atribui\u00e7\u00f5es, dentro daquela retid\u00e3o obtida desde o in\u00edcio, porque, gra\u00e7as a Deus, nunca fugi desse norte. Tudo que eu sou hoje como cidad\u00e3o, como pessoa, devo ao meu trabalho e, diante de tudo isso, tenho buscado contribuir na constru\u00e7\u00e3o de uma Prefeitura cada vez melhor, motivo pelo qual usei a qualidade no servi\u00e7o p\u00fablico como tema da minha monografia\u201d, disse David. \u201cN\u00e3o basta prestar o servi\u00e7o, ele tem que ser com efici\u00eancia, com retid\u00e3o. Esses s\u00e3o os princ\u00edpios que a pr\u00f3pria legisla\u00e7\u00e3o estabelece\u201d, acrescentou o profissional.<\/p>\n<div id=\"attachment_426552\" class=\"wp-caption aligncenter\">\n<p><a class=\"cboxElement\" href=\"https:\/\/www.pmvc.ba.gov.br\/wp-content\/uploads\/Posse-de-Novos-Concursados-24-10-2025SCI_6018.jpg\"><img loading=\"lazy\" class=\"size-large wp-image-426552 colorbox-426638\" src=\"https:\/\/www.pmvc.ba.gov.br\/wp-content\/uploads\/Posse-de-Novos-Concursados-24-10-2025SCI_6018-1024x680.jpg\" sizes=\"(max-width: 1024px) 100vw, 1024px\" srcset=\"https:\/\/www.pmvc.ba.gov.br\/wp-content\/uploads\/Posse-de-Novos-Concursados-24-10-2025SCI_6018-1024x680.jpg 1024w, https:\/\/www.pmvc.ba.gov.br\/wp-content\/uploads\/Posse-de-Novos-Concursados-24-10-2025SCI_6018-200x133.jpg 200w, https:\/\/www.pmvc.ba.gov.br\/wp-content\/uploads\/Posse-de-Novos-Concursados-24-10-2025SCI_6018-474x315.jpg 474w, https:\/\/www.pmvc.ba.gov.br\/wp-content\/uploads\/Posse-de-Novos-Concursados-24-10-2025SCI_6018-768x511.jpg 768w, https:\/\/www.pmvc.ba.gov.br\/wp-content\/uploads\/Posse-de-Novos-Concursados-24-10-2025SCI_6018-680x452.jpg 680w, https:\/\/www.pmvc.ba.gov.br\/wp-content\/uploads\/Posse-de-Novos-Concursados-24-10-2025SCI_6018.jpg 1200w\" alt=\"\" width=\"1024\" height=\"680\" aria-describedby=\"caption-attachment-426552\" \/><\/a><\/p>\n<p id=\"caption-attachment-426552\" class=\"wp-caption-text\">F\u00e1bio Dantas<\/p>\n<\/div>\n<p style=\"text-align: justify;\">Gerente municipal de Gest\u00e3o de Pessoas, ligado \u00e0 Secretaria Municipal de Gest\u00e3o e Inova\u00e7\u00e3o (Semgi), F\u00e1bio Dantas tomou posse como servidor p\u00fablico, em 2014, ap\u00f3s passar em terceiro lugar no concurso p\u00fablico como Administrador. F\u00e1bio relatou que, nesse per\u00edodo, durante um ano, ele ia e voltava diariamente de Itapetinga, onde morava, e s\u00f3 ent\u00e3o se mudou de maneira definitiva para Vit\u00f3ria da Conquista com toda sua fam\u00edlia. O servidor atuou, no in\u00edcio, como t\u00e9cnico de Recursos Humanos na Secretaria Municipal de Desenvolvimento Social (Semdes), e depois assumiu o setor como respons\u00e1vel, onde atuou por oito anos.<\/p>\n<p style=\"text-align: justify;\">\u201cFiz o concurso p\u00fablico da Prefeitura bastante empolgado e fiquei feliz quando obtive \u00eaxito. A minha expectativa, ap\u00f3s tomar posse, sempre foi a de fazer um \u00f3timo trabalho. Atualmente, estou na Ger\u00eancia de Gest\u00e3o de Pessoas, como gerente, desenvolvendo o trabalho sempre na expectativa de fazer um bom trabalho, independentemente de secretaria, remunera\u00e7\u00e3o, governo, sempre pensando na minha posi\u00e7\u00e3o de servidor p\u00fablico. Sou feliz com minha fam\u00edlia em Vit\u00f3ria da Conquista, \u00e9 uma cidade excepcional, grande com ar de interior, e a minha expectativa \u00e9 a de sempre melhorar por aqui\u201d, disse F\u00e1bio.<\/p>\n<div id=\"attachment_426556\" class=\"wp-caption aligncenter\">\n<p><a class=\"cboxElement\" href=\"https:\/\/www.pmvc.ba.gov.br\/wp-content\/uploads\/Posse-de-Novos-Concursados-24-10-2025SCI_6046.jpg\"><img loading=\"lazy\" class=\"size-large wp-image-426556 colorbox-426638\" src=\"https:\/\/www.pmvc.ba.gov.br\/wp-content\/uploads\/Posse-de-Novos-Concursados-24-10-2025SCI_6046-1024x680.jpg\" sizes=\"(max-width: 1024px) 100vw, 1024px\" srcset=\"https:\/\/www.pmvc.ba.gov.br\/wp-content\/uploads\/Posse-de-Novos-Concursados-24-10-2025SCI_6046-1024x680.jpg 1024w, https:\/\/www.pmvc.ba.gov.br\/wp-content\/uploads\/Posse-de-Novos-Concursados-24-10-2025SCI_6046-200x133.jpg 200w, https:\/\/www.pmvc.ba.gov.br\/wp-content\/uploads\/Posse-de-Novos-Concursados-24-10-2025SCI_6046-474x315.jpg 474w, https:\/\/www.pmvc.ba.gov.br\/wp-content\/uploads\/Posse-de-Novos-Concursados-24-10-2025SCI_6046-768x511.jpg 768w, https:\/\/www.pmvc.ba.gov.br\/wp-content\/uploads\/Posse-de-Novos-Concursados-24-10-2025SCI_6046-680x452.jpg 680w, https:\/\/www.pmvc.ba.gov.br\/wp-content\/uploads\/Posse-de-Novos-Concursados-24-10-2025SCI_6046.jpg 1200w\" alt=\"\" width=\"1024\" height=\"680\" aria-describedby=\"caption-attachment-426556\" \/><\/a><\/p>\n<p id=\"caption-attachment-426556\" class=\"wp-caption-text\">Isa Marques<\/p>\n<\/div>\n<p style=\"text-align: justify;\">Servidora p\u00fablica desde 2017, a coordenadora municipal de Educa\u00e7\u00e3o Urbana, ligada \u00e0 Secretaria Municipal de Educa\u00e7\u00e3o (Smed), Isa Marques, tamb\u00e9m sente muito orgulho da sua condi\u00e7\u00e3o de servir \u00e0 popula\u00e7\u00e3o de Vit\u00f3ria da Conquista. Inicialmente, ela era Instrutora de Artes na mesma pasta. Para ela, servir \u00e9 cuidar, dedicar e proteger o pr\u00f3ximo, a\u00e7\u00f5es que procura colocar em pr\u00e1tica no dia a dia. \u201cServir \u00e9 n\u00e3o buscar recompensas diretas e, fazendo isso, a gente aprende muito. N\u00e3o s\u00f3 no profissional, mas tamb\u00e9m no pessoal. Ser uma servidora p\u00fablica, para mim, \u00e9 um orgulho e eu fa\u00e7o isso com muita dedica\u00e7\u00e3o e venho aprendendo todos os dias\u201d, disse Isa.<\/p>\n<p style=\"text-align: justify;\"><b>Novos servidores p\u00fablicos municipais\u00a0<\/b><\/p>\n<p style=\"text-align: justify;\">Fazer parte do quadro de funcionalismo p\u00fablico \u00e9 um dos sonhos de muitas pessoas. Afinal, a estabilidade normalmente vem junto com a assinatura do termo de posse. Na \u00faltima sexta-feira (24), foi a vez de 31 novos servidores realizarem esse sonho, ao serem efetivados na Prefeitura de Vit\u00f3ria da Conquista. Agora, tamb\u00e9m, fazem parte das comemora\u00e7\u00f5es e homenagens pelo Dia do Servidor P\u00fablico.<\/p>\n<div id=\"attachment_426553\" class=\"wp-caption alignnone\">\n<p><a class=\"cboxElement\" href=\"https:\/\/www.pmvc.ba.gov.br\/wp-content\/uploads\/Posse-de-Novos-Concursados-24-10-2025SCI_6028.jpg\"><img loading=\"lazy\" class=\"wp-image-426553 size-large colorbox-426638\" src=\"https:\/\/www.pmvc.ba.gov.br\/wp-content\/uploads\/Posse-de-Novos-Concursados-24-10-2025SCI_6028-1024x680.jpg\" sizes=\"(max-width: 1024px) 100vw, 1024px\" srcset=\"https:\/\/www.pmvc.ba.gov.br\/wp-content\/uploads\/Posse-de-Novos-Concursados-24-10-2025SCI_6028-1024x680.jpg 1024w, https:\/\/www.pmvc.ba.gov.br\/wp-content\/uploads\/Posse-de-Novos-Concursados-24-10-2025SCI_6028-200x133.jpg 200w, https:\/\/www.pmvc.ba.gov.br\/wp-content\/uploads\/Posse-de-Novos-Concursados-24-10-2025SCI_6028-474x315.jpg 474w, https:\/\/www.pmvc.ba.gov.br\/wp-content\/uploads\/Posse-de-Novos-Concursados-24-10-2025SCI_6028-768x511.jpg 768w, https:\/\/www.pmvc.ba.gov.br\/wp-content\/uploads\/Posse-de-Novos-Concursados-24-10-2025SCI_6028-680x452.jpg 680w, https:\/\/www.pmvc.ba.gov.br\/wp-content\/uploads\/Posse-de-Novos-Concursados-24-10-2025SCI_6028.jpg 1200w\" alt=\"\" width=\"1024\" height=\"680\" aria-describedby=\"caption-attachment-426553\" \/><\/a><\/p>\n<p id=\"caption-attachment-426553\" class=\"wp-caption-text\">Jucineia Oliveira<\/p>\n<\/div>\n<p style=\"text-align: justify;\">Uma delas \u00e9 Jucineia Oliveira, que at\u00e9 ent\u00e3o atuava como secret\u00e1ria no setor privado, e tomou posse como Educadora Social. Ela estava bastante orgulhosa de si mesma. \u201cA minha expectativa \u00e9 a melhor poss\u00edvel porque \u00e9 um passo muito grande na minha vida. Eu corri muito atr\u00e1s disso e, gra\u00e7as a Deus, consegui. \u00c9 o primeiro degrau que estou subindo, porque espero conquistar outras possibilidades ao longo do tempo na Prefeitura, maiores e melhores ainda. Estou muito feliz de estar aqui\u201d, ressaltou a estudante de Pedagogia, que tamb\u00e9m afirmou que a sua forma\u00e7\u00e3o vai ajud\u00e1-la muito enquanto educadora, al\u00e9m de oferecer mais possibilidades de crescimento.<\/p>\n<div id=\"attachment_426557\" class=\"wp-caption alignnone\">\n<p><a class=\"cboxElement\" href=\"https:\/\/www.pmvc.ba.gov.br\/wp-content\/uploads\/Posse-de-Novos-Concursados-24-10-2025SCI_6055.jpg\"><img loading=\"lazy\" class=\"wp-image-426557 size-large colorbox-426638\" src=\"https:\/\/www.pmvc.ba.gov.br\/wp-content\/uploads\/Posse-de-Novos-Concursados-24-10-2025SCI_6055-1024x680.jpg\" sizes=\"(max-width: 1024px) 100vw, 1024px\" srcset=\"https:\/\/www.pmvc.ba.gov.br\/wp-content\/uploads\/Posse-de-Novos-Concursados-24-10-2025SCI_6055-1024x680.jpg 1024w, https:\/\/www.pmvc.ba.gov.br\/wp-content\/uploads\/Posse-de-Novos-Concursados-24-10-2025SCI_6055-200x133.jpg 200w, https:\/\/www.pmvc.ba.gov.br\/wp-content\/uploads\/Posse-de-Novos-Concursados-24-10-2025SCI_6055-474x315.jpg 474w, https:\/\/www.pmvc.ba.gov.br\/wp-content\/uploads\/Posse-de-Novos-Concursados-24-10-2025SCI_6055-768x511.jpg 768w, https:\/\/www.pmvc.ba.gov.br\/wp-content\/uploads\/Posse-de-Novos-Concursados-24-10-2025SCI_6055-680x452.jpg 680w, https:\/\/www.pmvc.ba.gov.br\/wp-content\/uploads\/Posse-de-Novos-Concursados-24-10-2025SCI_6055.jpg 1200w\" alt=\"\" width=\"1024\" height=\"680\" aria-describedby=\"caption-attachment-426557\" \/><\/a><\/p>\n<p id=\"caption-attachment-426557\" class=\"wp-caption-text\" style=\"text-align: justify;\">Gabrielli Morais<\/p>\n<\/div>\n<p style=\"text-align: justify;\">Quem tamb\u00e9m tomou posse no mesmo dia, j\u00e1 comemorando o Dia do Servidor P\u00fablico, foi Gabrielli Morais. A nova monitora escolar do munic\u00edpio falou do quanto o fato de ser servidora p\u00fablica vai mudar a vida dela. \u201cEu estou bastante ansiosa e com altas expectativas. Afinal, \u00e9 um momento muito importante e esperado. A posse no servi\u00e7o p\u00fablico vai trazer muitos benef\u00edcios para a minha vida. Vou conseguir fazer muitas coisas que at\u00e9 agora eu n\u00e3o pude. Com a estabilidade do concurso, me sinto mais segura. Minha vida, com certeza, vai mudar\u201d, disse Gabrielli.<\/p>\n<p><b>Pol\u00edtica de Valoriza\u00e7\u00e3o do Servidor P\u00fablico Municipal<\/b><\/p>\n<p style=\"text-align: justify;\">A Prefeitura de Vit\u00f3ria da Conquista segue empenhada na pol\u00edtica de valoriza\u00e7\u00e3o do servidor, que \u00e9 um dos pilares da gest\u00e3o, e na continuidade da presta\u00e7\u00e3o do servi\u00e7o p\u00fablico de excel\u00eancia. Em 2022, por exemplo, foram institucionalizados eixos para uma s\u00e9rie de condutas voltadas \u00e0 valoriza\u00e7\u00e3o daqueles que fazem o servi\u00e7o p\u00fablico acontecer diariamente, a fim de reiterar e consolidar as a\u00e7\u00f5es voltadas para a valoriza\u00e7\u00e3o e garantir que essas medidas continuem, independente da gest\u00e3o que esteja \u00e0 frente da Prefeitura.<\/p>\n<p style=\"text-align: justify;\">Com base na legisla\u00e7\u00e3o, a pol\u00edtica de valoriza\u00e7\u00e3o do servidor est\u00e1 vinculada a tr\u00eas eixos que norteiam as a\u00e7\u00f5es: Servidor em Foco, que prop\u00f5e a valoriza\u00e7\u00e3o do servidor al\u00e9m da rela\u00e7\u00e3o funcional com o Munic\u00edpio; homenagens \u00e0queles que se destacam por seu empenho e dedica\u00e7\u00e3o e a sensibiliza\u00e7\u00e3o do funcion\u00e1rio para a responsabilidade social; Qualidade de Vida, que objetiva trazer a constante melhoria do local de trabalho, com ambiente adequado para as pr\u00e1ticas laborais e promo\u00e7\u00e3o de h\u00e1bitos de vida saud\u00e1vel e preven\u00e7\u00e3o de doen\u00e7as; e Desenvolvimento Profissional e Pessoal, que estabelece a oferta de treinamentos envolvendo, inclusive, parcerias p\u00fablico privadas, visando o crescimento pessoal e profissional do servidor.<\/p>\n<div id=\"attachment_426558\" class=\"wp-caption aligncenter\">\n<p><a class=\"cboxElement\" href=\"https:\/\/www.pmvc.ba.gov.br\/wp-content\/uploads\/Posse-de-Novos-Concursados-24-10-2025SCI_6067.jpg\"><img loading=\"lazy\" class=\"size-large wp-image-426558 colorbox-426638\" src=\"https:\/\/www.pmvc.ba.gov.br\/wp-content\/uploads\/Posse-de-Novos-Concursados-24-10-2025SCI_6067-1024x680.jpg\" sizes=\"(max-width: 1024px) 100vw, 1024px\" srcset=\"https:\/\/www.pmvc.ba.gov.br\/wp-content\/uploads\/Posse-de-Novos-Concursados-24-10-2025SCI_6067-1024x680.jpg 1024w, https:\/\/www.pmvc.ba.gov.br\/wp-content\/uploads\/Posse-de-Novos-Concursados-24-10-2025SCI_6067-200x133.jpg 200w, https:\/\/www.pmvc.ba.gov.br\/wp-content\/uploads\/Posse-de-Novos-Concursados-24-10-2025SCI_6067-474x315.jpg 474w, https:\/\/www.pmvc.ba.gov.br\/wp-content\/uploads\/Posse-de-Novos-Concursados-24-10-2025SCI_6067-768x511.jpg 768w, https:\/\/www.pmvc.ba.gov.br\/wp-content\/uploads\/Posse-de-Novos-Concursados-24-10-2025SCI_6067-680x452.jpg 680w, https:\/\/www.pmvc.ba.gov.br\/wp-content\/uploads\/Posse-de-Novos-Concursados-24-10-2025SCI_6067.jpg 1200w\" alt=\"\" width=\"1024\" height=\"680\" aria-describedby=\"caption-attachment-426558\" \/><\/a><\/p>\n<p id=\"caption-attachment-426558\" class=\"wp-caption-text\">Augusta Baiano<\/p>\n<\/div>\n<p style=\"text-align: justify;\">Para a coordenadora municipal de Gest\u00e3o de Pessoas, Augusta Baiano, sem o servidor, nada acontece. \u00c9 ele quem efetivamente presta servi\u00e7o ao mun\u00edcipe, quem faz a m\u00e1quina de fato girar. \u201cN\u00f3s temos muita sorte na Prefeitura de Vit\u00f3ria da Conquista, porque temos um corpo de servidores extremamente competente, capacitado, dedicado, \u00e9tico, respons\u00e1vel e que entende a import\u00e2ncia de ser servidor, palavra oriunda do servir.<\/p>\n<p style=\"text-align: justify;\">Por essa raz\u00e3o, nos \u00faltimos anos, o Governo Municipal tem priorizado a pol\u00edtica de valoriza\u00e7\u00e3o do servidor p\u00fablico, investindo continuamente em uma s\u00e9rie de a\u00e7\u00f5es como forma\u00e7\u00e3o e capacita\u00e7\u00e3o, a exemplo do projeto \u2018L\u00edderes de Valor\u2019, que contempla 120 servidores, os atendimentos e servi\u00e7os realizados pelo N\u00facleo de Aten\u00e7\u00e3o \u00e0 Sa\u00fade e Seguran\u00e7a no Trabalho (Nast), entre outras iniciativas \u201d, afirmou a coordenadora, relembrando que as pol\u00edticas acontecem para al\u00e9m do m\u00eas em que se comemora o Dia do Servidor P\u00fablico.<\/p>\n<p><b>Dia do Servidor P\u00fablico\u00a0<\/b><\/p>\n<p style=\"text-align: justify;\">O dia 28 de outubro \u00e9 dedicado ao servidor p\u00fablico. Em todo o Brasil, h\u00e1 homenagens e comemora\u00e7\u00f5es. A data faz alus\u00e3o ao Decreto-lei n\u00ba 1.713 de 28 de outubro de 1939, que regulamentou o funcionamento do servi\u00e7o p\u00fablico no pa\u00eds. Em 1943, com o decreto-lei n\u00ba 5.936, a data passou a ser oficialmente\u00a0 comemorativa.<\/p>\n<p style=\"text-align: justify;\">Em Vit\u00f3ria da Conquista, a Prefeitura decretou ponto facultativo nos dias 27 e 28 de outubro, segunda e ter\u00e7a-feira, em homenagem aos servidores p\u00fablicos municipais que fazem do munic\u00edpio, todos os dias, uma melhor cidade para se viver<\/p>\n<p><img loading=\"lazy\" class=\"aligncenter size-large wp-image-396027 colorbox-426638\" src=\"https:\/\/www.pmvc.ba.gov.br\/wp-content\/uploads\/Fachada_Prefeitura_12_05_2025SCI_8667-2-1024x680.jpg\" sizes=\"(max-width: 1024px) 100vw, 1024px\" srcset=\"https:\/\/www.pmvc.ba.gov.br\/wp-content\/uploads\/Fachada_Prefeitura_12_05_2025SCI_8667-2-1024x680.jpg 1024w, https:\/\/www.pmvc.ba.gov.br\/wp-content\/uploads\/Fachada_Prefeitura_12_05_2025SCI_8667-2-200x133.jpg 200w, https:\/\/www.pmvc.ba.gov.br\/wp-content\/uploads\/Fachada_Prefeitura_12_05_2025SCI_8667-2-474x315.jpg 474w, https:\/\/www.pmvc.ba.gov.br\/wp-content\/uploads\/Fachada_Prefeitura_12_05_2025SCI_8667-2-768x511.jpg 768w, https:\/\/www.pmvc.ba.gov.br\/wp-content\/uploads\/Fachada_Prefeitura_12_05_2025SCI_8667-2-680x452.jpg 680w, https:\/\/www.pmvc.ba.gov.br\/wp-content\/uploads\/Fachada_Prefeitura_12_05_2025SCI_8667-2.jpg 1200w\" alt=\"\" width=\"1024\" height=\"680\" \/><\/p>\n<div class=\"ssba-classic-2 ssba ssbp-wrap left ssbp--theme-1\"><\/div>\n<\/div>\n","protected":false},"excerpt":{"rendered":"<p>Posse de novos servidores municipais\/ Fevereiro de 2025 A Prefeitura de Vit\u00f3ria da Conquista conta com 9.247 servidores ativos como pe\u00e7as-chaves para a condu\u00e7\u00e3o dos servi\u00e7os cotidianos e a manuten\u00e7\u00e3o do munic\u00edpio como o melhor para se viver na Bahia. Em homenagem a esses servidores, que s\u00e3o celebrados no dia 28 de outubro, Dia do [&hellip;]<\/p>\n","protected":false},"author":2,"featured_media":126243,"comment_status":"open","ping_status":"open","sticky":false,"template":"","format":"standard","meta":[],"categories":[81,72],"tags":[7038,7037],"_links":{"self":[{"href":"https:\/\/www.blogdopaulonunes.com\/v5\/index.php\/wp-json\/wp\/v2\/posts\/126242"}],"collection":[{"href":"https:\/\/www.blogdopaulonunes.com\/v5\/index.php\/wp-json\/wp\/v2\/posts"}],"about":[{"href":"https:\/\/www.blogdopaulonunes.com\/v5\/index.php\/wp-json\/wp\/v2\/types\/post"}],"author":[{"embeddable":true,"href":"https:\/\/www.blogdopaulonunes.com\/v5\/index.php\/wp-json\/wp\/v2\/users\/2"}],"replies":[{"embeddable":true,"href":"https:\/\/www.blogdopaulonunes.com\/v5\/index.php\/wp-json\/wp\/v2\/comments?post=126242"}],"version-history":[{"count":2,"href":"https:\/\/www.blogdopaulonunes.com\/v5\/index.php\/wp-json\/wp\/v2\/posts\/126242\/revisions"}],"predecessor-version":[{"id":126245,"href":"https:\/\/www.blogdopaulonunes.com\/v5\/index.php\/wp-json\/wp\/v2\/posts\/126242\/revisions\/126245"}],"wp:featuredmedia":[{"embeddable":true,"href":"https:\/\/www.blogdopaulonunes.com\/v5\/index.php\/wp-json\/wp\/v2\/media\/126243"}],"wp:attachment":[{"href":"https:\/\/www.blogdopaulonunes.com\/v5\/index.php\/wp-json\/wp\/v2\/media?parent=126242"}],"wp:term":[{"taxonomy":"category","embeddable":true,"href":"https:\/\/www.blogdopaulonunes.com\/v5\/index.php\/wp-json\/wp\/v2\/categories?post=126242"},{"taxonomy":"post_tag","embeddable":true,"href":"https:\/\/www.blogdopaulonunes.com\/v5\/index.php\/wp-json\/wp\/v2\/tags?post=126242"}],"curies":[{"name":"wp","href":"https:\/\/api.w.org\/{rel}","templated":true}]}}