{"id":126196,"date":"2025-10-25T11:30:39","date_gmt":"2025-10-25T14:30:39","guid":{"rendered":"https:\/\/www.blogdopaulonunes.com\/v5\/?p=126196"},"modified":"2025-10-25T11:30:39","modified_gmt":"2025-10-25T14:30:39","slug":"lula-defende-brasil-de-cabeca-erguida-nas-negociacoes-comerciais","status":"publish","type":"post","link":"https:\/\/www.blogdopaulonunes.com\/v5\/index.php\/2025\/10\/25\/lula-defende-brasil-de-cabeca-erguida-nas-negociacoes-comerciais\/","title":{"rendered":"Lula defende Brasil de cabe\u00e7a erguida nas negocia\u00e7\u00f5es comerciais"},"content":{"rendered":"<h4><strong>Em visita \u00e0 Mal\u00e1sia, presidente critica medidas protecionistas dos EUA, reafirma compromisso com o com\u00e9rcio justo e volta a denunciar o genoc\u00eddio em Gaza<\/strong><\/h4>\n<p style=\"text-align: justify;\">Em Kuala Lumpur, o presidente Luiz In\u00e1cio Lula da Silva afirmou que \u201candar de cabe\u00e7a erguida \u00e9 mais importante do que um pr\u00eamio Nobel\u201d, em declara\u00e7\u00e3o conjunta com o primeiro-ministro da Mal\u00e1sia, Anwar Ibrahim. A fala ocorreu nesta sexta-feira (25), um dia antes de seu encontro com o presidente dos Estados Unidos, Donald Trump, e foi interpretada como uma resposta indireta \u00e0 busca do republicano por reconhecimento internacional. A informa\u00e7\u00e3o foi\u00a0<a href=\"https:\/\/www.cnnbrasil.com.br\/internacional\/cabeca-erguida-e-mais-importante-do-que-um-nobel-diz-lula-na-malasia\/\" target=\"_blank\" rel=\"noopener noreferrer nofollow\">divulgada pela\u00a0<b>CNN Brasil<\/b><\/a>.<\/p>\n<div class=\"googleFollowButton\" style=\"text-align: justify;\"><\/div>\n<div style=\"text-align: justify;\">Durante o discurso, Lula refor\u00e7ou sua oposi\u00e7\u00e3o \u00e0s medidas protecionistas impostas pela Casa Branca e defendeu um modelo de com\u00e9rcio global baseado em coopera\u00e7\u00e3o e igualdade entre as na\u00e7\u00f5es. O presidente destacou tamb\u00e9m o potencial de parceria entre Brasil e Mal\u00e1sia em \u00e1reas como energia limpa, tecnologia e agricultura sustent\u00e1vel, ressaltando que o di\u00e1logo entre pa\u00edses do Sul Global \u00e9 essencial para um desenvolvimento equilibrado.<\/div>\n<div>\n<h4 style=\"text-align: justify;\">Cr\u00edtica ao protecionismo e defesa da soberania<\/h4>\n<p style=\"text-align: justify;\">O l\u00edder brasileiro aproveitou a ocasi\u00e3o para reafirmar que o Brasil n\u00e3o aceitar\u00e1 pol\u00edticas comerciais que penalizem economias emergentes. Segundo ele, o protecionismo \u201cfere o esp\u00edrito da solidariedade internacional\u201d e impede o crescimento conjunto das na\u00e7\u00f5es.<\/p>\n<p style=\"text-align: justify;\">As declara\u00e7\u00f5es ocorreram em meio \u00e0 expectativa pelo encontro com Donald Trump, que, a bordo do Air Force One, confirmou a reuni\u00e3o e afirmou que um poss\u00edvel al\u00edvio nas tarifas de at\u00e9 50% sobre produtos brasileiros depender\u00e1 \u201cdas condi\u00e7\u00f5es certas\u201d. O encontro deve ser marcado por diverg\u00eancias sobre temas econ\u00f4micos e ambientais.<\/p>\n<h4>Defesa da paz e den\u00fancia do genoc\u00eddio em Gaza<\/h4>\n<p style=\"text-align: justify;\">Lula tamb\u00e9m abordou quest\u00f5es geopol\u00edticas sens\u00edveis, voltando a classificar como \u201cgenoc\u00eddio\u201d a ofensiva das for\u00e7as israelenses contra civis palestinos na Faixa de Gaza \u2014 mesma defini\u00e7\u00e3o usada minutos antes por Anwar Ibrahim. \u201cNenhuma na\u00e7\u00e3o pode se calar diante da morte de inocentes\u201d, afirmou o presidente, defendendo uma solu\u00e7\u00e3o diplom\u00e1tica urgente para o conflito.<\/p>\n<p style=\"text-align: justify;\">Com tom firme e humanista, Lula reafirmou o papel do Brasil como defensor da paz, da soberania dos povos e do di\u00e1logo multilateral. Ao longo de sua viagem \u00e0 \u00c1sia, o presidente tem insistido na necessidade de um mundo multipolar, mais justo e solid\u00e1rio \u2014 e de um Brasil que negocia \u201cde cabe\u00e7a erguida\u201d, sem se submeter a press\u00f5es externas.<\/p>\n<p>&nbsp;<\/p>\n<\/div>\n<div><\/div>\n","protected":false},"excerpt":{"rendered":"<p>Em visita \u00e0 Mal\u00e1sia, presidente critica medidas protecionistas dos EUA, reafirma compromisso com o com\u00e9rcio justo e volta a denunciar o genoc\u00eddio em Gaza Em Kuala Lumpur, o presidente Luiz In\u00e1cio Lula da Silva afirmou que \u201candar de cabe\u00e7a erguida \u00e9 mais importante do que um pr\u00eamio Nobel\u201d, em declara\u00e7\u00e3o conjunta com o primeiro-ministro da [&hellip;]<\/p>\n","protected":false},"author":2,"featured_media":126197,"comment_status":"open","ping_status":"open","sticky":false,"template":"","format":"standard","meta":[],"categories":[109,105],"tags":[6115,275,138,7021,532],"_links":{"self":[{"href":"https:\/\/www.blogdopaulonunes.com\/v5\/index.php\/wp-json\/wp\/v2\/posts\/126196"}],"collection":[{"href":"https:\/\/www.blogdopaulonunes.com\/v5\/index.php\/wp-json\/wp\/v2\/posts"}],"about":[{"href":"https:\/\/www.blogdopaulonunes.com\/v5\/index.php\/wp-json\/wp\/v2\/types\/post"}],"author":[{"embeddable":true,"href":"https:\/\/www.blogdopaulonunes.com\/v5\/index.php\/wp-json\/wp\/v2\/users\/2"}],"replies":[{"embeddable":true,"href":"https:\/\/www.blogdopaulonunes.com\/v5\/index.php\/wp-json\/wp\/v2\/comments?post=126196"}],"version-history":[{"count":1,"href":"https:\/\/www.blogdopaulonunes.com\/v5\/index.php\/wp-json\/wp\/v2\/posts\/126196\/revisions"}],"predecessor-version":[{"id":126198,"href":"https:\/\/www.blogdopaulonunes.com\/v5\/index.php\/wp-json\/wp\/v2\/posts\/126196\/revisions\/126198"}],"wp:featuredmedia":[{"embeddable":true,"href":"https:\/\/www.blogdopaulonunes.com\/v5\/index.php\/wp-json\/wp\/v2\/media\/126197"}],"wp:attachment":[{"href":"https:\/\/www.blogdopaulonunes.com\/v5\/index.php\/wp-json\/wp\/v2\/media?parent=126196"}],"wp:term":[{"taxonomy":"category","embeddable":true,"href":"https:\/\/www.blogdopaulonunes.com\/v5\/index.php\/wp-json\/wp\/v2\/categories?post=126196"},{"taxonomy":"post_tag","embeddable":true,"href":"https:\/\/www.blogdopaulonunes.com\/v5\/index.php\/wp-json\/wp\/v2\/tags?post=126196"}],"curies":[{"name":"wp","href":"https:\/\/api.w.org\/{rel}","templated":true}]}}