{"id":126191,"date":"2025-10-25T11:00:28","date_gmt":"2025-10-25T14:00:28","guid":{"rendered":"https:\/\/www.blogdopaulonunes.com\/v5\/?p=126191"},"modified":"2025-10-25T11:00:28","modified_gmt":"2025-10-25T14:00:28","slug":"programa-vai-cuidar-de-3-mil-animais-abandonados-em-vitoria-da-conquista","status":"publish","type":"post","link":"https:\/\/www.blogdopaulonunes.com\/v5\/index.php\/2025\/10\/25\/programa-vai-cuidar-de-3-mil-animais-abandonados-em-vitoria-da-conquista\/","title":{"rendered":"Programa vai cuidar de 3 mil animais abandonados em Vit\u00f3ria da Conquista"},"content":{"rendered":"<div dir=\"auto\" style=\"text-align: justify;\">Vit\u00f3ria da Conquista acaba de ganhar uma iniciativa in\u00e9dita voltada ao controle populacional de c\u00e3es e gatos, \u00e0 promo\u00e7\u00e3o do bem-estar animal e \u00e0 sa\u00fade p\u00fablica: o Programa \u201cProte\u00e7\u00e3o, Defesa, Bem-Estar e Direitos dos Animais\u201d,\u00a0 lan\u00e7ado pela Universidade Federal da Bahia (UFBA), com o apoio dos deputados Waldenor Pereira e Z\u00e9 Raimundo, que destinaram R$ 1 milh\u00e3o em emendas parlamentares para sua execu\u00e7\u00e3o.<\/div>\n<div dir=\"auto\" style=\"text-align: justify;\"><\/div>\n<div dir=\"auto\" style=\"text-align: justify;\">O projeto ser\u00e1 desenvolvido pela Escola de Medicina Veterin\u00e1ria e Zootecnia da UFBA, em parceria com o Minist\u00e9rio do Meio Ambiente, e vai vacinar, castrar e implantar microchips em cerca de 3 mil c\u00e3es e gatos de Vit\u00f3ria da Conquista ao longo de oito meses. A iniciativa tamb\u00e9m envolve a\u00e7\u00f5es de educa\u00e7\u00e3o e conscientiza\u00e7\u00e3o sobre guarda respons\u00e1vel e preven\u00e7\u00e3o de zoonoses.<\/div>\n<div dir=\"auto\" style=\"text-align: justify;\"><\/div>\n<div dir=\"auto\" style=\"text-align: justify;\">Apresentado em sess\u00e3o especial na C\u00e2mara Municipal, proposta pela vereadora Gabriela Garrido, o lan\u00e7amento reuniu vereadores, professores, ativistas e protetores de animais. Compuseram a mesa a vereadora Gabriela Garrido, que presidiu a sess\u00e3o, o diretor da Escola de Medicina Veterin\u00e1ria da UFBA, Rodrigo Bittencourt, o professor Dr.Adamas Tassinari Bonfada, os deputados Waldenor Pereira e Z\u00e9 Raimundo, os ativistas Halana Andrade e Vitor Quadros, e o comandante do Corpo de Bombeiros, Tenente-Coronel Paulo Ara\u00fajo.<\/div>\n<div dir=\"auto\" style=\"text-align: justify;\"><\/div>\n<div dir=\"auto\" style=\"text-align: justify;\">Durante a solenidade, Waldenor Pereira destacou que pesquisas indicam que o munic\u00edpio possui 40 mil c\u00e3es e 20 mil gatos, sendo 40% em situa\u00e7\u00e3o de abandono (16 mil c\u00e3es e 8 mil gatos).<\/div>\n<div dir=\"auto\" style=\"text-align: justify;\"><\/div>\n<div dir=\"auto\" style=\"text-align: justify;\">\u201c\u00c9 preciso conter a reprodu\u00e7\u00e3o dos animais em estado de abandono. Esse programa \u00e9 um passo essencial para promover o controle \u00e9tico da popula\u00e7\u00e3o, o bem-estar dos animais e a sa\u00fade das pessoas\u201d, afirmou.<\/div>\n<div dir=\"auto\" style=\"text-align: justify;\"><\/div>\n<div dir=\"auto\" style=\"text-align: justify;\">O deputado Z\u00e9 Raimundo ressaltou que a a\u00e7\u00e3o une ci\u00eancia, poder p\u00fablico e sociedade civil em uma causa comum. \u201cVit\u00f3ria da Conquista d\u00e1 exemplo de sensibilidade e responsabilidade ao apoiar uma pol\u00edtica p\u00fablica de cuidado e respeito \u00e0 vida.\u201d<\/div>\n<div dir=\"auto\" style=\"text-align: justify;\"><\/div>\n<div dir=\"auto\" style=\"text-align: justify;\">Na ocasi\u00e3o, Waldenor tamb\u00e9m apresentou a cartilha \u201cProte\u00e7\u00e3o e Direito dos Animais\u201d, produzida por seu mandato e impressa pela C\u00e2mara dos Deputados, com 7.500 exemplares que ser\u00e3o distribu\u00eddos gratuitamente \u00e0 popula\u00e7\u00e3o.<\/div>\n<div dir=\"auto\" style=\"text-align: justify;\"><\/div>\n<div dir=\"auto\" style=\"text-align: justify;\">Com o novo programa, Vit\u00f3ria da Conquista se torna o primeiro munic\u00edpio da Bahia a ser beneficiado com uma a\u00e7\u00e3o universit\u00e1ria dessa dimens\u00e3o, unindo universidade, parlamento e sociedade civil em prol da vida animal e da sa\u00fade coletiva.<\/div>\n","protected":false},"excerpt":{"rendered":"<p>Vit\u00f3ria da Conquista acaba de ganhar uma iniciativa in\u00e9dita voltada ao controle populacional de c\u00e3es e gatos, \u00e0 promo\u00e7\u00e3o do bem-estar animal e \u00e0 sa\u00fade p\u00fablica: o Programa \u201cProte\u00e7\u00e3o, Defesa, Bem-Estar e Direitos dos Animais\u201d,\u00a0 lan\u00e7ado pela Universidade Federal da Bahia (UFBA), com o apoio dos deputados Waldenor Pereira e Z\u00e9 Raimundo, que destinaram R$ [&hellip;]<\/p>\n","protected":false},"author":2,"featured_media":122376,"comment_status":"open","ping_status":"open","sticky":false,"template":"","format":"standard","meta":[],"categories":[115,105],"tags":[7018,150,165,166],"_links":{"self":[{"href":"https:\/\/www.blogdopaulonunes.com\/v5\/index.php\/wp-json\/wp\/v2\/posts\/126191"}],"collection":[{"href":"https:\/\/www.blogdopaulonunes.com\/v5\/index.php\/wp-json\/wp\/v2\/posts"}],"about":[{"href":"https:\/\/www.blogdopaulonunes.com\/v5\/index.php\/wp-json\/wp\/v2\/types\/post"}],"author":[{"embeddable":true,"href":"https:\/\/www.blogdopaulonunes.com\/v5\/index.php\/wp-json\/wp\/v2\/users\/2"}],"replies":[{"embeddable":true,"href":"https:\/\/www.blogdopaulonunes.com\/v5\/index.php\/wp-json\/wp\/v2\/comments?post=126191"}],"version-history":[{"count":1,"href":"https:\/\/www.blogdopaulonunes.com\/v5\/index.php\/wp-json\/wp\/v2\/posts\/126191\/revisions"}],"predecessor-version":[{"id":126192,"href":"https:\/\/www.blogdopaulonunes.com\/v5\/index.php\/wp-json\/wp\/v2\/posts\/126191\/revisions\/126192"}],"wp:featuredmedia":[{"embeddable":true,"href":"https:\/\/www.blogdopaulonunes.com\/v5\/index.php\/wp-json\/wp\/v2\/media\/122376"}],"wp:attachment":[{"href":"https:\/\/www.blogdopaulonunes.com\/v5\/index.php\/wp-json\/wp\/v2\/media?parent=126191"}],"wp:term":[{"taxonomy":"category","embeddable":true,"href":"https:\/\/www.blogdopaulonunes.com\/v5\/index.php\/wp-json\/wp\/v2\/categories?post=126191"},{"taxonomy":"post_tag","embeddable":true,"href":"https:\/\/www.blogdopaulonunes.com\/v5\/index.php\/wp-json\/wp\/v2\/tags?post=126191"}],"curies":[{"name":"wp","href":"https:\/\/api.w.org\/{rel}","templated":true}]}}