{"id":126105,"date":"2025-10-19T12:47:36","date_gmt":"2025-10-19T15:47:36","guid":{"rendered":"https:\/\/www.blogdopaulonunes.com\/v5\/?p=126105"},"modified":"2025-10-19T12:47:36","modified_gmt":"2025-10-19T15:47:36","slug":"fmi-elogia-economia-do-brasil-e-diz-que-tarifaco-dos-eua-tera-impacto-insignificante-no-pais","status":"publish","type":"post","link":"https:\/\/www.blogdopaulonunes.com\/v5\/index.php\/2025\/10\/19\/fmi-elogia-economia-do-brasil-e-diz-que-tarifaco-dos-eua-tera-impacto-insignificante-no-pais\/","title":{"rendered":"FMI elogia economia do Brasil e diz que tarifa\u00e7o dos EUA ter\u00e1 impacto insignificante no pa\u00eds"},"content":{"rendered":"<p style=\"text-align: justify;\" data-start=\"1049\" data-end=\"1550\">As tarifas mais altas impostas pelos Estados Unidos devem ter um efeito relativamente pequeno sobre a economia brasileira, de acordo com o relat\u00f3rio Regional Economic Outlook para o Hemisf\u00e9rio Ocidental, divulgado pelo Fundo Monet\u00e1rio Internacional (FMI) nesta sexta-feira (17). Com informa\u00e7\u00f5es do jornal O Globo.<\/p>\n<p style=\"text-align: justify;\" data-start=\"1049\" data-end=\"1550\">O documento aponta que o Brasil est\u00e1 em posi\u00e7\u00e3o menos vulner\u00e1vel aos impactos comerciais das medidas norte-americanas, em raz\u00e3o da diversifica\u00e7\u00e3o de seus parceiros e da composi\u00e7\u00e3o de suas exporta\u00e7\u00f5es.<\/p>\n<p style=\"text-align: justify;\" data-start=\"1552\" data-end=\"1942\">O estudo detalha que os Estados Unidos s\u00e3o atualmente o terceiro maior mercado de exporta\u00e7\u00e3o do Brasil, respondendo por cerca de 12% do total, atr\u00e1s da China, com aproximadamente 30%, e da Uni\u00e3o Europeia, com 14%. Apesar de relevantes, as exporta\u00e7\u00f5es para os EUA s\u00e3o compostas majoritariamente por produtos que t\u00eam alta demanda global, o que facilita sua readequa\u00e7\u00e3o para outros mercados.<\/p>\n<p style=\"text-align: justify;\" data-start=\"1944\" data-end=\"2335\">Segundo o FMI, os produtos atingidos pelas novas tarifas representam cerca de 36% das exporta\u00e7\u00f5es brasileiras destinadas aos Estados Unidos. A maioria deles \u00e9 formada por commodities, como min\u00e9rio de ferro, petr\u00f3leo e produtos agr\u00edcolas, que possuem mercados alternativos amplos e consolidados. Essa caracter\u00edstica reduz o risco de perda expressiva de receita com a medida norte-americana.<\/p>\n<p style=\"text-align: justify;\" data-start=\"2337\" data-end=\"2759\">O relat\u00f3rio observa ainda que a economia brasileira deve registrar um crescimento mais moderado neste ano, com previs\u00e3o de expans\u00e3o de 2,4% do Produto Interno Bruto (PIB). A desacelera\u00e7\u00e3o \u00e9 atribu\u00edda \u00e0 manuten\u00e7\u00e3o de uma pol\u00edtica monet\u00e1ria restritiva, \u00e0 redu\u00e7\u00e3o de est\u00edmulos fiscais e ao aumento das incertezas no cen\u00e1rio internacional, especialmente com a desacelera\u00e7\u00e3o da economia chinesa e a volatilidade dos mercados.<\/p>\n<p style=\"text-align: justify;\" data-start=\"2761\" data-end=\"3130\">Em rela\u00e7\u00e3o \u00e0 infla\u00e7\u00e3o, o FMI projeta uma taxa de 4,9% neste ano, percentual acima do intervalo da meta definida pelo Banco Central, mas dentro de um patamar considerado controlado. A institui\u00e7\u00e3o avalia que o processo de desinfla\u00e7\u00e3o no Brasil deve ocorrer de forma gradual, acompanhando o ritmo da pol\u00edtica de juros e o comportamento dos pre\u00e7os de alimentos e energia.<\/p>\n<p style=\"text-align: justify;\" data-start=\"3132\" data-end=\"3518\">Apesar do cen\u00e1rio de menor crescimento e infla\u00e7\u00e3o elevada, o FMI ressalta que a economia brasileira tem mostrado for\u00e7a e capacidade de adapta\u00e7\u00e3o. O documento destaca o papel das exporta\u00e7\u00f5es de commodities, o n\u00edvel robusto de reservas internacionais e a solidez do sistema financeiro como fatores que sustentam a resili\u00eancia do pa\u00eds diante de choques externos e medidas protecionistas.<\/p>\n<div class=\"td-author-name vcard author\" style=\"text-align: justify;\"><strong><em><span class=\"fn\"><a href=\"https:\/\/www.diariodocentrodomundo.com.br\/author\/jessica-alexandrino\/\">Jessica Alexandrino<\/a><\/span><\/em><\/strong><\/div>\n<div class=\"td-author-description\" style=\"text-align: justify;\"><strong><em>Jessica Alexandrino \u00e9 jornalista e trabalha no DCM desde 2022. Sempre gostou muito de escrever e decidiu que profiss\u00e3o queria seguir antes mesmo de ingressar no Ensino M\u00e9dio. Tem passagens por outros portais de not\u00edcias e emissoras de TV, mas nas horas vagas gosta de viajar, assistir novelas e jogar t\u00eanis.<\/em><\/strong><\/div>\n","protected":false},"excerpt":{"rendered":"<p>As tarifas mais altas impostas pelos Estados Unidos devem ter um efeito relativamente pequeno sobre a economia brasileira, de acordo com o relat\u00f3rio Regional Economic Outlook para o Hemisf\u00e9rio Ocidental, divulgado pelo Fundo Monet\u00e1rio Internacional (FMI) nesta sexta-feira (17). Com informa\u00e7\u00f5es do jornal O Globo. O documento aponta que o Brasil est\u00e1 em posi\u00e7\u00e3o menos [&hellip;]<\/p>\n","protected":false},"author":2,"featured_media":126106,"comment_status":"open","ping_status":"open","sticky":false,"template":"","format":"standard","meta":[],"categories":[109,105],"tags":[275,6982,4220,6981],"_links":{"self":[{"href":"https:\/\/www.blogdopaulonunes.com\/v5\/index.php\/wp-json\/wp\/v2\/posts\/126105"}],"collection":[{"href":"https:\/\/www.blogdopaulonunes.com\/v5\/index.php\/wp-json\/wp\/v2\/posts"}],"about":[{"href":"https:\/\/www.blogdopaulonunes.com\/v5\/index.php\/wp-json\/wp\/v2\/types\/post"}],"author":[{"embeddable":true,"href":"https:\/\/www.blogdopaulonunes.com\/v5\/index.php\/wp-json\/wp\/v2\/users\/2"}],"replies":[{"embeddable":true,"href":"https:\/\/www.blogdopaulonunes.com\/v5\/index.php\/wp-json\/wp\/v2\/comments?post=126105"}],"version-history":[{"count":1,"href":"https:\/\/www.blogdopaulonunes.com\/v5\/index.php\/wp-json\/wp\/v2\/posts\/126105\/revisions"}],"predecessor-version":[{"id":126107,"href":"https:\/\/www.blogdopaulonunes.com\/v5\/index.php\/wp-json\/wp\/v2\/posts\/126105\/revisions\/126107"}],"wp:featuredmedia":[{"embeddable":true,"href":"https:\/\/www.blogdopaulonunes.com\/v5\/index.php\/wp-json\/wp\/v2\/media\/126106"}],"wp:attachment":[{"href":"https:\/\/www.blogdopaulonunes.com\/v5\/index.php\/wp-json\/wp\/v2\/media?parent=126105"}],"wp:term":[{"taxonomy":"category","embeddable":true,"href":"https:\/\/www.blogdopaulonunes.com\/v5\/index.php\/wp-json\/wp\/v2\/categories?post=126105"},{"taxonomy":"post_tag","embeddable":true,"href":"https:\/\/www.blogdopaulonunes.com\/v5\/index.php\/wp-json\/wp\/v2\/tags?post=126105"}],"curies":[{"name":"wp","href":"https:\/\/api.w.org\/{rel}","templated":true}]}}