{"id":126018,"date":"2025-10-13T07:50:39","date_gmt":"2025-10-13T10:50:39","guid":{"rendered":"https:\/\/www.blogdopaulonunes.com\/v5\/?p=126018"},"modified":"2025-10-13T07:55:43","modified_gmt":"2025-10-13T10:55:43","slug":"foto-arquivo-fernando-frazao-agencia-brasil-brasil-saneamento-basico-falta-de-saneamento-leva-mais-de-100-mil-criancas-a-internacao-em-2024","status":"publish","type":"post","link":"https:\/\/www.blogdopaulonunes.com\/v5\/index.php\/2025\/10\/13\/foto-arquivo-fernando-frazao-agencia-brasil-brasil-saneamento-basico-falta-de-saneamento-leva-mais-de-100-mil-criancas-a-internacao-em-2024\/","title":{"rendered":"Falta de saneamento leva mais de 100 mil crian\u00e7as \u00e0 interna\u00e7\u00e3o em 2024"},"content":{"rendered":"<p style=\"text-align: justify;\"><strong>Entre os entes municipais, o destaque \u00e9 para Fernando de Noronha (PE), Vila Maria (RS) e Serra Nova Dourada (MT), com taxas acima da m\u00e9dia nacional<\/strong><\/p>\n<div id=\"js-text-clipboard\" class=\"notice-content__show js-notice-expand js-permit-copy auto-height\">\n<p style=\"text-align: justify;\">Mais de 100 mil crian\u00e7as de at\u00e9 9 anos foram internadas no Sistema \u00danico de Sa\u00fade (SUS) em 2024 por doen\u00e7as associadas \u00e0 falta de saneamento b\u00e1sico, segundo levantamento do Instituto Trata Brasil. A aus\u00eancia de infraestrutura adequada, como rede de esgoto e \u00e1gua tratada, continua impactando diretamente a sa\u00fade infantil, especialmente nas regi\u00f5es mais vulner\u00e1veis.<\/p>\n<p style=\"text-align: justify;\">O estudo mostra que 70 mil hospitaliza\u00e7\u00f5es ocorreram entre crian\u00e7as de 0 a 4 anos, faixa et\u00e1ria mais suscet\u00edvel a infec\u00e7\u00f5es, enquanto outras 30 mil afetaram menores de 5 a 9 anos. Entre as principais causas est\u00e3o doen\u00e7as de veicula\u00e7\u00e3o h\u00eddrica, como diarreia, c\u00f3lera e infec\u00e7\u00f5es intestinais, que se espalham facilmente em locais com \u00e1gua contaminada ou parada.<\/p>\n<p style=\"text-align: justify;\">Os impactos v\u00e3o al\u00e9m da sa\u00fade. Segundo o instituto, a exposi\u00e7\u00e3o constante a essas doen\u00e7as prejudica o desenvolvimento f\u00edsico e cognitivo, aumenta a evas\u00e3o escolar e compromete o potencial de renda futura dessas crian\u00e7as. \u201cA falta de saneamento b\u00e1sico condena parte da popula\u00e7\u00e3o infantil a um ciclo de pobreza e adoecimento\u201d, aponta o estudo.<\/p>\n<p style=\"text-align: justify;\">Em n\u00fameros regionais, o Sudeste lidera o ranking nacional, com 116 mil interna\u00e7\u00f5es em todas as faixas et\u00e1rias, seguido pelo Nordeste, com 93 mil. O Sul registrou 54 mil casos, o Centro-Oeste, 43 mil, e o Norte, 35 mil.<\/p>\n<\/div>\n<div class=\"notice-content__tags\"><a class=\"notice-content__tag\" href=\"\/noticias\/tag\/doencas\">#Doen\u00e7as<\/a><a class=\"notice-content__tag\" href=\"\/noticias\/tag\/saneamento\">#Saneamento<\/a><a class=\"notice-content__tag\" href=\"\/noticias\/tag\/saneamento-basico\">#Saneamento B\u00e1sico<\/a><\/div>\n<p>Fonte: <a href=\"https:\/\/brasil61.com\/n\/falta-de-saneamento-leva-mais-de-100-mil-criancas-a-internacao-em-2024-bras2514910?email=paulonunes4@gmail.com&amp;utm_source=newsletter&amp;utm_medium=newsletter&amp;utm_campaign=newsletter\" target=\"_blank\" rel=\"noopener\">Brasil 61<\/a><\/p>\n","protected":false},"excerpt":{"rendered":"<p>Entre os entes municipais, o destaque \u00e9 para Fernando de Noronha (PE), Vila Maria (RS) e Serra Nova Dourada (MT), com taxas acima da m\u00e9dia nacional Mais de 100 mil crian\u00e7as de at\u00e9 9 anos foram internadas no Sistema \u00danico de Sa\u00fade (SUS) em 2024 por doen\u00e7as associadas \u00e0 falta de saneamento b\u00e1sico, segundo levantamento [&hellip;]<\/p>\n","protected":false},"author":2,"featured_media":126019,"comment_status":"open","ping_status":"open","sticky":false,"template":"","format":"standard","meta":[],"categories":[99,105],"tags":[580],"_links":{"self":[{"href":"https:\/\/www.blogdopaulonunes.com\/v5\/index.php\/wp-json\/wp\/v2\/posts\/126018"}],"collection":[{"href":"https:\/\/www.blogdopaulonunes.com\/v5\/index.php\/wp-json\/wp\/v2\/posts"}],"about":[{"href":"https:\/\/www.blogdopaulonunes.com\/v5\/index.php\/wp-json\/wp\/v2\/types\/post"}],"author":[{"embeddable":true,"href":"https:\/\/www.blogdopaulonunes.com\/v5\/index.php\/wp-json\/wp\/v2\/users\/2"}],"replies":[{"embeddable":true,"href":"https:\/\/www.blogdopaulonunes.com\/v5\/index.php\/wp-json\/wp\/v2\/comments?post=126018"}],"version-history":[{"count":3,"href":"https:\/\/www.blogdopaulonunes.com\/v5\/index.php\/wp-json\/wp\/v2\/posts\/126018\/revisions"}],"predecessor-version":[{"id":126022,"href":"https:\/\/www.blogdopaulonunes.com\/v5\/index.php\/wp-json\/wp\/v2\/posts\/126018\/revisions\/126022"}],"wp:featuredmedia":[{"embeddable":true,"href":"https:\/\/www.blogdopaulonunes.com\/v5\/index.php\/wp-json\/wp\/v2\/media\/126019"}],"wp:attachment":[{"href":"https:\/\/www.blogdopaulonunes.com\/v5\/index.php\/wp-json\/wp\/v2\/media?parent=126018"}],"wp:term":[{"taxonomy":"category","embeddable":true,"href":"https:\/\/www.blogdopaulonunes.com\/v5\/index.php\/wp-json\/wp\/v2\/categories?post=126018"},{"taxonomy":"post_tag","embeddable":true,"href":"https:\/\/www.blogdopaulonunes.com\/v5\/index.php\/wp-json\/wp\/v2\/tags?post=126018"}],"curies":[{"name":"wp","href":"https:\/\/api.w.org\/{rel}","templated":true}]}}