{"id":125854,"date":"2025-10-05T03:48:07","date_gmt":"2025-10-05T06:48:07","guid":{"rendered":"https:\/\/www.blogdopaulonunes.com\/v5\/?p=125854"},"modified":"2025-10-05T03:48:07","modified_gmt":"2025-10-05T06:48:07","slug":"sequestrada-e-presa-por-israel-luizianne-denuncia-violacoes-de-direitos-humanos","status":"publish","type":"post","link":"https:\/\/www.blogdopaulonunes.com\/v5\/index.php\/2025\/10\/05\/sequestrada-e-presa-por-israel-luizianne-denuncia-violacoes-de-direitos-humanos\/","title":{"rendered":"Sequestrada e presa por Israel, Luizianne denuncia viola\u00e7\u00f5es de direitos humanos"},"content":{"rendered":"<p style=\"text-align: justify;\"><strong>Parlamentar se negou a assinar documento exigido pelas autoridades israelenses, que conduzem um processo de genoc\u00eddio em Gaza<\/strong><\/p>\n<p style=\"text-align: justify;\"><b>\u00a0<\/b>A deputada federal Luizianne Lins (PT-CE) est\u00e1 presa ilegalmente por for\u00e7as israelenses na pris\u00e3o de Ketziot, em pleno deserto de Negev, ap\u00f3s a intercepta\u00e7\u00e3o violenta da Flotilha da Liberdade, miss\u00e3o humanit\u00e1ria que transportava alimentos e medicamentos destinados ao povo palestino em Gaza. A a\u00e7\u00e3o, ocorrida em \u00e1guas internacionais, \u00e9 denunciada como um ato de pirataria de Estado e mais um cap\u00edtulo do genoc\u00eddio promovido por Israel contra o povo palestino.<\/p>\n<p style=\"text-align: justify;\">De acordo com sua assessoria, Luizianne recusou-se a assinar o documento de deporta\u00e7\u00e3o acelerada imposto pelas autoridades israelenses, por consider\u00e1-lo abusivo e inaceit\u00e1vel. Segundo a advogada que acompanha a delega\u00e7\u00e3o brasileira, a parlamentar decidiu permanecer em solidariedade com os demais integrantes do grupo, reafirmando que sua luta pela justi\u00e7a e pelos direitos humanos n\u00e3o se limita \u00e0 pr\u00f3pria liberdade.<\/p>\n<h4>Delega\u00e7\u00e3o brasileira sofre maus-tratos e priva\u00e7\u00e3o de alimentos<\/h4>\n<p style=\"text-align: justify;\">Relatos de representantes legais apontam que parte da delega\u00e7\u00e3o brasileira est\u00e1 sendo privada de \u00e1gua, comida e medicamentos, em clara viola\u00e7\u00e3o das normas internacionais de direitos humanos e do direito humanit\u00e1rio. A pris\u00e3o de uma miss\u00e3o civil que levava ajuda humanit\u00e1ria \u00e0 Faixa de Gaza \u00e9 uma afronta \u00e0s conven\u00e7\u00f5es internacionais e revela a barb\u00e1rie com que Israel trata quem denuncia seus crimes.<\/p>\n<p style=\"text-align: justify;\">As audi\u00eancias judiciais que examinam as ordens de deten\u00e7\u00e3o est\u00e3o marcadas para este s\u00e1bado (4). A defesa da parlamentar e o governo brasileiro exigem a liberta\u00e7\u00e3o imediata das brasileiras e dos brasileiros sequestrados por Israel.<\/p>\n<h4>Solidariedade e resist\u00eancia diante do genoc\u00eddio<\/h4>\n<p style=\"text-align: justify;\">A Flotilha da Liberdade, composta por ativistas de v\u00e1rios pa\u00edses, simboliza o compromisso da sociedade civil internacional com a causa palestina. A pris\u00e3o arbitr\u00e1ria da deputada Luizianne Lins, uma representante eleita e reconhecida por sua atua\u00e7\u00e3o em defesa dos direitos humanos, exp\u00f5e a escalada de autoritarismo e impunidade do governo israelense.<\/p>\n<p style=\"text-align: justify;\">Ao recusar a deporta\u00e7\u00e3o e resistir ao abuso, Luizianne reafirma sua solidariedade com o povo palestino e denuncia o genoc\u00eddio em curso em Gaza, onde milhares de civis, em sua maioria mulheres e crian\u00e7as, t\u00eam sido assassinados. Sua voz, agora silenciada pela pris\u00e3o, ecoa o clamor global por justi\u00e7a, liberdade e fim do apartheid israelense.<\/p>\n<p>&nbsp;<\/p>\n","protected":false},"excerpt":{"rendered":"<p>Parlamentar se negou a assinar documento exigido pelas autoridades israelenses, que conduzem um processo de genoc\u00eddio em Gaza \u00a0A deputada federal Luizianne Lins (PT-CE) est\u00e1 presa ilegalmente por for\u00e7as israelenses na pris\u00e3o de Ketziot, em pleno deserto de Negev, ap\u00f3s a intercepta\u00e7\u00e3o violenta da Flotilha da Liberdade, miss\u00e3o humanit\u00e1ria que transportava alimentos e medicamentos destinados [&hellip;]<\/p>\n","protected":false},"author":2,"featured_media":125855,"comment_status":"open","ping_status":"open","sticky":false,"template":"","format":"standard","meta":[],"categories":[109,105],"tags":[6843,2700,1290,6842,6830],"_links":{"self":[{"href":"https:\/\/www.blogdopaulonunes.com\/v5\/index.php\/wp-json\/wp\/v2\/posts\/125854"}],"collection":[{"href":"https:\/\/www.blogdopaulonunes.com\/v5\/index.php\/wp-json\/wp\/v2\/posts"}],"about":[{"href":"https:\/\/www.blogdopaulonunes.com\/v5\/index.php\/wp-json\/wp\/v2\/types\/post"}],"author":[{"embeddable":true,"href":"https:\/\/www.blogdopaulonunes.com\/v5\/index.php\/wp-json\/wp\/v2\/users\/2"}],"replies":[{"embeddable":true,"href":"https:\/\/www.blogdopaulonunes.com\/v5\/index.php\/wp-json\/wp\/v2\/comments?post=125854"}],"version-history":[{"count":1,"href":"https:\/\/www.blogdopaulonunes.com\/v5\/index.php\/wp-json\/wp\/v2\/posts\/125854\/revisions"}],"predecessor-version":[{"id":125856,"href":"https:\/\/www.blogdopaulonunes.com\/v5\/index.php\/wp-json\/wp\/v2\/posts\/125854\/revisions\/125856"}],"wp:featuredmedia":[{"embeddable":true,"href":"https:\/\/www.blogdopaulonunes.com\/v5\/index.php\/wp-json\/wp\/v2\/media\/125855"}],"wp:attachment":[{"href":"https:\/\/www.blogdopaulonunes.com\/v5\/index.php\/wp-json\/wp\/v2\/media?parent=125854"}],"wp:term":[{"taxonomy":"category","embeddable":true,"href":"https:\/\/www.blogdopaulonunes.com\/v5\/index.php\/wp-json\/wp\/v2\/categories?post=125854"},{"taxonomy":"post_tag","embeddable":true,"href":"https:\/\/www.blogdopaulonunes.com\/v5\/index.php\/wp-json\/wp\/v2\/tags?post=125854"}],"curies":[{"name":"wp","href":"https:\/\/api.w.org\/{rel}","templated":true}]}}