{"id":125844,"date":"2025-10-03T13:22:03","date_gmt":"2025-10-03T16:22:03","guid":{"rendered":"https:\/\/www.blogdopaulonunes.com\/v5\/?p=125844"},"modified":"2025-10-03T13:22:03","modified_gmt":"2025-10-03T16:22:03","slug":"a-justica-tarda-mas-nao-falha","status":"publish","type":"post","link":"https:\/\/www.blogdopaulonunes.com\/v5\/index.php\/2025\/10\/03\/a-justica-tarda-mas-nao-falha\/","title":{"rendered":"A Justi\u00e7a Tarda, Mas N\u00e3o Falha"},"content":{"rendered":"<p style=\"text-align: justify;\">H\u00e1 ditados populares que sobrevivem ao tempo porque carregam em si uma verdade que a vida insiste em comprovar. \u201cA justi\u00e7a tarda, mas n\u00e3o falha\u201d \u00e9 um desses ensinamentos. Hoje, ao olharmos para a decis\u00e3o do Tribunal Regional Federal da 1\u00aa Regi\u00e3o (TRF-1), que absolveu definitivamente Guilherme Menezes e Coriolano Moraes, vemos materializada a for\u00e7a desse ad\u00e1gio.<\/p>\n<p style=\"text-align: justify;\">Dois homens p\u00fablicos, que dedicaram d\u00e9cadas de suas vidas ao povo de Vit\u00f3ria da Conquista, foram alvo de uma narrativa que, mais do que buscar a verdade, pareceu querer manchar suas trajet\u00f3rias. O \u201cProjeto Uniforme Inteligente\u201d, implantado em 2012, tornou-se pretexto para acusa\u00e7\u00f5es de improbidade administrativa, como se a inova\u00e7\u00e3o fosse sin\u00f4nimo de dolo, e como se o simples ato de governar n\u00e3o estivesse sujeito a falhas t\u00e9cnicas e circunstanciais alheias \u00e0 vontade dos gestores.<\/p>\n<p style=\"text-align: justify;\">O tempo revelou o que j\u00e1 parecia evidente: n\u00e3o houve m\u00e1-f\u00e9, n\u00e3o houve enriquecimento il\u00edcito, n\u00e3o houve dolo. O tribunal reconheceu que os problemas enfrentados pelo projeto estavam ligados a falhas estruturais na rede de telecomunica\u00e7\u00f5es da \u00e9poca, e n\u00e3o \u00e0 conduta dos gestores. Mais que isso, deixou claro que o contrato seguiu par\u00e2metros de mercado e que n\u00e3o houve direcionamento da licita\u00e7\u00e3o.<\/p>\n<p style=\"text-align: justify;\">Durante anos, por\u00e9m, Guilherme Menezes e Coriolano Moraes carregaram o peso da desconfian\u00e7a. Sofreram ataques que, mais do que ferir suas imagens, buscaram apagar o legado de quem trabalhou pela cidade. Esse \u00e9 o ponto mais doloroso: quando a justi\u00e7a demora, ela n\u00e3o falha, mas arranha a honra, desgasta a vida e deixa cicatrizes na mem\u00f3ria.<\/p>\n<p style=\"text-align: justify;\">\u00c9 preciso resgatar a dignidade desses dois homens p\u00fablicos. N\u00e3o apenas por eles, mas pelo exemplo que deixam: a pol\u00edtica pode ser espa\u00e7o de servi\u00e7o, de entrega e de compromisso. E quando acusa\u00e7\u00f5es se levantam sem base s\u00f3lida, o pre\u00e7o pago \u00e9 o da injusti\u00e7a travestida de zelo.<\/p>\n<p style=\"text-align: justify;\">Hoje, a decis\u00e3o que encerra esse processo reacende a confian\u00e7a no Judici\u00e1rio e refor\u00e7a a ideia de que, apesar da morosidade, a verdade n\u00e3o se cala. Vit\u00f3ria da Conquista deve reconhecer que teve, em Guilherme Menezes e Coriolano Moraes, l\u00edderes que foram injusti\u00e7ados, mas que saem agora com suas biografias lavadas pela justi\u00e7a.<\/p>\n<p style=\"text-align: justify;\">Que este epis\u00f3dio nos ensine a ter cautela diante de acusa\u00e7\u00f5es precipitadas. Pois destruir reputa\u00e7\u00f5es \u00e9 f\u00e1cil, mas reconstru\u00ed-las exige coragem, perseveran\u00e7a e, sobretudo, f\u00e9 de que a verdade sempre encontrar\u00e1 seu caminho.<\/p>\n<p><strong>Padre Carlos- Site: Pol\u00edtica e Resenha<\/strong><\/p>\n","protected":false},"excerpt":{"rendered":"<p>H\u00e1 ditados populares que sobrevivem ao tempo porque carregam em si uma verdade que a vida insiste em comprovar. \u201cA justi\u00e7a tarda, mas n\u00e3o falha\u201d \u00e9 um desses ensinamentos. Hoje, ao olharmos para a decis\u00e3o do Tribunal Regional Federal da 1\u00aa Regi\u00e3o (TRF-1), que absolveu definitivamente Guilherme Menezes e Coriolano Moraes, vemos materializada a for\u00e7a [&hellip;]<\/p>\n","protected":false},"author":2,"featured_media":125845,"comment_status":"open","ping_status":"open","sticky":false,"template":"","format":"standard","meta":[],"categories":[67,105],"tags":[6832,258,6833],"_links":{"self":[{"href":"https:\/\/www.blogdopaulonunes.com\/v5\/index.php\/wp-json\/wp\/v2\/posts\/125844"}],"collection":[{"href":"https:\/\/www.blogdopaulonunes.com\/v5\/index.php\/wp-json\/wp\/v2\/posts"}],"about":[{"href":"https:\/\/www.blogdopaulonunes.com\/v5\/index.php\/wp-json\/wp\/v2\/types\/post"}],"author":[{"embeddable":true,"href":"https:\/\/www.blogdopaulonunes.com\/v5\/index.php\/wp-json\/wp\/v2\/users\/2"}],"replies":[{"embeddable":true,"href":"https:\/\/www.blogdopaulonunes.com\/v5\/index.php\/wp-json\/wp\/v2\/comments?post=125844"}],"version-history":[{"count":1,"href":"https:\/\/www.blogdopaulonunes.com\/v5\/index.php\/wp-json\/wp\/v2\/posts\/125844\/revisions"}],"predecessor-version":[{"id":125846,"href":"https:\/\/www.blogdopaulonunes.com\/v5\/index.php\/wp-json\/wp\/v2\/posts\/125844\/revisions\/125846"}],"wp:featuredmedia":[{"embeddable":true,"href":"https:\/\/www.blogdopaulonunes.com\/v5\/index.php\/wp-json\/wp\/v2\/media\/125845"}],"wp:attachment":[{"href":"https:\/\/www.blogdopaulonunes.com\/v5\/index.php\/wp-json\/wp\/v2\/media?parent=125844"}],"wp:term":[{"taxonomy":"category","embeddable":true,"href":"https:\/\/www.blogdopaulonunes.com\/v5\/index.php\/wp-json\/wp\/v2\/categories?post=125844"},{"taxonomy":"post_tag","embeddable":true,"href":"https:\/\/www.blogdopaulonunes.com\/v5\/index.php\/wp-json\/wp\/v2\/tags?post=125844"}],"curies":[{"name":"wp","href":"https:\/\/api.w.org\/{rel}","templated":true}]}}