{"id":125778,"date":"2025-09-30T23:50:57","date_gmt":"2025-10-01T02:50:57","guid":{"rendered":"https:\/\/www.blogdopaulonunes.com\/v5\/?p=125778"},"modified":"2025-09-30T23:50:57","modified_gmt":"2025-10-01T02:50:57","slug":"fliconquista-reune-20-mil-pessoas-em-cinco-dias-de-celebracao-cultural-em-vitoria-da-conquista","status":"publish","type":"post","link":"https:\/\/www.blogdopaulonunes.com\/v5\/index.php\/2025\/09\/30\/fliconquista-reune-20-mil-pessoas-em-cinco-dias-de-celebracao-cultural-em-vitoria-da-conquista\/","title":{"rendered":"FliConquista re\u00fane 20 mil pessoas em cinco dias de celebra\u00e7\u00e3o cultural em Vit\u00f3ria da Conquista"},"content":{"rendered":"<p style=\"text-align: justify;\">A terceira edi\u00e7\u00e3o da FliConquista \u2013 Feira Liter\u00e1ria de Vit\u00f3ria da Conquista encerrou neste domingo (28) com p\u00fablico estimado em 20 mil pessoas, segundo balan\u00e7o da coordena\u00e7\u00e3o do evento. Realizada no Centro de Cultura Camillo de Jesus Lima, a feira movimentou a cidade durante cinco dias com debates, lan\u00e7amentos de livros, espet\u00e1culos musicais, exibi\u00e7\u00e3o de filmes e a\u00e7\u00f5es de incentivo \u00e0 leitura, sob o tema \u201cLiteratura e Cinema \u2013 A Palavra Rimada Entre Cenas e Letras\u201d.<\/p>\n<p style=\"text-align: justify;\">Entre os destaques liter\u00e1rios, o premiado escritor Itamar Vieira J\u00fanior, autor de Torto Arado e Salvar o Fogo, lan\u00e7ou seu primeiro livro infantil, Chupim, em parceria com a artista pl\u00e1stica Manuela Navas. A programa\u00e7\u00e3o contou ainda com shows de Chico C\u00e9sar e Larissa Luz, al\u00e9m do concerto de encerramento da Orquestra Conquista Sinf\u00f4nica, regida pelo maestro Jo\u00e3o Omar, que emocionou o p\u00fablico com trilhas cl\u00e1ssicas do cinema, como Cinema Paradiso, Central do Brasil, Perfume de Mulher e O Poderoso Chef\u00e3o.<\/p>\n<p style=\"text-align: justify;\">A FliConquista foi patrocinada pelos mandatos dos deputados Waldenor Pereira (federal) e Z\u00e9 Raimundo (estadual), que somente neste ano apoiar\u00e3o mais de oito feiras liter\u00e1rias em diferentes cidades do interior, a exemplo de Mucug\u00ea,Jequi\u00e9, Cacul\u00e9, Guajeru e Rio de Contas. Destacando a realiza\u00e7\u00e3o da feira no terceiro maior munic\u00edpio da Bahia, Waldenor reafirmou:<\/p>\n<p><a href=\"https:\/\/www.blogdopaulonunes.com\/v5\/wp-content\/uploads\/2025\/09\/Fliconquista-3.jpg\"><img loading=\"lazy\" class=\"aligncenter size-full wp-image-125780\" src=\"https:\/\/www.blogdopaulonunes.com\/v5\/wp-content\/uploads\/2025\/09\/Fliconquista-3.jpg\" alt=\"\" width=\"400\" height=\"484\" \/><\/a><\/p>\n<p style=\"text-align: justify;\">\u201cApoiar a FliConquista \u00e9 investir em um dos maiores patrim\u00f4nios da nossa sociedade: a literatura. Assim como j\u00e1 fizemos em tantas feiras no interior da Bahia, nosso mandato se soma a essa corrente para fortalecer escritores, artistas e o p\u00fablico leitor.\u201d<\/p>\n<p style=\"text-align: justify;\">O evento teve ainda o apoio do Governo do Estado, por meio da Sufotur, e da Assembleia Legislativa da Bahia (ALBA), atrav\u00e9s da participa\u00e7\u00e3o do deputado Z\u00e9 Raimundo. A ALBA Cultural lan\u00e7ou na FliConquista o livro Arte em Versos Diversos, da poeta Edm\u00e9a de Oliveira, al\u00e9m da reimpress\u00e3o de dois volumes da obra do poeta conquistense Camillo de Jesus Lima.<\/p>\n<p style=\"text-align: justify;\">\u201cA literatura \u00e9 uma ponte que une gera\u00e7\u00f5es, e por isso fazemos quest\u00e3o de, atrav\u00e9s da ALBA Cultural, trazer obras de refer\u00eancia como Camillo de Jesus Lima e Edm\u00e9a. \u00c9 uma forma de valorizar nossa mem\u00f3ria e, ao mesmo tempo, semear novas inspira\u00e7\u00f5es\u201d, destacou Z\u00e9 Raimundo.<\/p>\n<p><a href=\"https:\/\/www.blogdopaulonunes.com\/v5\/wp-content\/uploads\/2025\/09\/Flicoquista-2.jpg\"><img loading=\"lazy\" class=\"aligncenter size-full wp-image-125781\" src=\"https:\/\/www.blogdopaulonunes.com\/v5\/wp-content\/uploads\/2025\/09\/Flicoquista-2.jpg\" alt=\"\" width=\"400\" height=\"321\" \/><\/a><\/p>\n<p style=\"text-align: justify;\">A curadora da FliConquista, Ester Figueiredo, avaliou que o evento afirmou sua for\u00e7a ao reunir milhares de pessoas em torno da literatura e das artes:<\/p>\n<p style=\"text-align: justify;\">\u201cFoi um encontro que ampliou o acesso democr\u00e1tico \u00e0 cultura e projetou Vit\u00f3ria da Conquista no cen\u00e1rio liter\u00e1rio\u00a0nacional.\u201d<\/p>\n","protected":false},"excerpt":{"rendered":"<p>A terceira edi\u00e7\u00e3o da FliConquista \u2013 Feira Liter\u00e1ria de Vit\u00f3ria da Conquista encerrou neste domingo (28) com p\u00fablico estimado em 20 mil pessoas, segundo balan\u00e7o da coordena\u00e7\u00e3o do evento. Realizada no Centro de Cultura Camillo de Jesus Lima, a feira movimentou a cidade durante cinco dias com debates, lan\u00e7amentos de livros, espet\u00e1culos musicais, exibi\u00e7\u00e3o de [&hellip;]<\/p>\n","protected":false},"author":2,"featured_media":125779,"comment_status":"open","ping_status":"open","sticky":false,"template":"","format":"standard","meta":[],"categories":[103,72],"tags":[2538,6790,1996,6788,6787,6792,6786,4274,6791,6789,1851,165,166],"_links":{"self":[{"href":"https:\/\/www.blogdopaulonunes.com\/v5\/index.php\/wp-json\/wp\/v2\/posts\/125778"}],"collection":[{"href":"https:\/\/www.blogdopaulonunes.com\/v5\/index.php\/wp-json\/wp\/v2\/posts"}],"about":[{"href":"https:\/\/www.blogdopaulonunes.com\/v5\/index.php\/wp-json\/wp\/v2\/types\/post"}],"author":[{"embeddable":true,"href":"https:\/\/www.blogdopaulonunes.com\/v5\/index.php\/wp-json\/wp\/v2\/users\/2"}],"replies":[{"embeddable":true,"href":"https:\/\/www.blogdopaulonunes.com\/v5\/index.php\/wp-json\/wp\/v2\/comments?post=125778"}],"version-history":[{"count":1,"href":"https:\/\/www.blogdopaulonunes.com\/v5\/index.php\/wp-json\/wp\/v2\/posts\/125778\/revisions"}],"predecessor-version":[{"id":125782,"href":"https:\/\/www.blogdopaulonunes.com\/v5\/index.php\/wp-json\/wp\/v2\/posts\/125778\/revisions\/125782"}],"wp:featuredmedia":[{"embeddable":true,"href":"https:\/\/www.blogdopaulonunes.com\/v5\/index.php\/wp-json\/wp\/v2\/media\/125779"}],"wp:attachment":[{"href":"https:\/\/www.blogdopaulonunes.com\/v5\/index.php\/wp-json\/wp\/v2\/media?parent=125778"}],"wp:term":[{"taxonomy":"category","embeddable":true,"href":"https:\/\/www.blogdopaulonunes.com\/v5\/index.php\/wp-json\/wp\/v2\/categories?post=125778"},{"taxonomy":"post_tag","embeddable":true,"href":"https:\/\/www.blogdopaulonunes.com\/v5\/index.php\/wp-json\/wp\/v2\/tags?post=125778"}],"curies":[{"name":"wp","href":"https:\/\/api.w.org\/{rel}","templated":true}]}}