{"id":125730,"date":"2025-09-27T13:03:50","date_gmt":"2025-09-27T16:03:50","guid":{"rendered":"https:\/\/www.blogdopaulonunes.com\/v5\/?p=125730"},"modified":"2025-09-27T13:03:50","modified_gmt":"2025-09-27T16:03:50","slug":"no-pl-deputados-se-irritam-com-senadores-que-votaram-contra-blindagem","status":"publish","type":"post","link":"https:\/\/www.blogdopaulonunes.com\/v5\/index.php\/2025\/09\/27\/no-pl-deputados-se-irritam-com-senadores-que-votaram-contra-blindagem\/","title":{"rendered":"No PL, deputados se irritam com senadores que votaram contra Blindagem"},"content":{"rendered":"<p style=\"text-align: justify;\"><strong>Parlamentares entendem que houve influ\u00eancia do Supremo Tribunal Federal na decis\u00e3o da Casa Alta de enterrar a proposta<\/strong><\/p>\n<p style=\"text-align: justify;\">Deputados do PL ouvidos pelo\u00a0<strong>Metr\u00f3poles<\/strong>\u00a0sob reserva se demonstraram irritados com os senadores da mesma sigla que votaram contra a Proposta de Emenda \u00e0 Constitui\u00e7\u00e3o<a href=\"https:\/\/www.camara.leg.br\/proposicoesWeb\/fichadetramitacao?idProposicao=2270800\" rel=\"noopener\">\u00a0n\u00b0 3\/2021<\/a>, conhecida como PEC da Blindagem, que buscava um escudo constitucional para proteger parlamentares de processos criminais. Pelo texto, as a\u00e7\u00f5es precisariam do aval da respectiva Casa Legislativa. A vota\u00e7\u00e3o para enterrar o texto foi un\u00e2nime.<\/p>\n<p style=\"text-align: justify;\">A sigla do ex-presidente\u00a0<a href=\"https:\/\/www.metropoles.com\/tag\/jair-bolsonaro\">Jair Bolsonaro<\/a>\u00a0(PL) entende que houve influ\u00eancia de ministros do\u00a0<a href=\"https:\/\/www.metropoles.com\/tag\/stf\">Supremo Tribunal Federal<\/a>\u00a0(STF) no voto dos senadores, j\u00e1 que, segundo interlocutores, na mesma manh\u00e3 da vota\u00e7\u00e3o, realizada na quarta-feira (24\/9), os parlamentares batiam o p\u00e9 e diziam que seriam contra a proposta.<\/p>\n<p style=\"text-align: justify;\">Para esses deputados, o Judici\u00e1rio est\u00e1 tentando \u201cditar as regras do Brasil, passando por cima do Parlamento\u201d e por isso h\u00e1 a tentativa de blindar os congressistas, uma vez que, na atual conjuntura dos Tr\u00eas Poderes, h\u00e1 uma guerra fria entre setores do Congresso e a Suprema Corte.<\/p>\n<p style=\"text-align: justify;\">Durante a sess\u00e3o da\u00a0<a href=\"https:\/\/www.metropoles.com\/tag\/ccj-do-senado\">Comiss\u00e3o de Constitui\u00e7\u00e3o e Justi\u00e7a (CCJ) da Casa Alta<\/a>, o senador\u00a0<a href=\"https:\/\/www.metropoles.com\/brasil\/cpmi-do-inss-nelson-wilians-diz-que-pf-nao-errou-em-pedir-sua-prisao\">Jorge Seif<\/a>\u00a0(PL-SC)\u00a0<a href=\"https:\/\/www.metropoles.com\/brasil\/pec-da-blindagem-seif-retira-voto-separado-e-admite-pressao-popular\">retirou<\/a>\u00a0seu voto separado \u00e0 PEC e admitiu que foi por press\u00e3o popular de todos os espectros pol\u00edticos.<\/p>\n<p style=\"text-align: justify;\">\u201cEu preciso reconhecer que a popula\u00e7\u00e3o, n\u00e3o falo de esquerda\u2026 Falo direita, esquerda e centro, que entrou em contato conosco e n\u00f3s precisamos estar sens\u00edveis \u00e0s vozes das ruas. Se tem uma parte boa nessa PEC que foi proposta pelos nobres colegas da C\u00e2mara, foi infelizmente recheada com componentes que envenenam a massa\u201d, declarou o parlamentar do PL.<\/p>\n<h4 style=\"text-align: justify;\">A press\u00e3o popular<\/h4>\n<p style=\"text-align: justify;\">A PEC foi recha\u00e7ada por parte da popula\u00e7\u00e3o, que promoveu manifesta\u00e7\u00f5es no \u00faltimo domingo (21\/9) em diversas capitais do Brasil. S\u00f3 na Avenida Paulista, em S\u00e3o Paulo, 42,4 mil pessoas foram \u00e0s ruas manifestas contra a proposta e contra o Projeto de Lei (PL) da Anistia, que agora est\u00e1 popularizado como PL da Dosimetria.<\/p>\n<p style=\"text-align: justify;\">Al\u00e9m de ter votado contra a PEC da Blindagem, Seif pleiteou que o colegiado paute a\u00a0<a href=\"https:\/\/www25.senado.leg.br\/web\/atividade\/materias\/-\/materia\/161772\" rel=\"noopener\">PEC 71\/2023<\/a>, que veda o voto secreto em todas as delibera\u00e7\u00f5es do Poder Legislativo. O texto \u00e9 de sua autoria, mas ainda n\u00e3o tem relator.<\/p>\n<p style=\"text-align: justify;\">O senador\u00a0<a href=\"https:\/\/www.metropoles.com\/tag\/sergio-moro\">Sergio Moro<\/a>\u00a0(Uni\u00e3o Brasil-PR) tamb\u00e9m apresentou uma emenda. Ele n\u00e3o \u00e9 filiado ao PL, mas sua proposta foi assinada por senadores da sigla, como Carlos Portinho (RJ), Jorge Seif (SC) e Fl\u00e1vio Bolsonaro (RJ).<\/p>\n<p style=\"text-align: justify;\">A proposta previa que fosse exigida autoriza\u00e7\u00e3o previa da C\u00e2mara ou do Senado para abertura de investiga\u00e7\u00f5es contra congressistas apenas em casos que envolvam \u201ccrime contra a honra\u201d ou \u201cqualquer imputa\u00e7\u00e3o fundada exclusivamente em opini\u00f5es, palavras e votos do parlamentar\u201d.<\/p>\n<p>Parlamentares da C\u00e2mara tamb\u00e9m consideram que o\u00a0<a href=\"https:\/\/www.metropoles.com\/brasil\/moro-recua-e-retira-emenda-proposta-para-salvar-a-pec-da-blindagem\">recuo<\/a>\u00a0na retirada da emenda demonstrou fraqueza na articula\u00e7\u00e3o da oposi\u00e7\u00e3o.<\/p>\n<p style=\"text-align: justify;\">E o deputado federal\u00a0<a href=\"https:\/\/www.metropoles.com\/tag\/eduardo-bolsonaro\">Eduardo Bolsonaro<\/a>\u00a0(PL-SP)\u00a0<a href=\"https:\/\/www.metropoles.com\/brasil\/eduardo-chama-de-servicais-senadores-que-barraram-pec-da-blindagem\">criticou<\/a>\u00a0os senadores publicamente. Em publica\u00e7\u00e3o no X, o parlamentar os classificou como \u201cservi\u00e7ais\u201d.<\/p>\n<p style=\"text-align: justify;\">\u201cOs senadores e governadores que impediram a cria\u00e7\u00e3o das garantias m\u00ednimas contra o regime de exce\u00e7\u00e3o s\u00e3o servi\u00e7ais complacentes dos tiranos. (\u2026) Voc\u00eas s\u00e3o ref\u00e9ns de desinforma\u00e7\u00e3o e engodo. Optaram em manter os poderes ilimitados da burocracia n\u00e3o eleita, por puro medo politiqueiro\u201d, escreveu o deputado.<\/p>\n<h4 style=\"text-align: justify;\"><strong>Aprova\u00e7\u00e3o na C\u00e2mara<\/strong><\/h4>\n<p style=\"text-align: justify;\"><a href=\"https:\/\/www.metropoles.com\/brasil\/camara-aprova-pec-da-blindagem\">A C\u00e2mara aprovou a PEC da Blindagem em 16 de setembro<\/a>. O projeto foi aprovado no primeiro turno por 353 votos a favor, 134 contra e uma absten\u00e7\u00e3o. No segundo turno, o placar foi de 344 votos a 133.<\/p>\n","protected":false},"excerpt":{"rendered":"<p>Parlamentares entendem que houve influ\u00eancia do Supremo Tribunal Federal na decis\u00e3o da Casa Alta de enterrar a proposta Deputados do PL ouvidos pelo\u00a0Metr\u00f3poles\u00a0sob reserva se demonstraram irritados com os senadores da mesma sigla que votaram contra a Proposta de Emenda \u00e0 Constitui\u00e7\u00e3o\u00a0n\u00b0 3\/2021, conhecida como PEC da Blindagem, que buscava um escudo constitucional para proteger [&hellip;]<\/p>\n","protected":false},"author":2,"featured_media":125731,"comment_status":"open","ping_status":"open","sticky":false,"template":"","format":"standard","meta":[],"categories":[23,105],"tags":[183,946,6666,1933,593,6761],"_links":{"self":[{"href":"https:\/\/www.blogdopaulonunes.com\/v5\/index.php\/wp-json\/wp\/v2\/posts\/125730"}],"collection":[{"href":"https:\/\/www.blogdopaulonunes.com\/v5\/index.php\/wp-json\/wp\/v2\/posts"}],"about":[{"href":"https:\/\/www.blogdopaulonunes.com\/v5\/index.php\/wp-json\/wp\/v2\/types\/post"}],"author":[{"embeddable":true,"href":"https:\/\/www.blogdopaulonunes.com\/v5\/index.php\/wp-json\/wp\/v2\/users\/2"}],"replies":[{"embeddable":true,"href":"https:\/\/www.blogdopaulonunes.com\/v5\/index.php\/wp-json\/wp\/v2\/comments?post=125730"}],"version-history":[{"count":1,"href":"https:\/\/www.blogdopaulonunes.com\/v5\/index.php\/wp-json\/wp\/v2\/posts\/125730\/revisions"}],"predecessor-version":[{"id":125732,"href":"https:\/\/www.blogdopaulonunes.com\/v5\/index.php\/wp-json\/wp\/v2\/posts\/125730\/revisions\/125732"}],"wp:featuredmedia":[{"embeddable":true,"href":"https:\/\/www.blogdopaulonunes.com\/v5\/index.php\/wp-json\/wp\/v2\/media\/125731"}],"wp:attachment":[{"href":"https:\/\/www.blogdopaulonunes.com\/v5\/index.php\/wp-json\/wp\/v2\/media?parent=125730"}],"wp:term":[{"taxonomy":"category","embeddable":true,"href":"https:\/\/www.blogdopaulonunes.com\/v5\/index.php\/wp-json\/wp\/v2\/categories?post=125730"},{"taxonomy":"post_tag","embeddable":true,"href":"https:\/\/www.blogdopaulonunes.com\/v5\/index.php\/wp-json\/wp\/v2\/tags?post=125730"}],"curies":[{"name":"wp","href":"https:\/\/api.w.org\/{rel}","templated":true}]}}