{"id":125109,"date":"2025-08-23T14:22:35","date_gmt":"2025-08-23T17:22:35","guid":{"rendered":"https:\/\/www.blogdopaulonunes.com\/v5\/?p=125109"},"modified":"2025-08-23T14:22:35","modified_gmt":"2025-08-23T17:22:35","slug":"silas-malafaia-deve-r-17-milhoes-a-uniao-valor-cresce-843-desde-2021","status":"publish","type":"post","link":"https:\/\/www.blogdopaulonunes.com\/v5\/index.php\/2025\/08\/23\/silas-malafaia-deve-r-17-milhoes-a-uniao-valor-cresce-843-desde-2021\/","title":{"rendered":"Silas Malafaia deve R$ 17 milh\u00f5es \u00e0 Uni\u00e3o; valor cresce 843% desde 2021"},"content":{"rendered":"<p style=\"text-align: justify;\"><strong>Central Gospel, do pastor bolsonarista Silas Malafaia, enfrenta recupera\u00e7\u00e3o judicial e d\u00edvidas milion\u00e1rias<\/strong><\/p>\n<p style=\"text-align: justify;\">\u00a0O pastor Silas Malafaia, fundador da Assembleia de Deus Vit\u00f3ria em Cristo e dono da Editora Central Gospel, acumula d\u00edvidas tribut\u00e1rias com a Uni\u00e3o que j\u00e1 ultrapassam R$ 17 milh\u00f5es, um aumento de 843% em rela\u00e7\u00e3o a 2021, quando o valor era de R$ 1,8 milh\u00e3o. As informa\u00e7\u00f5es foram divulgadas pelo jornalista T\u00e1cio Lorran, do portal\u00a0<a href=\"https:\/\/www.metropoles.com\/colunas\/tacio-lorran\/divida-de-malafaia-a-uniao-dispara-1-000-e-chega-a-r-17-milhoes\" target=\"_blank\" rel=\"noopener noreferrer\">Metr\u00f3poles<\/a>, neste s\u00e1bado (23).<\/p>\n<p style=\"text-align: justify;\">A maior parte do montante (R$ 16,9 milh\u00f5es) \u00e9 atribu\u00edda \u00e0 editora, que est\u00e1 em recupera\u00e7\u00e3o judicial desde 2019, enquanto uma fra\u00e7\u00e3o menor, de R$ 46,3 mil, recai sobre a pr\u00f3pria igreja.<\/p>\n<p style=\"text-align: justify;\">Segundo a Procuradoria-Geral da Fazenda Nacional (PGFN), os d\u00e9bitos envolvem R$ 6,9 milh\u00f5es em previd\u00eancia e R$ 10,1 milh\u00f5es em outros tributos. Al\u00e9m das pend\u00eancias com a Uni\u00e3o, a Central Gospel ainda enfrenta d\u00edvidas de R$ 15,6 milh\u00f5es com credores privados, incluindo bancos, empresas e trabalhadores.<\/p>\n","protected":false},"excerpt":{"rendered":"<p>Central Gospel, do pastor bolsonarista Silas Malafaia, enfrenta recupera\u00e7\u00e3o judicial e d\u00edvidas milion\u00e1rias \u00a0O pastor Silas Malafaia, fundador da Assembleia de Deus Vit\u00f3ria em Cristo e dono da Editora Central Gospel, acumula d\u00edvidas tribut\u00e1rias com a Uni\u00e3o que j\u00e1 ultrapassam R$ 17 milh\u00f5es, um aumento de 843% em rela\u00e7\u00e3o a 2021, quando o valor era [&hellip;]<\/p>\n","protected":false},"author":2,"featured_media":125110,"comment_status":"open","ping_status":"open","sticky":false,"template":"","format":"standard","meta":[],"categories":[1,105],"tags":[6453,3489,6454],"_links":{"self":[{"href":"https:\/\/www.blogdopaulonunes.com\/v5\/index.php\/wp-json\/wp\/v2\/posts\/125109"}],"collection":[{"href":"https:\/\/www.blogdopaulonunes.com\/v5\/index.php\/wp-json\/wp\/v2\/posts"}],"about":[{"href":"https:\/\/www.blogdopaulonunes.com\/v5\/index.php\/wp-json\/wp\/v2\/types\/post"}],"author":[{"embeddable":true,"href":"https:\/\/www.blogdopaulonunes.com\/v5\/index.php\/wp-json\/wp\/v2\/users\/2"}],"replies":[{"embeddable":true,"href":"https:\/\/www.blogdopaulonunes.com\/v5\/index.php\/wp-json\/wp\/v2\/comments?post=125109"}],"version-history":[{"count":1,"href":"https:\/\/www.blogdopaulonunes.com\/v5\/index.php\/wp-json\/wp\/v2\/posts\/125109\/revisions"}],"predecessor-version":[{"id":125111,"href":"https:\/\/www.blogdopaulonunes.com\/v5\/index.php\/wp-json\/wp\/v2\/posts\/125109\/revisions\/125111"}],"wp:featuredmedia":[{"embeddable":true,"href":"https:\/\/www.blogdopaulonunes.com\/v5\/index.php\/wp-json\/wp\/v2\/media\/125110"}],"wp:attachment":[{"href":"https:\/\/www.blogdopaulonunes.com\/v5\/index.php\/wp-json\/wp\/v2\/media?parent=125109"}],"wp:term":[{"taxonomy":"category","embeddable":true,"href":"https:\/\/www.blogdopaulonunes.com\/v5\/index.php\/wp-json\/wp\/v2\/categories?post=125109"},{"taxonomy":"post_tag","embeddable":true,"href":"https:\/\/www.blogdopaulonunes.com\/v5\/index.php\/wp-json\/wp\/v2\/tags?post=125109"}],"curies":[{"name":"wp","href":"https:\/\/api.w.org\/{rel}","templated":true}]}}