{"id":124946,"date":"2025-08-15T14:54:33","date_gmt":"2025-08-15T17:54:33","guid":{"rendered":"https:\/\/www.blogdopaulonunes.com\/v5\/?p=124946"},"modified":"2025-08-15T14:54:33","modified_gmt":"2025-08-15T17:54:33","slug":"plano-brasil-soberano-traz-alivio-a-industria-e-mantem-espaco-para-negociacoes-com-os-eua-avalia-presidente-da-cni","status":"publish","type":"post","link":"https:\/\/www.blogdopaulonunes.com\/v5\/index.php\/2025\/08\/15\/plano-brasil-soberano-traz-alivio-a-industria-e-mantem-espaco-para-negociacoes-com-os-eua-avalia-presidente-da-cni\/","title":{"rendered":"Plano Brasil Soberano traz al\u00edvio \u00e0 ind\u00fastria e mant\u00eam espa\u00e7o para negocia\u00e7\u00f5es com os EUA, avalia presidente da CNI"},"content":{"rendered":"<p style=\"text-align: justify;\"><strong>Medidas anunciadas pelo governo incluem cr\u00e9dito, cr\u00e9dito tribut\u00e1rio e Reintegra ampliado para enfrentar o tarifa\u00e7o americano<\/strong><\/p>\n<div id=\"js-text-clipboard\" class=\"notice-content__show js-notice-expand js-permit-copy auto-height\">\n<p style=\"text-align: justify;\">O presidente da <a href=\"https:\/\/cni.portaldaindustria.com.br\/\"><strong>Confedera\u00e7\u00e3o Nacional da Ind\u00fastria (CNI)<\/strong><\/a>, Ricardo Alban, avaliou positivamente as medidas anunciadas pelo governo no \u00e2mbito do <a href=\"https:\/\/www.gov.br\/planalto\/pt-br\/acompanhe-o-planalto\/noticias\/2025\/08\/governo-lanca-plano-brasil-soberano-para-proteger-exportadores-e-trabalhadores-de-sobretaxas-dos-eua\/apresentacao_brasil_soberano.pdf\"><strong>Plano Brasil Soberano<\/strong><\/a>, para enfrentar o aumento de at\u00e9 50% nas tarifas impostas pelos Estados Unidos sobre produtos brasileiros. Alban destacou que o plano contempla diversas demandas da ind\u00fastria, prioriza a continuidade das negocia\u00e7\u00f5es com os EUA e mant\u00e9m a abertura para novas a\u00e7\u00f5es, caso necess\u00e1rio.<\/p>\n<p style=\"text-align: justify;\">\u201cRecebemos positivamente, n\u00e3o s\u00f3 pelas medidas estarem contemplando muitas das nossas demandas que foram feitas pelas ind\u00fastrias, pelas federa\u00e7\u00f5es e pelas associa\u00e7\u00f5es setoriais, mas principalmente porque ela englobou dois conceitos b\u00e1sicos, que seria continuar negociando como prioridade, e o segundo, que se novas medidas forem necess\u00e1rias, elas ser\u00e3o tomadas\u201d, avalia Alban.<\/p>\n<p style=\"text-align: justify;\">O presidente da CNI participou da solenidade de an\u00fancio do Plano Brasil Soberano, na quarta-feira (13), no Pal\u00e1cio do Planalto, em Bras\u00edlia, com o presidente Luiz In\u00e1cio Lula da Silva; o vice-presidente e ministro do Desenvolvimento, Ind\u00fastria, Com\u00e9rcio e Servi\u00e7os, Geraldo Alckmin; os ministros da Fazenda, Fernando Haddad, e das Rela\u00e7\u00f5es Institucionais, Gleisi Hoffmann; e os presidentes da C\u00e2mara, Hugo Motta, e do Senado, Davi Alcolumbre.<\/p>\n<h2>Plano Brasil Soberano: o tarifa\u00e7o dos EUA e o impacto sobre exporta\u00e7\u00f5es brasileiras<\/h2>\n<p style=\"text-align: justify;\">A decis\u00e3o dos Estados Unidos de elevar tarifas para at\u00e9 50% sobre produtos brasileiros, incluindo setores como carne, caf\u00e9 e t\u00eaxteis, gerou preocupa\u00e7\u00e3o entre os exportadores. Analistas afirmam que o impacto imediato pode ser amenizado por exce\u00e7\u00f5es a quase 700 produtos, mas setores como o agroneg\u00f3cio e a ind\u00fastria de base teriam perdas significativas. Diversifica\u00e7\u00e3o de mercados, especialmente com a China, fortalece a resili\u00eancia brasileira.<\/p>\n<h2 style=\"text-align: justify;\">Plano Brasil Soberano: medidas anunciadas<\/h2>\n<p style=\"text-align: justify;\">O pacote aprovado inclui:<\/p>\n<ul>\n<li style=\"text-align: justify;\"><strong>Linha de cr\u00e9dito especial:<\/strong> R$ 30 bilh\u00f5es, com juros reduzidos, via Banco Nacional de Desenvolvimento Econ\u00f4mico e Social (BNDES) e Banco do Brasil;<\/li>\n<li style=\"text-align: justify;\"><strong>Diferimento no pagamento de tributos federais:<\/strong> por dois meses, ajudando no fluxo de caixa das empresas;<\/li>\n<li style=\"text-align: justify;\"><strong>Reintegra ampliado: <\/strong>al\u00edquota de retorno de exporta\u00e7\u00e3o elevada para at\u00e9 6% para micro e pequenas empresas e at\u00e9 3% para m\u00e9dias e grandes.<\/li>\n<li style=\"text-align: justify;\">Benef\u00edcios tamb\u00e9m incluem prorroga\u00e7\u00e3o do Regime Aduaneiro Especial de Drawback por um ano e melhorias nos instrumentos de garantia \u00e0 exporta\u00e7\u00e3o.<\/li>\n<\/ul>\n<p style=\"text-align: justify;\">Alban ressaltou que, al\u00e9m do al\u00edvio imediato \u00e0s empresas, \u00e9 preciso garantir que as medidas cheguem aos setores mais impactados e sejam acompanhadas de a\u00e7\u00f5es estruturais para ampliar a competitividade do pa\u00eds e diversificar mercados de exporta\u00e7\u00e3o.<\/p>\n<p style=\"text-align: justify;\">\u201cO que n\u00f3s temos que ter o cuidado \u00e9 que as medidas atinjam a quem precisa, para que a gente possa ter esse movimento cont\u00ednuo e que dure o menos poss\u00edvel. Todo o fator que tamb\u00e9m deixou claro \u00e9 que temos que exacerbar ao m\u00e1ximo poss\u00edvel novos acordos bilaterais, de prefer\u00eancia com o Mercosul, para que n\u00f3s possamos ter essa abertura de mercado, podemos continuar trabalhando no Custo Brasil, podemos trabalhar na realidade dos nossos juros que n\u00e3o permitem a competitividade e tantos outros itens\u201d, pontuou o presidente da CNI.<\/p>\n<h2>Plano Brasil Soberano: vis\u00e3o de mercado<\/h2>\n<p>A <a href=\"https:\/\/abiquim.org.br\/\"><strong>Associa\u00e7\u00e3o Brasileira da Ind\u00fastria Qu\u00edmica (Abiquim)<\/strong><\/a> tamb\u00e9m classificou o pacote de medidas anunciado pelo presidente Lula como positivo. Para a entidade, o Plano Brasil Soberano preserva a competitividade e empregos, ao oferecer cr\u00e9dito, ajustes tribut\u00e1rios e prorroga\u00e7\u00e3o de prazos no regime de drawback, al\u00e9m de medidas de prote\u00e7\u00e3o ao trabalho e possibilidade de compras governamentais.<\/p>\n<p style=\"text-align: justify;\">\u201cA Abiquim reconhece o esfor\u00e7o do governo em viabilizar emergencialmente um pacote robusto e abrangente de medidas de apoio aos exportadores impactados com o tarifa\u00e7o norte-americano. Al\u00e9m desse pacote de conting\u00eancia e uma abordagem mais setorial, apoiamos uma firme e resolutiva retomada das negocia\u00e7\u00f5es entre as autoridades comerciais e diplom\u00e1ticas dos dois pa\u00edses, tendo j\u00e1 sinalizado claramente que existe espa\u00e7o para mais exclus\u00f5es de produtos qu\u00edmicos do tarifa\u00e7o, e refor\u00e7amos que outras medidas seriam muito bem-vindas para auxiliar o setor nesse momento\u201d, afirma o gerente de Com\u00e9rcio Exterior da Abiquim, Eder da Silva.<\/p>\n<p style=\"text-align: justify;\">O setor qu\u00edmico exporta cerca de US$ 2,5 bilh\u00f5es anuais em insumos para uso industrial aos EUA, e teme n\u00e3o apenas perdas diretas, mas tamb\u00e9m preju\u00edzos indiretos para segmentos que dependem desses produtos, como pl\u00e1sticos, cal\u00e7ados, alimentos e vestu\u00e1rio. A Abiquim, em parceria com o American Chemistry Council (ACC), destaca que Brasil e Estados Unidos mant\u00eam uma rela\u00e7\u00e3o econ\u00f4mica historicamente complementar, sustentada por cadeias produtivas integradas e pela presen\u00e7a de mais de 20 empresas qu\u00edmicas de capital norte-americano, no pa\u00eds.<\/p>\n<p style=\"text-align: justify;\">Segundo a associa\u00e7\u00e3o, dos 700 itens inicialmente sujeitos \u00e0 tarifa, cinco j\u00e1 foram retirados da lista, representando cerca de US$ 1 bilh\u00e3o em exporta\u00e7\u00f5es preservadas. A entidade identificou ainda 90 outros c\u00f3digos NCM, equivalentes a aproximadamente US$ 500 milh\u00f5es anuais, e projeta que as exclus\u00f5es possam alcan\u00e7ar US$ 1,5 bilh\u00e3o. No entanto, a amplia\u00e7\u00e3o desse montante depende de avan\u00e7os nas negocia\u00e7\u00f5es diretas entre Brasil e Estados Unidos.<\/p>\n<p style=\"text-align: justify;\"><!--EndFragment --><\/p>\n<\/div>\n<div class=\"notice-content__tags\" style=\"text-align: justify;\"><a class=\"notice-content__tag\" href=\"\/noticias\/tag\/brasil\">#Brasil<\/a><a class=\"notice-content__tag\" href=\"\/noticias\/tag\/cni\">#CNI<\/a><a class=\"notice-content__tag\" href=\"\/noticias\/tag\/estados-unidos\">#Estados Unidos<\/a><a class=\"notice-content__tag\" href=\"\/noticias\/tag\/exportacoes\">#Exporta\u00e7\u00f5es<\/a><a class=\"notice-content__tag\" href=\"\/noticias\/tag\/impostos\">#Impostos<\/a><a class=\"notice-content__tag\" href=\"\/noticias\/tag\/tarifaco\">#Tarifaco<\/a><\/div>\n<p><strong><\/p>\n<p>Fonte: <a href=\"https:\/\/brasil61.com\/n\/plano-brasil-soberano-traz-alivio-a-industria-e-mantem-espaco-para-negociacoes-com-os-eua-avalia-presidente-da-cni-pind254590\" target=\"_blank\" rel=\"noopener\">Brasil 61<\/a><\/strong><\/p>\n","protected":false},"excerpt":{"rendered":"<p>Medidas anunciadas pelo governo incluem cr\u00e9dito, cr\u00e9dito tribut\u00e1rio e Reintegra ampliado para enfrentar o tarifa\u00e7o americano O presidente da Confedera\u00e7\u00e3o Nacional da Ind\u00fastria (CNI), Ricardo Alban, avaliou positivamente as medidas anunciadas pelo governo no \u00e2mbito do Plano Brasil Soberano, para enfrentar o aumento de at\u00e9 50% nas tarifas impostas pelos Estados Unidos sobre produtos brasileiros. [&hellip;]<\/p>\n","protected":false},"author":2,"featured_media":124947,"comment_status":"open","ping_status":"open","sticky":false,"template":"","format":"standard","meta":[],"categories":[130,105],"tags":[6115,275,152,2164,179,5447],"_links":{"self":[{"href":"https:\/\/www.blogdopaulonunes.com\/v5\/index.php\/wp-json\/wp\/v2\/posts\/124946"}],"collection":[{"href":"https:\/\/www.blogdopaulonunes.com\/v5\/index.php\/wp-json\/wp\/v2\/posts"}],"about":[{"href":"https:\/\/www.blogdopaulonunes.com\/v5\/index.php\/wp-json\/wp\/v2\/types\/post"}],"author":[{"embeddable":true,"href":"https:\/\/www.blogdopaulonunes.com\/v5\/index.php\/wp-json\/wp\/v2\/users\/2"}],"replies":[{"embeddable":true,"href":"https:\/\/www.blogdopaulonunes.com\/v5\/index.php\/wp-json\/wp\/v2\/comments?post=124946"}],"version-history":[{"count":1,"href":"https:\/\/www.blogdopaulonunes.com\/v5\/index.php\/wp-json\/wp\/v2\/posts\/124946\/revisions"}],"predecessor-version":[{"id":124948,"href":"https:\/\/www.blogdopaulonunes.com\/v5\/index.php\/wp-json\/wp\/v2\/posts\/124946\/revisions\/124948"}],"wp:featuredmedia":[{"embeddable":true,"href":"https:\/\/www.blogdopaulonunes.com\/v5\/index.php\/wp-json\/wp\/v2\/media\/124947"}],"wp:attachment":[{"href":"https:\/\/www.blogdopaulonunes.com\/v5\/index.php\/wp-json\/wp\/v2\/media?parent=124946"}],"wp:term":[{"taxonomy":"category","embeddable":true,"href":"https:\/\/www.blogdopaulonunes.com\/v5\/index.php\/wp-json\/wp\/v2\/categories?post=124946"},{"taxonomy":"post_tag","embeddable":true,"href":"https:\/\/www.blogdopaulonunes.com\/v5\/index.php\/wp-json\/wp\/v2\/tags?post=124946"}],"curies":[{"name":"wp","href":"https:\/\/api.w.org\/{rel}","templated":true}]}}