{"id":124940,"date":"2025-08-15T14:34:20","date_gmt":"2025-08-15T17:34:20","guid":{"rendered":"https:\/\/www.blogdopaulonunes.com\/v5\/?p=124940"},"modified":"2025-08-15T14:34:20","modified_gmt":"2025-08-15T17:34:20","slug":"legado-socioambiental-da-transposicao-do-sao-francisco-destaca-avancos-sociais","status":"publish","type":"post","link":"https:\/\/www.blogdopaulonunes.com\/v5\/index.php\/2025\/08\/15\/legado-socioambiental-da-transposicao-do-sao-francisco-destaca-avancos-sociais\/","title":{"rendered":"Legado socioambiental da Transposi\u00e7\u00e3o do S\u00e3o Francisco destaca avan\u00e7os sociais"},"content":{"rendered":"<p style=\"text-align: justify;\"><strong>O encontro tem como objetivo apresentar resultados da gest\u00e3o ambiental do Programa de Integra\u00e7\u00e3o do Rio S\u00e3o Francisco<\/strong><\/p>\n<div id=\"js-text-clipboard\" class=\"notice-content__show js-notice-expand js-permit-copy auto-height\">\n<p style=\"text-align: justify;\">Com o objetivo de discutir os avan\u00e7os ambientais, sociais e cient\u00edficos do\u00a0<strong>Projeto de Integra\u00e7\u00e3o do Rio S\u00e3o Francisco (PISF)<\/strong>, Petrolina, em\u00a0<strong>Pernambuco<\/strong>, sedia at\u00e9 sexta-feira (15) o evento \u201cLegado Socioambiental do\u00a0<strong>PISF<\/strong>: seguran\u00e7a h\u00eddrica e desenvolvimento regional sustent\u00e1vel\u201d, promovido pelo\u00a0<strong>Minist\u00e9rio da Integra\u00e7\u00e3o e do Desenvolvimento Regional (<a href=\"https:\/\/www.gov.br\/mdr\/pt-br\" target=\"_blank\" rel=\"noopener\">MIDR<\/a>)<\/strong>. A iniciativa re\u00fane autoridades, pesquisadores e gestores para debater os avan\u00e7os da maior obra de infraestrutura h\u00eddrica do Brasil.<\/p>\n<p style=\"text-align: justify;\">Nesta quinta-feira (14), segundo dia de evento, a programa\u00e7\u00e3o contou com debates sobre \u201cInova\u00e7\u00f5es na Gest\u00e3o Ambiental\u201d, onde m\u00e9todos desenvolvidos durante o licenciamento do projeto, como reposi\u00e7\u00e3o florestal e novas estrat\u00e9gias de conserva\u00e7\u00e3o foram apresentados, e \u201cAvan\u00e7os Sociais, Emprego e Renda\u201d, evidenciando impactos positivos do\u00a0<strong>PISF\u00a0<\/strong>nas comunidades, como a cria\u00e7\u00e3o de empregos, forma\u00e7\u00e3o de m\u00e3o de obra, associativismo e fortalecimento de arranjos produtivos.<\/p>\n<p style=\"text-align: justify;\">O encontro tem como objetivo apresentar resultados da gest\u00e3o ambiental do\u00a0<strong>PISF<\/strong>, com foco na preserva\u00e7\u00e3o da biodiversidade, no fortalecimento das comunidades beneficiadas e em estrat\u00e9gias inovadoras para mitigar impactos ambientais. Tamb\u00e9m est\u00e3o em pauta a\u00e7\u00f5es como o monitoramento de fauna e flora, a preserva\u00e7\u00e3o do patrim\u00f4nio arqueol\u00f3gico e o est\u00edmulo \u00e0 gera\u00e7\u00e3o de emprego e renda.<\/p>\n<p style=\"text-align: justify;\">O evento, realizado no Cineteatro da Universidade Federal do Vale do S\u00e3o Francisco (Univasf), conta com visitas de campo a Salgueiro (PE), para conhecer as \u00e1reas do\u00a0<strong>Programa de Recupera\u00e7\u00e3o de \u00c1reas Degradadas (PRAD)<\/strong>\u00a0e as Vilas Produtivas Rurais, e a S\u00e3o Raimundo Nonato (PI), onde os participantes ir\u00e3o conhecer os laborat\u00f3rios da\u00a0<strong>Funda\u00e7\u00e3o Museu do Homem Americano (FUMDHAM)<\/strong>\u00a0e o S\u00edtio Arqueol\u00f3gico Pedra Furada, na Serra da Capivara, entre outras atividades.<\/p>\n<p style=\"text-align: justify;\">O\u00a0<strong>PISF\u00a0<\/strong>\u00e9 respons\u00e1vel por levar seguran\u00e7a h\u00eddrica a cerca de 12 milh\u00f5es de pessoas no Nordeste. O diretor do Departamento de Projetos Estrat\u00e9gicos da Secretaria Nacional de Seguran\u00e7a H\u00eddrica (SNSH) do\u00a0<strong>MIDR<\/strong>, Bruno Cravo, destacou que o evento representa uma presta\u00e7\u00e3o de contas das a\u00e7\u00f5es j\u00e1 realizadas e refor\u00e7ou a import\u00e2ncia desse projeto para a popula\u00e7\u00e3o do semi\u00e1rido. \u201cPara al\u00e9m da seguran\u00e7a h\u00eddrica, o\u00a0<strong>PISF\u00a0<\/strong>deixa um legado importante de preserva\u00e7\u00e3o ambiental e desenvolvimento social. N\u00e3o poder\u00edamos deixar de comemorar os 20 anos do licenciamento desse projeto t\u00e3o relevante. Mas este n\u00e3o \u00e9 apenas um momento de olhar para o passado: \u00e9 tamb\u00e9m uma oportunidade de planejar e mirar o futuro\u201d, afirmou.<\/p>\n<p style=\"text-align: justify;\">\u201cA Univasf foi convidada a participar desse desafio e tem orgulho de colaborar com esse grande empreendimento. Aqui, observamos uma converg\u00eancia rara e poderosa de duas pol\u00edticas p\u00fablicas: a interioriza\u00e7\u00e3o do ensino superior e a garantia da seguran\u00e7a h\u00eddrica. Essa uni\u00e3o tem provocado um processo de transforma\u00e7\u00e3o profundo, duradouro e sustent\u00e1vel para o desenvolvimento regional\u201d, disse o reitor da Univasf, Telio Leite.<\/p>\n<p style=\"text-align: justify;\">O coordenador do N\u00facleo de Ecologia e Monitoramento Ambiental (Nema\/Univasf), professor Renato Garcia, destacou que a parceria com o\u00a0<strong>MIDR<\/strong>, iniciada em 2008, transformou a Caatinga em uma das regi\u00f5es mais bem documentadas do pa\u00eds. \u201cEssa parceria possibilitou n\u00e3o apenas a constru\u00e7\u00e3o de infraestrutura f\u00edsica, mas tamb\u00e9m de uma estrutura cient\u00edfica e de conhecimento sobre a Caatinga. Hoje, s\u00f3 na \u00e1rea do\u00a0<strong>PISF<\/strong>, j\u00e1 identificamos mais de 1.600 esp\u00e9cies vegetais, contra as 900 conhecidas d\u00e9cadas atr\u00e1s, e desenvolvemos metodologias de recupera\u00e7\u00e3o ambiental que hoje servem de modelo para outros projetos\u201d, afirmou.<\/p>\n<p style=\"text-align: justify;\">O professor Luiz C\u00e9zar Pereira, coordenador do\u00a0<strong>Centro de Manejo de Fauna (Cemafauna\/Univasf)<\/strong>, refor\u00e7ou o impacto do\u00a0<strong>PISF\u00a0<\/strong>na pesquisa e na forma\u00e7\u00e3o acad\u00eamica. \u201cDesde 2008, identificamos mais de um milh\u00e3o de indiv\u00edduos da fauna, abrangendo insetos, aves, r\u00e9pteis, peixes e invertebrados, gerando um conhecimento in\u00e9dito sobre a biodiversidade do Nordeste. Esse legado vai al\u00e9m do transporte de \u00e1gua: impulsionou a educa\u00e7\u00e3o, a ci\u00eancia e a tecnologia, formando profissionais e integrando a comunidade local \u00e0s a\u00e7\u00f5es do projeto\u201d, destacou.<\/p>\n<p style=\"text-align: justify;\">Os participantes tamb\u00e9m visitaram as estruturas da Univasf no Campus de Ci\u00eancias Agr\u00e1rias que d\u00e3o suporte \u00e0 gest\u00e3o ambiental do\u00a0<strong>PISF<\/strong>. Na ocasi\u00e3o, foi inaugurado o\u00a0<strong>Centro de Estudos em Biologia Vegetal (Cebive)<\/strong>, espa\u00e7o dedicado \u00e0 pesquisa e \u00e0 preserva\u00e7\u00e3o da flora da Caatinga.<\/p>\n<\/div>\n<div class=\"notice-content__tags\"><a class=\"notice-content__tag\" href=\"https:\/\/brasil61.com\/noticias\/tag\/desenvolvimento-regional\">#Desenvolvimento regional<\/a><a class=\"notice-content__tag\" href=\"https:\/\/brasil61.com\/noticias\/tag\/mdr\">#MDR<\/a><\/div>\n<p>&nbsp;<\/p>\n","protected":false},"excerpt":{"rendered":"<p>O encontro tem como objetivo apresentar resultados da gest\u00e3o ambiental do Programa de Integra\u00e7\u00e3o do Rio S\u00e3o Francisco Com o objetivo de discutir os avan\u00e7os ambientais, sociais e cient\u00edficos do\u00a0Projeto de Integra\u00e7\u00e3o do Rio S\u00e3o Francisco (PISF), Petrolina, em\u00a0Pernambuco, sedia at\u00e9 sexta-feira (15) o evento \u201cLegado Socioambiental do\u00a0PISF: seguran\u00e7a h\u00eddrica e desenvolvimento regional sustent\u00e1vel\u201d, promovido [&hellip;]<\/p>\n","protected":false},"author":2,"featured_media":124941,"comment_status":"open","ping_status":"open","sticky":false,"template":"","format":"standard","meta":[],"categories":[82,105],"tags":[5921,5920,236,2168],"_links":{"self":[{"href":"https:\/\/www.blogdopaulonunes.com\/v5\/index.php\/wp-json\/wp\/v2\/posts\/124940"}],"collection":[{"href":"https:\/\/www.blogdopaulonunes.com\/v5\/index.php\/wp-json\/wp\/v2\/posts"}],"about":[{"href":"https:\/\/www.blogdopaulonunes.com\/v5\/index.php\/wp-json\/wp\/v2\/types\/post"}],"author":[{"embeddable":true,"href":"https:\/\/www.blogdopaulonunes.com\/v5\/index.php\/wp-json\/wp\/v2\/users\/2"}],"replies":[{"embeddable":true,"href":"https:\/\/www.blogdopaulonunes.com\/v5\/index.php\/wp-json\/wp\/v2\/comments?post=124940"}],"version-history":[{"count":1,"href":"https:\/\/www.blogdopaulonunes.com\/v5\/index.php\/wp-json\/wp\/v2\/posts\/124940\/revisions"}],"predecessor-version":[{"id":124942,"href":"https:\/\/www.blogdopaulonunes.com\/v5\/index.php\/wp-json\/wp\/v2\/posts\/124940\/revisions\/124942"}],"wp:featuredmedia":[{"embeddable":true,"href":"https:\/\/www.blogdopaulonunes.com\/v5\/index.php\/wp-json\/wp\/v2\/media\/124941"}],"wp:attachment":[{"href":"https:\/\/www.blogdopaulonunes.com\/v5\/index.php\/wp-json\/wp\/v2\/media?parent=124940"}],"wp:term":[{"taxonomy":"category","embeddable":true,"href":"https:\/\/www.blogdopaulonunes.com\/v5\/index.php\/wp-json\/wp\/v2\/categories?post=124940"},{"taxonomy":"post_tag","embeddable":true,"href":"https:\/\/www.blogdopaulonunes.com\/v5\/index.php\/wp-json\/wp\/v2\/tags?post=124940"}],"curies":[{"name":"wp","href":"https:\/\/api.w.org\/{rel}","templated":true}]}}