{"id":124751,"date":"2025-08-05T00:03:54","date_gmt":"2025-08-05T03:03:54","guid":{"rendered":"https:\/\/www.blogdopaulonunes.com\/v5\/?p=124751"},"modified":"2025-08-05T00:03:54","modified_gmt":"2025-08-05T03:03:54","slug":"autor-do-pl-do-estupro-se-envolveu-em-acidente-que-matou-idosa-nao-houve-investigacao-3","status":"publish","type":"post","link":"https:\/\/www.blogdopaulonunes.com\/v5\/index.php\/2025\/08\/05\/autor-do-pl-do-estupro-se-envolveu-em-acidente-que-matou-idosa-nao-houve-investigacao-3\/","title":{"rendered":"Autor do PL do Estupro se envolveu em acidente que matou idosa. N\u00e3o houve investiga\u00e7\u00e3o"},"content":{"rendered":"<div class=\"pontos\"><\/div>\n<h3>Por BLOG DO PAULO NUNES\u00a0 com Ag\u00eancia P\u00fablica<\/h3>\n<div class=\"materia-corpo\">\n<p class=\"texto\" style=\"text-align: justify;\"><strong>Amanda Audi &#8211;<\/strong>\u00a0Autor do Projeto de Lei 1.904\/2024, conhecido como \u201cPL do Estupro\u201d, que equipara o aborto ap\u00f3s 22 semanas a homic\u00eddio, o deputado S\u00f3stenes Cavalcante (PL-RJ) envolveu-se em um acidente de tr\u00e2nsito em 2022 que resultou na morte de uma idosa. Nunca houve investiga\u00e7\u00e3o sobre o acidente.<\/p>\n<p class=\"texto\" style=\"text-align: justify;\">A Ag\u00eancia P\u00fablica teve acesso com exclusividade ao boletim de ocorr\u00eancia registrado (BO) pela Pol\u00edcia Rodovi\u00e1ria Federal (PRF), no qual consta que o deputado passou direto num cruzamento onde deveria parar. Apesar disso, n\u00e3o houve investiga\u00e7\u00e3o ou processo sobre o acidente. Descobrimos tamb\u00e9m ind\u00edcios de que o BO registrado pela PRF pode ter sido alterado.<\/p>\n<p class=\"texto\" style=\"text-align: justify;\">O acidente ocorreu \u00e0s 13h25 do dia 15 de junho de 2022, na BR-040, na cidade de Cristalina, em Goi\u00e1s. Era uma quarta-feira, dia em que S\u00f3stenes deveria ter participado das comiss\u00f5es de Educa\u00e7\u00e3o e de Direitos Humanos, Minorias e Igualdade Racial, al\u00e9m da sess\u00e3o do plen\u00e1rio da C\u00e2mara dos Deputados. O parlamentar \u2013 que \u00e9 pastor e uma das lideran\u00e7as da bancada evang\u00e9lica no Congresso Nacional \u2013 n\u00e3o registrou presen\u00e7a em nenhuma das reuni\u00f5es e decidiu pegar a estrada para visitar parentes em uma cidade do interior de Goi\u00e1s. S\u00f3stenes estava dirigindo um Toyota Corolla alugado \u2013 cujo aluguel custou R$ 4,5 mil \u00e0 C\u00e2mara naquele m\u00eas.<\/p>\n<p class=\"texto\">Na altura do quil\u00f4metro 92, ele cruzou a rodovia para ingressar na estrada estadual GO-436. Foi nesse momento que o seu carro colidiu com outro ve\u00edculo, um Mitsubishi ASX que trafegava no sentido contr\u00e1rio.<\/p>\n<p class=\"texto\" style=\"text-align: justify;\">Dentro do carro estavam Irma Diniz da Cruz, de 81 anos, e duas filhas. Com problemas de sa\u00fade, a idosa estava no banco traseiro usando um tubo de oxig\u00eanio. Ela estava sendo levada de Paracatu, em Minas Gerais, para uma consulta em Bras\u00edlia. Fotos do acidente mostram que o ve\u00edculo em que a fam\u00edlia viajava ficou destru\u00eddo.<\/p>\n<p class=\"texto\" style=\"text-align: justify;\">De acordo ainda com os dados do BO, as tr\u00eas ocupantes do ve\u00edculo tiveram les\u00f5es e foram levadas em uma ambul\u00e2ncia da PRF para uma unidade de sa\u00fade de Cristalina. Os machucados de Irma foram graves \u2013 e intensificados pelo tubo de oxig\u00eanio, que se chocou contra o seu corpo e pesco\u00e7o. Ela foi transferida para a UTI do Hospital Santa L\u00facia, em Bras\u00edlia, e acabou falecendo 15 dias depois, em 30 de junho. O registro de \u00f3bito diz que houve morte encef\u00e1lica e politraumatismo.<\/p>\n<p class=\"texto\" style=\"text-align: justify;\">S\u00f3stenes n\u00e3o teve nenhuma les\u00e3o, conforme ficou registrado no BO, e foi \u201cliberado ap\u00f3s os tr\u00e2mites legais\u201d.<\/p>\n<p class=\"texto\" style=\"text-align: justify;\">O documento diz que o acidente foi causado por desrespeito \u00e0 sinaliza\u00e7\u00e3o de tr\u00e2nsito por parte do deputado. \u201cConforme constata\u00e7\u00f5es em levantamento de local de acidente, concluiu-se que o fator principal do acidente foi a desobedi\u00eancia a sinaliza\u00e7\u00e3o de tr\u00e2nsito por parte do condutor V1 [S\u00f3stenes], placa R-1(Parada obrigat\u00f3ria), presente no local\u201d, diz o texto.<\/p>\n<\/div>\n","protected":false},"excerpt":{"rendered":"<p>Por BLOG DO PAULO NUNES\u00a0 com Ag\u00eancia P\u00fablica Amanda Audi &#8211;\u00a0Autor do Projeto de Lei 1.904\/2024, conhecido como \u201cPL do Estupro\u201d, que equipara o aborto ap\u00f3s 22 semanas a homic\u00eddio, o deputado S\u00f3stenes Cavalcante (PL-RJ) envolveu-se em um acidente de tr\u00e2nsito em 2022 que resultou na morte de uma idosa. Nunca houve investiga\u00e7\u00e3o sobre o [&hellip;]<\/p>\n","protected":false},"author":2,"featured_media":124752,"comment_status":"open","ping_status":"open","sticky":false,"template":"","format":"standard","meta":[],"categories":[75,105],"tags":[4283,253,1933,5432],"_links":{"self":[{"href":"https:\/\/www.blogdopaulonunes.com\/v5\/index.php\/wp-json\/wp\/v2\/posts\/124751"}],"collection":[{"href":"https:\/\/www.blogdopaulonunes.com\/v5\/index.php\/wp-json\/wp\/v2\/posts"}],"about":[{"href":"https:\/\/www.blogdopaulonunes.com\/v5\/index.php\/wp-json\/wp\/v2\/types\/post"}],"author":[{"embeddable":true,"href":"https:\/\/www.blogdopaulonunes.com\/v5\/index.php\/wp-json\/wp\/v2\/users\/2"}],"replies":[{"embeddable":true,"href":"https:\/\/www.blogdopaulonunes.com\/v5\/index.php\/wp-json\/wp\/v2\/comments?post=124751"}],"version-history":[{"count":1,"href":"https:\/\/www.blogdopaulonunes.com\/v5\/index.php\/wp-json\/wp\/v2\/posts\/124751\/revisions"}],"predecessor-version":[{"id":124753,"href":"https:\/\/www.blogdopaulonunes.com\/v5\/index.php\/wp-json\/wp\/v2\/posts\/124751\/revisions\/124753"}],"wp:featuredmedia":[{"embeddable":true,"href":"https:\/\/www.blogdopaulonunes.com\/v5\/index.php\/wp-json\/wp\/v2\/media\/124752"}],"wp:attachment":[{"href":"https:\/\/www.blogdopaulonunes.com\/v5\/index.php\/wp-json\/wp\/v2\/media?parent=124751"}],"wp:term":[{"taxonomy":"category","embeddable":true,"href":"https:\/\/www.blogdopaulonunes.com\/v5\/index.php\/wp-json\/wp\/v2\/categories?post=124751"},{"taxonomy":"post_tag","embeddable":true,"href":"https:\/\/www.blogdopaulonunes.com\/v5\/index.php\/wp-json\/wp\/v2\/tags?post=124751"}],"curies":[{"name":"wp","href":"https:\/\/api.w.org\/{rel}","templated":true}]}}