{"id":124405,"date":"2025-07-16T20:46:24","date_gmt":"2025-07-16T23:46:24","guid":{"rendered":"https:\/\/www.blogdopaulonunes.com\/v5\/?p=124405"},"modified":"2025-07-16T20:46:24","modified_gmt":"2025-07-16T23:46:24","slug":"lula-veta-projeto-que-aumenta-o-numero-de-deputados-federais","status":"publish","type":"post","link":"https:\/\/www.blogdopaulonunes.com\/v5\/index.php\/2025\/07\/16\/lula-veta-projeto-que-aumenta-o-numero-de-deputados-federais\/","title":{"rendered":"Lula veta projeto que aumenta o n\u00famero de deputados federais"},"content":{"rendered":"<p style=\"text-align: justify;\"><strong>A decis\u00e3o deve ser publicada na edi\u00e7\u00e3o desta quinta-feira (17) do &#8220;Di\u00e1rio Oficial da Uni\u00e3o&#8221;<\/strong><\/p>\n<p style=\"text-align: justify;\">O presidente Luiz In\u00e1cio Lula da Silva (PT) vetou nesta quarta-feira (16) projeto que aumenta o n\u00famero de deputados federais de 513 para 531. A decis\u00e3o deve ser publicada na edi\u00e7\u00e3o desta quinta-feira (17) do &#8220;Di\u00e1rio Oficial da Uni\u00e3o&#8221;.<\/p>\n<p style=\"text-align: justify;\">O presidente do Senado, Davi Alcolumbre (Uni\u00e3o-AP), havia dito que, se Lula n\u00e3o emitisse um posicionamento sobre o tema, o parlamentar promulgaria a proposta.<\/p>\n<p style=\"text-align: justify;\">O Congresso Nacional vai analisar o veto de Lula. Os parlamentares podem manter ou derrubar a decis\u00e3o do presidente e, se derrubar a decis\u00e3o, o projeto passa a valer no Brasil.<\/p>\n<p>&nbsp;<\/p>\n","protected":false},"excerpt":{"rendered":"<p>A decis\u00e3o deve ser publicada na edi\u00e7\u00e3o desta quinta-feira (17) do &#8220;Di\u00e1rio Oficial da Uni\u00e3o&#8221; O presidente Luiz In\u00e1cio Lula da Silva (PT) vetou nesta quarta-feira (16) projeto que aumenta o n\u00famero de deputados federais de 513 para 531. A decis\u00e3o deve ser publicada na edi\u00e7\u00e3o desta quinta-feira (17) do &#8220;Di\u00e1rio Oficial da Uni\u00e3o&#8221;. O [&hellip;]<\/p>\n","protected":false},"author":2,"featured_media":124388,"comment_status":"open","ping_status":"open","sticky":false,"template":"","format":"standard","meta":[],"categories":[23,105],"tags":[183],"_links":{"self":[{"href":"https:\/\/www.blogdopaulonunes.com\/v5\/index.php\/wp-json\/wp\/v2\/posts\/124405"}],"collection":[{"href":"https:\/\/www.blogdopaulonunes.com\/v5\/index.php\/wp-json\/wp\/v2\/posts"}],"about":[{"href":"https:\/\/www.blogdopaulonunes.com\/v5\/index.php\/wp-json\/wp\/v2\/types\/post"}],"author":[{"embeddable":true,"href":"https:\/\/www.blogdopaulonunes.com\/v5\/index.php\/wp-json\/wp\/v2\/users\/2"}],"replies":[{"embeddable":true,"href":"https:\/\/www.blogdopaulonunes.com\/v5\/index.php\/wp-json\/wp\/v2\/comments?post=124405"}],"version-history":[{"count":1,"href":"https:\/\/www.blogdopaulonunes.com\/v5\/index.php\/wp-json\/wp\/v2\/posts\/124405\/revisions"}],"predecessor-version":[{"id":124406,"href":"https:\/\/www.blogdopaulonunes.com\/v5\/index.php\/wp-json\/wp\/v2\/posts\/124405\/revisions\/124406"}],"wp:featuredmedia":[{"embeddable":true,"href":"https:\/\/www.blogdopaulonunes.com\/v5\/index.php\/wp-json\/wp\/v2\/media\/124388"}],"wp:attachment":[{"href":"https:\/\/www.blogdopaulonunes.com\/v5\/index.php\/wp-json\/wp\/v2\/media?parent=124405"}],"wp:term":[{"taxonomy":"category","embeddable":true,"href":"https:\/\/www.blogdopaulonunes.com\/v5\/index.php\/wp-json\/wp\/v2\/categories?post=124405"},{"taxonomy":"post_tag","embeddable":true,"href":"https:\/\/www.blogdopaulonunes.com\/v5\/index.php\/wp-json\/wp\/v2\/tags?post=124405"}],"curies":[{"name":"wp","href":"https:\/\/api.w.org\/{rel}","templated":true}]}}