{"id":124323,"date":"2025-07-12T09:25:23","date_gmt":"2025-07-12T12:25:23","guid":{"rendered":"https:\/\/www.blogdopaulonunes.com\/v5\/?p=124323"},"modified":"2025-07-12T09:25:23","modified_gmt":"2025-07-12T12:25:23","slug":"portos-brasileiros-batem-recorde-historico-com-532-milhoes-de-toneladas-movimentadas-em-2025","status":"publish","type":"post","link":"https:\/\/www.blogdopaulonunes.com\/v5\/index.php\/2025\/07\/12\/portos-brasileiros-batem-recorde-historico-com-532-milhoes-de-toneladas-movimentadas-em-2025\/","title":{"rendered":"Portos brasileiros batem recorde hist\u00f3rico com 532 milh\u00f5es de toneladas movimentadas em 2025"},"content":{"rendered":"<h5 style=\"text-align: justify;\"><strong>Crescimento de 0,8% nos cinco primeiros meses do ano \u00e9 impulsionado pelo agroneg\u00f3cio e investimentos em infraestrutura portu\u00e1ria<\/strong><\/h5>\n<div id=\"js-text-clipboard\" class=\"notice-content__show js-notice-expand js-permit-copy auto-height\">\n<p style=\"text-align: justify;\">Os\u00a0<strong>portos brasileiros bateram um novo recorde nos cinco primeiros meses de 2025, com a movimenta\u00e7\u00e3o de 532 milh\u00f5es de toneladas de carga\u00a0<\/strong>&#8211; a maior registrada na hist\u00f3ria. Segundo dados do Estat\u00edstico Aquavi\u00e1rio da Ag\u00eancia Nacional de Transportes Aquavi\u00e1rios (Antaq),<strong>\u00a0o volume representa um crescimento de 0,8% em rela\u00e7\u00e3o ao mesmo per\u00edodo de 2024<\/strong>\u00a0\u2014 que at\u00e9 ent\u00e3o detinha o maior \u00edndice j\u00e1 registrado.<\/p>\n<p style=\"text-align: justify;\">O ministro dos Portos e Aeroportos, S\u00edlvio Costa Filho, comemorou o recorde. Na avalia\u00e7\u00e3o dele,<strong>\u00a0o resultado positivo reflete o trabalho que vem sendo desenvolvido pelo Governo Federal.<\/strong><\/p>\n<p style=\"text-align: justify;\">\u201cO crescimento da movimenta\u00e7\u00e3o nos portos \u00e9 reflexo das pol\u00edticas p\u00fablicas e do crescimento da economia. Temos adotado medidas para ampliar ainda mais a capacidade de nossos portos e descentralizar a movimenta\u00e7\u00e3o, promovendo o desenvolvimento socioecon\u00f4mico em todas as regi\u00f5es do pa\u00eds\u201d, disse.<\/p>\n<p style=\"text-align: justify;\">Para o secret\u00e1rio Nacional de Portos, Alex \u00c1vila,<strong>\u00a0o crescimento da movimenta\u00e7\u00e3o de cargas nos portos do pa\u00eds est\u00e1 relacionado tamb\u00e9m ao aumento da produ\u00e7\u00e3o agropecu\u00e1ria brasileira neste per\u00edodo do ano<\/strong>. \u00a0&#8220;Com toda certeza, podemos atribuir significativa parte desse aumento ao agroneg\u00f3cio brasileiro. N\u00f3s viemos ano ap\u00f3s ano apresentando safras recordes e esse ano n\u00e3o \u00e9 diferente, as expectativas s\u00e3o muito boas. N\u00f3s j\u00e1 estamos com uma movimenta\u00e7\u00e3o excelente e devemos ainda, agora no segundo semestre, ter um aumento ainda maior na movimenta\u00e7\u00e3o de cargas, em especial, nas movimenta\u00e7\u00f5es de produtos dos nossos cereais do nosso agroneg\u00f3cio\u201d, destacou \u00c1vila.<\/p>\n<h2>Recordes recorrentes<\/h2>\n<p style=\"text-align: justify;\">Conforme os dados da Antaq, houve recorde de movimenta\u00e7\u00e3o de carga pelo terceiro m\u00eas consecutivo.<strong>\u00a0Em maio, foram 118,4 milh\u00f5es de toneladas movimentadas\u00a0<\/strong>\u2013 sendo o melhor n\u00famero da hist\u00f3ria para o m\u00eas e 7% superior ao mesmo per\u00edodo de 2024.<\/p>\n<p style=\"text-align: justify;\">Entre os portos p\u00fablicos,\u00a0<strong>o destaque foi o crescimento da movimenta\u00e7\u00e3o no Porto de Rio Grande (RS)<\/strong>, com crescimento de 47% no volume de carga. O que explica este cen\u00e1rio \u00e9 a diminui\u00e7\u00e3o das opera\u00e7\u00f5es de 2024, provocada pelas fortes chuvas que impactaram o estado ga\u00facho em maio.<\/p>\n<p style=\"text-align: justify;\">Tamb\u00e9m foi registrado o aumento do transporte de cont\u00eaineres pelos portos brasileiros. Ao longo de todo o ano passado, a carga conteinerizada ultrapassou em 20% a movimenta\u00e7\u00e3o do ano anterior. Os resultados dos cinco primeiros meses de 2025 j\u00e1 representam avan\u00e7o de 7% em rela\u00e7\u00e3o ao mesmo per\u00edodo de 2024.<\/p>\n<h2 style=\"text-align: justify;\">Leil\u00f5es<\/h2>\n<p style=\"text-align: justify;\">Segundo o Minist\u00e9rio de Portos e Aeroportos (MPor), os recordes constantes na movimenta\u00e7\u00e3o de carga est\u00e3o sendo acompanhados por outras medidas que ampliam a capacidade dos portos brasileiros.<\/p>\n<p style=\"text-align: justify;\">Para 2025,\u00a0<strong>h\u00e1 previs\u00e3o do leil\u00e3o do terminal de cont\u00eaineres do Porto de Santos \u2014 Tecon Santos 10 \u2014 que ir\u00e1 ampliar em 50% a capacidade do maior porto do pa\u00eds.<\/strong><\/p>\n<p style=\"text-align: justify;\">Em setembro, ser\u00e1 realizado o leil\u00e3o para concess\u00e3o do canal de acesso ao Porto de Paranagu\u00e1 \u2013 considerado um modelo in\u00e9dito no pa\u00eds. A medida tamb\u00e9m est\u00e1 prevista para outros quatro portos, sendo: Itaja\u00ed, Santos, Bahia e Rio Grande. De acordo com a pasta, as inova\u00e7\u00f5es trar\u00e3o maior efici\u00eancia \u00e0 movimenta\u00e7\u00e3o de navios e cargas, permitindo inclusive a chegada de embarca\u00e7\u00f5es de maior porte.<\/p>\n<\/div>\n<div class=\"notice-content__tags\"><a class=\"notice-content__tag\" href=\"https:\/\/brasil61.com\/noticias\/tag\/portos\">#Portos<\/a><\/div>\n","protected":false},"excerpt":{"rendered":"<p>Crescimento de 0,8% nos cinco primeiros meses do ano \u00e9 impulsionado pelo agroneg\u00f3cio e investimentos em infraestrutura portu\u00e1ria Os\u00a0portos brasileiros bateram um novo recorde nos cinco primeiros meses de 2025, com a movimenta\u00e7\u00e3o de 532 milh\u00f5es de toneladas de carga\u00a0&#8211; a maior registrada na hist\u00f3ria. Segundo dados do Estat\u00edstico Aquavi\u00e1rio da Ag\u00eancia Nacional de Transportes [&hellip;]<\/p>\n","protected":false},"author":2,"featured_media":124324,"comment_status":"open","ping_status":"open","sticky":false,"template":"","format":"standard","meta":[],"categories":[78,71],"tags":[1434,5813],"_links":{"self":[{"href":"https:\/\/www.blogdopaulonunes.com\/v5\/index.php\/wp-json\/wp\/v2\/posts\/124323"}],"collection":[{"href":"https:\/\/www.blogdopaulonunes.com\/v5\/index.php\/wp-json\/wp\/v2\/posts"}],"about":[{"href":"https:\/\/www.blogdopaulonunes.com\/v5\/index.php\/wp-json\/wp\/v2\/types\/post"}],"author":[{"embeddable":true,"href":"https:\/\/www.blogdopaulonunes.com\/v5\/index.php\/wp-json\/wp\/v2\/users\/2"}],"replies":[{"embeddable":true,"href":"https:\/\/www.blogdopaulonunes.com\/v5\/index.php\/wp-json\/wp\/v2\/comments?post=124323"}],"version-history":[{"count":1,"href":"https:\/\/www.blogdopaulonunes.com\/v5\/index.php\/wp-json\/wp\/v2\/posts\/124323\/revisions"}],"predecessor-version":[{"id":124325,"href":"https:\/\/www.blogdopaulonunes.com\/v5\/index.php\/wp-json\/wp\/v2\/posts\/124323\/revisions\/124325"}],"wp:featuredmedia":[{"embeddable":true,"href":"https:\/\/www.blogdopaulonunes.com\/v5\/index.php\/wp-json\/wp\/v2\/media\/124324"}],"wp:attachment":[{"href":"https:\/\/www.blogdopaulonunes.com\/v5\/index.php\/wp-json\/wp\/v2\/media?parent=124323"}],"wp:term":[{"taxonomy":"category","embeddable":true,"href":"https:\/\/www.blogdopaulonunes.com\/v5\/index.php\/wp-json\/wp\/v2\/categories?post=124323"},{"taxonomy":"post_tag","embeddable":true,"href":"https:\/\/www.blogdopaulonunes.com\/v5\/index.php\/wp-json\/wp\/v2\/tags?post=124323"}],"curies":[{"name":"wp","href":"https:\/\/api.w.org\/{rel}","templated":true}]}}