{"id":124305,"date":"2025-07-11T14:31:31","date_gmt":"2025-07-11T17:31:31","guid":{"rendered":"https:\/\/www.blogdopaulonunes.com\/v5\/?p=124305"},"modified":"2025-07-11T14:31:31","modified_gmt":"2025-07-11T17:31:31","slug":"projeto-de-concessao-da-br-116-apresentado-em-brasilia-inclui-demandas-de-vitoria-da-conquista-e-regiao","status":"publish","type":"post","link":"https:\/\/www.blogdopaulonunes.com\/v5\/index.php\/2025\/07\/11\/projeto-de-concessao-da-br-116-apresentado-em-brasilia-inclui-demandas-de-vitoria-da-conquista-e-regiao\/","title":{"rendered":"Projeto de concess\u00e3o da BR-116 apresentado em Bras\u00edlia inclui demandas de Vit\u00f3ria da Conquista e regi\u00e3o"},"content":{"rendered":"<p style=\"text-align: justify;\">O projeto de concess\u00e3o das rodovias BR-116 e BR-324 na Bahia, apresentado nessa quarta-feira (9), em Bras\u00edlia, inclui demandas priorit\u00e1rias de Vit\u00f3ria da Conquista e regi\u00e3o, como a constru\u00e7\u00e3o de viadutos e rotat\u00f3rias no entorno do anel vi\u00e1rio conquistense, segundo o ministro dos Transportes, Renan Filho. A inclus\u00e3o foi considerada como uma grande vit\u00f3ria para o deputado federal Waldenor Pereira, que esteve ao lado do governador Jer\u00f4nimo Rodrigues em reuni\u00e3o com o ministro e representantes da ANTT, da Seinfra e da bancada federal baiana.<\/p>\n<p style=\"text-align: justify;\">Durante o encontro, foram apresentados os estudos t\u00e9cnicos da chamada Rota 2 de Julho, que prev\u00ea a concess\u00e3o e moderniza\u00e7\u00e3o de mais de 500 km de rodovias. A expectativa \u00e9 de que, com a conclus\u00e3o dos estudos e defini\u00e7\u00e3o da modelagem, o projeto avance para a fase de concess\u00e3o.<\/p>\n<blockquote>\n<p style=\"text-align: justify;\"><em>\u201cA excelente not\u00edcia que o ministro nos deu foi que as demandas urgentes da nossa cidade e regi\u00e3o foram acolhidas no projeto. Entre elas, est\u00e3o a constru\u00e7\u00e3o de viadutos e rotat\u00f3rias no entorno do anel vi\u00e1rio de Vit\u00f3ria da Conquista, propostas levadas por nosso mandato, vereadores e lideran\u00e7as regionais durante as audi\u00eancias p\u00fablicas em Vit\u00f3ria da Conquista, Feira de Santana e Salvador&#8221;, destacou o deputado Waldenor Pereira.<\/em><\/p>\n<\/blockquote>\n<figure id=\"attachment_124307\" aria-describedby=\"caption-attachment-124307\" style=\"width: 400px\" class=\"wp-caption aligncenter\"><a href=\"https:\/\/www.blogdopaulonunes.com\/v5\/wp-content\/uploads\/2025\/07\/wz-11.jpg\"><img loading=\"lazy\" class=\"wp-image-124307 size-full\" src=\"https:\/\/www.blogdopaulonunes.com\/v5\/wp-content\/uploads\/2025\/07\/wz-11.jpg\" alt=\"\" width=\"400\" height=\"431\" \/><\/a><figcaption id=\"caption-attachment-124307\" class=\"wp-caption-text\">Reuni\u00e3o no Minist\u00e9rio dos Transportes<\/figcaption><\/figure>\n<p style=\"text-align: justify;\">O parlamentar vem atuando firmemente para garantir melhorias no trecho da BR-116 que corta o Sudoeste baiano, refor\u00e7ando esses pleitos diretamente junto ao ministro da Casa Civil, Rui Costa, e ao l\u00edder do Governo no Senado, Jaques Wagner \u2014 ambos ex-governadores da Bahia e aliados estrat\u00e9gicos na defesa dos interesses do estado.<\/p>\n<p style=\"text-align: justify;\">Al\u00e9m de Waldenor e Jer\u00f4nimo, participaram da reuni\u00e3o o secret\u00e1rio estadual de Rela\u00e7\u00f5es Institucionais, Adolpho Loyola, o superintendente de Infraestrutura de Transporte, Saulo Pontes, e a coordenadora do Escrit\u00f3rio de Representa\u00e7\u00e3o da Bahia em Bras\u00edlia, Elisabete Costa.<\/p>\n<figure id=\"attachment_124308\" aria-describedby=\"caption-attachment-124308\" style=\"width: 414px\" class=\"wp-caption aligncenter\"><a href=\"https:\/\/www.blogdopaulonunes.com\/v5\/wp-content\/uploads\/2025\/07\/wz-13.jpg\"><img loading=\"lazy\" class=\"wp-image-124308 size-full\" src=\"https:\/\/www.blogdopaulonunes.com\/v5\/wp-content\/uploads\/2025\/07\/wz-13.jpg\" alt=\"\" width=\"414\" height=\"474\" \/><\/a><figcaption id=\"caption-attachment-124308\" class=\"wp-caption-text\">Deputado Waldenor com o governador Jer\u00f4nimo Rodrigues<\/figcaption><\/figure>\n<p style=\"text-align: justify;\">Os projetos devem viabilizar investimentos robustos em duplica\u00e7\u00e3o de vias, melhorias estruturais e gera\u00e7\u00e3o de empregos ao longo da BR-116, especialmente em \u00e1reas estrat\u00e9gicas para o desenvolvimento\u00a0do\u00a0estado.<\/p>\n<p>Imagens: Assessoria WZ<\/p>\n","protected":false},"excerpt":{"rendered":"<p>O projeto de concess\u00e3o das rodovias BR-116 e BR-324 na Bahia, apresentado nessa quarta-feira (9), em Bras\u00edlia, inclui demandas priorit\u00e1rias de Vit\u00f3ria da Conquista e regi\u00e3o, como a constru\u00e7\u00e3o de viadutos e rotat\u00f3rias no entorno do anel vi\u00e1rio conquistense, segundo o ministro dos Transportes, Renan Filho. A inclus\u00e3o foi considerada como uma grande vit\u00f3ria para [&hellip;]<\/p>\n","protected":false},"author":2,"featured_media":124306,"comment_status":"open","ping_status":"open","sticky":false,"template":"","format":"standard","meta":[],"categories":[115,105],"tags":[1042,2446,6072],"_links":{"self":[{"href":"https:\/\/www.blogdopaulonunes.com\/v5\/index.php\/wp-json\/wp\/v2\/posts\/124305"}],"collection":[{"href":"https:\/\/www.blogdopaulonunes.com\/v5\/index.php\/wp-json\/wp\/v2\/posts"}],"about":[{"href":"https:\/\/www.blogdopaulonunes.com\/v5\/index.php\/wp-json\/wp\/v2\/types\/post"}],"author":[{"embeddable":true,"href":"https:\/\/www.blogdopaulonunes.com\/v5\/index.php\/wp-json\/wp\/v2\/users\/2"}],"replies":[{"embeddable":true,"href":"https:\/\/www.blogdopaulonunes.com\/v5\/index.php\/wp-json\/wp\/v2\/comments?post=124305"}],"version-history":[{"count":1,"href":"https:\/\/www.blogdopaulonunes.com\/v5\/index.php\/wp-json\/wp\/v2\/posts\/124305\/revisions"}],"predecessor-version":[{"id":124309,"href":"https:\/\/www.blogdopaulonunes.com\/v5\/index.php\/wp-json\/wp\/v2\/posts\/124305\/revisions\/124309"}],"wp:featuredmedia":[{"embeddable":true,"href":"https:\/\/www.blogdopaulonunes.com\/v5\/index.php\/wp-json\/wp\/v2\/media\/124306"}],"wp:attachment":[{"href":"https:\/\/www.blogdopaulonunes.com\/v5\/index.php\/wp-json\/wp\/v2\/media?parent=124305"}],"wp:term":[{"taxonomy":"category","embeddable":true,"href":"https:\/\/www.blogdopaulonunes.com\/v5\/index.php\/wp-json\/wp\/v2\/categories?post=124305"},{"taxonomy":"post_tag","embeddable":true,"href":"https:\/\/www.blogdopaulonunes.com\/v5\/index.php\/wp-json\/wp\/v2\/tags?post=124305"}],"curies":[{"name":"wp","href":"https:\/\/api.w.org\/{rel}","templated":true}]}}