{"id":124172,"date":"2025-07-02T14:54:06","date_gmt":"2025-07-02T17:54:06","guid":{"rendered":"https:\/\/www.blogdopaulonunes.com\/v5\/?p=124172"},"modified":"2025-07-02T14:54:06","modified_gmt":"2025-07-02T17:54:06","slug":"presidente-lula-acompanha-cortejo-do-dois-de-julho-pelo-quarto-ano-consecutivo","status":"publish","type":"post","link":"https:\/\/www.blogdopaulonunes.com\/v5\/index.php\/2025\/07\/02\/presidente-lula-acompanha-cortejo-do-dois-de-julho-pelo-quarto-ano-consecutivo\/","title":{"rendered":"Presidente Lula acompanha cortejo do Dois de Julho pelo quarto ano consecutivo"},"content":{"rendered":"<p><strong>Data c\u00edvica baiana \u00e9 marco na consolida\u00e7\u00e3o da Independ\u00eancia do Brasil<\/strong><\/p>\n<div style=\"text-align: justify;\"><\/div>\n<div style=\"text-align: justify;\">Pelo quarto ano seguido, o presidente Luiz In\u00e1cio Lula da Silva fez quest\u00e3o de marcar presen\u00e7a no Dois de Julho, em Salvador, data que celebra os 202 anos da Independ\u00eancia da Bahia. Ao lado do governador Jer\u00f4nimo Rodrigues, da ministra da Cultura, Margareth Menezes, e do ministro da Casa Civil, Rui Costa, Lula participou do tradicional cortejo c\u00edvico, acompanhando o povo baiano em um dos momentos mais simb\u00f3licos da nossa hist\u00f3ria.<\/div>\n<div><\/div>\n<div style=\"text-align: justify;\">Em clima de festa e emo\u00e7\u00e3o, o presidente foi saudado pelo p\u00fablico com entusiasmo e seguiu junto ao cortejo at\u00e9 o Pelourinho, reafirmando o compromisso com a valoriza\u00e7\u00e3o da cultura e da luta do povo baiano. As primeiras-damas da Rep\u00fablica, Janja da Silva, \u00a0e do Estado, Tatiana Velloso, \u00a0tamb\u00e9m estavam presentes.<\/div>\n<div>\n<figure id=\"attachment_124174\" aria-describedby=\"caption-attachment-124174\" style=\"width: 400px\" class=\"wp-caption aligncenter\"><a href=\"https:\/\/www.blogdopaulonunes.com\/v5\/wp-content\/uploads\/2025\/07\/Joa-SouzaGOVBA-1A.jpg\"><img loading=\"lazy\" class=\"wp-image-124174 size-full\" src=\"https:\/\/www.blogdopaulonunes.com\/v5\/wp-content\/uploads\/2025\/07\/Joa-SouzaGOVBA-1A.jpg\" alt=\"\" width=\"400\" height=\"266\" \/><\/a><figcaption id=\"caption-attachment-124174\" class=\"wp-caption-text\">Foto: Jo\u00e3o Souza\/ GOVBa<\/figcaption><\/figure>\n<\/div>\n<div style=\"text-align: justify;\"><\/div>\n<div style=\"text-align: justify;\">Na ter\u00e7a-feira (1), o presidente enviou ao Congresso Nacional o projeto de lei que prop\u00f5e transformar o Dois de Julho em feriado em todo o Brasil, em homenagem \u00e0 consolida\u00e7\u00e3o da Independ\u00eancia.<\/div>\n<div style=\"text-align: justify;\"><\/div>\n<div style=\"text-align: justify;\">\u201cAno passado ele se comprometeu que buscaria transformar a data em nacional e n\u00f3s estamos aguardando. A gente vai constituindo aqui o material para consolidar um processo no curr\u00edculo escolar, de uma data oficial. Transformar em lei \u00e9 muito importante\u201d, ressaltou Jer\u00f4nimo Rodrigues sobre a relev\u00e2ncia da iniciativa de oficializar as celebra\u00e7\u00f5es do Dois de Julho no \u00e2mbito nacional.<\/div>\n<div style=\"text-align: justify;\"><b><i>\u00a0<\/i><\/b><\/div>\n<div style=\"text-align: justify;\"><b><i>Rep\u00f3rter: Anderson Oliveira\/GOVBA<\/i><\/b><\/div>\n","protected":false},"excerpt":{"rendered":"<p>Data c\u00edvica baiana \u00e9 marco na consolida\u00e7\u00e3o da Independ\u00eancia do Brasil Pelo quarto ano seguido, o presidente Luiz In\u00e1cio Lula da Silva fez quest\u00e3o de marcar presen\u00e7a no Dois de Julho, em Salvador, data que celebra os 202 anos da Independ\u00eancia da Bahia. Ao lado do governador Jer\u00f4nimo Rodrigues, da ministra da Cultura, Margareth Menezes, [&hellip;]<\/p>\n","protected":false},"author":2,"featured_media":124173,"comment_status":"open","ping_status":"open","sticky":false,"template":"","format":"standard","meta":[],"categories":[22,105],"tags":[1521,234,6006,437,138],"_links":{"self":[{"href":"https:\/\/www.blogdopaulonunes.com\/v5\/index.php\/wp-json\/wp\/v2\/posts\/124172"}],"collection":[{"href":"https:\/\/www.blogdopaulonunes.com\/v5\/index.php\/wp-json\/wp\/v2\/posts"}],"about":[{"href":"https:\/\/www.blogdopaulonunes.com\/v5\/index.php\/wp-json\/wp\/v2\/types\/post"}],"author":[{"embeddable":true,"href":"https:\/\/www.blogdopaulonunes.com\/v5\/index.php\/wp-json\/wp\/v2\/users\/2"}],"replies":[{"embeddable":true,"href":"https:\/\/www.blogdopaulonunes.com\/v5\/index.php\/wp-json\/wp\/v2\/comments?post=124172"}],"version-history":[{"count":1,"href":"https:\/\/www.blogdopaulonunes.com\/v5\/index.php\/wp-json\/wp\/v2\/posts\/124172\/revisions"}],"predecessor-version":[{"id":124175,"href":"https:\/\/www.blogdopaulonunes.com\/v5\/index.php\/wp-json\/wp\/v2\/posts\/124172\/revisions\/124175"}],"wp:featuredmedia":[{"embeddable":true,"href":"https:\/\/www.blogdopaulonunes.com\/v5\/index.php\/wp-json\/wp\/v2\/media\/124173"}],"wp:attachment":[{"href":"https:\/\/www.blogdopaulonunes.com\/v5\/index.php\/wp-json\/wp\/v2\/media?parent=124172"}],"wp:term":[{"taxonomy":"category","embeddable":true,"href":"https:\/\/www.blogdopaulonunes.com\/v5\/index.php\/wp-json\/wp\/v2\/categories?post=124172"},{"taxonomy":"post_tag","embeddable":true,"href":"https:\/\/www.blogdopaulonunes.com\/v5\/index.php\/wp-json\/wp\/v2\/tags?post=124172"}],"curies":[{"name":"wp","href":"https:\/\/api.w.org\/{rel}","templated":true}]}}