{"id":124070,"date":"2025-06-28T02:52:01","date_gmt":"2025-06-28T05:52:01","guid":{"rendered":"https:\/\/www.blogdopaulonunes.com\/v5\/?p=124070"},"modified":"2025-06-28T02:52:01","modified_gmt":"2025-06-28T05:52:01","slug":"estudo-aponta-142-empresarios-do-agronegocio-envolvidos-em-tentativa-de-golpe","status":"publish","type":"post","link":"https:\/\/www.blogdopaulonunes.com\/v5\/index.php\/2025\/06\/28\/estudo-aponta-142-empresarios-do-agronegocio-envolvidos-em-tentativa-de-golpe\/","title":{"rendered":"Estudo aponta 142 empres\u00e1rios do agroneg\u00f3cio envolvidos em tentativa de golpe"},"content":{"rendered":"<p style=\"text-align: justify;\"><strong>O dado mais alarmante diz respeito \u00e0 responsabiliza\u00e7\u00e3o: salvo quem foi flagrado nos atos golpistas, nenhum dos nomes respondeu juridicamente por golpe<\/strong><\/p>\n<div class=\"article__notif\">\n<div class=\"editor-box marginTop30\">\n<div class=\"editor-avatar\"><\/div>\n<div class=\"editor-info\">\n<div class=\"editor-label\">Conte\u00fado postado por:<\/div>\n<div class=\"editor-name\"><a href=\"https:\/\/www.brasil247.com\/authors\/leonardo-lucena\">Leonardo Lucena<\/a><\/div>\n<\/div>\n<\/div>\n<\/div>\n<div data-cy=\"articleBody\">\n<p style=\"text-align: justify;\"><b>Por Alceu Lu\u00eds Castilho e Bruno Stankevicius Bassi,\u00a0<\/b><a href=\"https:\/\/deolhonosruralistas.com.br\/2025\/06\/25\/relatorio-agrogolpistas\/\" target=\"_blank\" rel=\"noopener noreferrer\"><b>De Olho nos Ruralistas<\/b><\/a><b>\u00a0<\/b><i>&#8211;\u00a0<\/i>Essas perguntas pairam desde 21 de novembro de 2024, quando a Pol\u00edcia Federal (PF) indiciou o ex-presidente e outras 36 pessoas por tentativa de golpe de Estado. O relat\u00f3rio publicado naquele dia revelou a exist\u00eancia do plano Punhal Verde e Amarelo: uma trama de homic\u00eddio orquestrada por membros da For\u00e7as Armadas e do alto escal\u00e3o do governo. O objetivo? Decretar um regime de exce\u00e7\u00e3o e assassinar o presidente eleito Luiz In\u00e1cio Lula da Silva, seu vice Geraldo Alckmin e o ministro Alexandre de Moraes, do Supremo Tribunal Federal (STF).<\/p>\n<p style=\"text-align: justify;\">A participa\u00e7\u00e3o do agroneg\u00f3cio no plano foi detalhada ap\u00f3s a pris\u00e3o do tenente-coronel Mauro Cid, ex-ajudante de ordens de Bolsonaro. Em depoimento \u00e0 Procuradoria-Geral da Rep\u00fablica, ele afirma ter recebido cerca de R$ 100 mil em esp\u00e9cie. Com notas entregues em uma sacola de vinho pelo general Walter Braga Netto, que contou a Cid sobre a origem do valor: \u201cO general Braga Netto entregou e comentou que era algu\u00e9m do agro que tinha dado, mas eu n\u00e3o sei o nome de quem foi que passou pra ele\u201d<\/p>\n<p>Quem \u00e9 esse \u201cpessoal do agro\u201d sem rosto, sem nome e impune?<\/p>\n<p style=\"text-align: justify;\">Para responder a essa pergunta, De Olho nos Ruralistas lan\u00e7a nessa quarta-feira (25) o relat\u00f3rio \u201c<a href=\"https:\/\/deolhonosruralistas.com.br\/wp-content\/uploads\/2025\/06\/Agrogolpistas-2025.pdf\" target=\"_blank\" rel=\"noopener noreferrer\">Agrogolpistas<\/a>\u201c, que identifica 142 empres\u00e1rios do setor que atuaram no suporte log\u00edstico ou financeiro a atos golpistas entre o segundo semestre de 2022 e o fat\u00eddico 8 de janeiro de 2023.<\/p>\n<p style=\"text-align: justify;\">Os agrogolpistas n\u00e3o s\u00e3o apenas fazendeiros caricaturais, com chapel\u00e3o e botas, nos rinc\u00f5es do pa\u00eds. Ao longo de 89 p\u00e1ginas, \u00e9 poss\u00edvel encontrar o nome de bancos e multinacionais diretamente ligadas aos empres\u00e1rios que financiaram o terror. Eles recebem financiamento de institui\u00e7\u00f5es como Santander, Rabobank e John Deere. E possuem contratos de fornecimento e parceiras com gigantes como BTG Pactual e Syngenta \u2014 esta \u00faltima, parte da cadeia de financiamento da Frente Parlamentar da Agropecu\u00e1ria (FPA).<\/p>\n<p style=\"text-align: justify;\">O dado mais alarmante diz respeito \u00e0 responsabiliza\u00e7\u00e3o: salvo aqueles (poucos) que foram flagrados nos atos terroristas de 8 de janeiro, nenhum dos nomes respondeu juridicamente pelo fomento ao golpe de Estado.<\/p>\n<h3><b>OBSERVAT\u00d3RIO ANALISOU 1.452 NOMES PARA TRA\u00c7AR RELA\u00c7\u00c3O COM AGRONEG\u00d3CIO<\/b><\/h3>\n<p style=\"text-align: justify;\">Durante quatro meses, o n\u00facleo de pesquisas do observat\u00f3rio percorreu listas de pessoas f\u00edsicas e jur\u00eddicas investigadas por contratar a infraestrutura dos acampamentos golpistas \u2014 geradores, tendas, banheiros qu\u00edmicos, alimentos \u2014 e por viabilizar o trancamento de rodovias de norte a sul do pa\u00eds.<\/p>\n<p style=\"text-align: justify;\">A base de dados de financiadores de atos antidemocr\u00e1ticos \u2014 551 nomes, ao todo \u2014 foi complementada pela rela\u00e7\u00e3o dos 898 r\u00e9us responsabilizados criminalmente em inqu\u00e9ritos do STF relativos ao 8 de janeiro e pela lista de indiciados da Opera\u00e7\u00e3o Lesa P\u00e1tria, da PF. Por \u00faltimo, inclu\u00edmos na an\u00e1lise os nomes de tr\u00eas fazendeiros paraenses investigados por fornecer apoio aos terroristas George Washington de Oliveira Sousa e Alan Diego dos Santos Rodrigues, respons\u00e1veis pela tentativa de atentado \u00e0 bomba no aeroporto de Bras\u00edlia, na v\u00e9spera do Natal de 2022.<\/p>\n<p style=\"text-align: justify;\">A partir desses dados, nossa equipe procurou identificar rela\u00e7\u00f5es diretas com o agroneg\u00f3cio: propriedade de im\u00f3veis rurais registradas no cadastro do Instituto Nacional de Coloniza\u00e7\u00e3o e Reforma Agr\u00e1ria (Incra) ou no Cadastro Ambiental Rural (CAR); sociedade em empresas agropecu\u00e1rias registradas na Receita Federal; e o registro de benefici\u00e1rios do seguro rural pelo Minist\u00e9rio da Agricultura, Pecu\u00e1ria e Abastecimento. No caso das empresas privadas indiciadas, a pesquisa foi estendida para seus s\u00f3cios.<\/p>\n<p style=\"text-align: justify;\">Ao todo, constatamos que 142 fazendeiros e empres\u00e1rios do agroneg\u00f3cio foram implicados por sua participa\u00e7\u00e3o em atos antidemocr\u00e1ticos.<\/p>\n<p style=\"text-align: justify;\">Eles correspondem a 10% de todos os nomes analisados ao longo da pesquisa. Esses dados podem \u2014 e provavelmente est\u00e3o \u2014 subestimados, uma vez que s\u00e3o comuns os casos de pessoas f\u00edsicas com hom\u00f4nimos e, devido \u00e0 Lei Geral de Prote\u00e7\u00e3o de Dados, tanto as bases fundi\u00e1rias do Incra quanto as da Receita Federal deixaram de exibir o n\u00famero do CPF.<\/p>\n<p style=\"text-align: justify;\">S\u00f3 foram listados neste relat\u00f3rio os casos em que houve confirma\u00e7\u00e3o absoluta de rela\u00e7\u00e3o com o agroneg\u00f3cio.<\/p>\n<h3><b>\u201cARCO DA SOJA\u201d CONCENTRA 71% DOS AGROGOLPISTAS<\/b><\/h3>\n<p style=\"text-align: justify;\">Dos 142 fazendeiros e s\u00f3cios de empresas identificados no levantamento, 74 est\u00e3o baseados em Mato Grosso, 17 em Goi\u00e1s e 13 na Bahia. Os tr\u00eas estados respondem por 71% dos nomes consolidados pelo observat\u00f3rio. A rela\u00e7\u00e3o com o agroneg\u00f3cio \u00e9 escancarada: juntos, eles comp\u00f5em o principal corredor produtivo da soja no pa\u00eds, respons\u00e1vel por 47% da safra nacional.<\/p>\n<p style=\"text-align: justify;\">Foi justamente desse eixo de onde saiu a maior parte dos caminh\u00f5es identificados pela Secretaria de Seguran\u00e7a P\u00fablica do Distrito Federal (SSP-DF) entre os ve\u00edculos estacionados em frente ao Quartel General (QG) do Ex\u00e9rcito em Bras\u00edlia: 56 dos 234 caminh\u00f5es enviados ao acampamento golpista tinham origem em Sorriso (MT), o maior polo produtor de soja do mundo.<\/p>\n<p style=\"text-align: justify;\">Desse total, 28 pertencem a duas fam\u00edlias que se interligam. Com dez nomes na lista, o cl\u00e3 Bedin enviou quinze caminh\u00f5es para a capital federal. Unidos aos Bedin pelos neg\u00f3cios e pelo casamento, os Lermen enviaram treze ve\u00edculos para o QG golpista.<\/p>\n<p style=\"text-align: justify;\">O grupo \u00e9 liderado pelo pioneiro Argino Bedin, o \u201cpai da soja\u201d de Sorriso. O mesmo empres\u00e1rio que se calou diante da Comiss\u00e3o Parlamentar Mista de Inqu\u00e9rito (CPMI) do 8 de Janeiro, no Senado. Quando retornou a Sorriso, quatro dias ap\u00f3s seu depoimento, Argino foi ovacionado em um evento de gala organizado por pol\u00edticos e expoentes do agroneg\u00f3cio mato-grossense.<\/p>\n<p style=\"text-align: justify;\">O caminho que liga o Arco da Soja \u00e0s movimenta\u00e7\u00f5es golpistas passa ainda pelas organiza\u00e7\u00f5es de representa\u00e7\u00e3o do agroneg\u00f3cio: seis empres\u00e1rios investigados em processos relativos ao 8 de janeiro e aos acampamentos golpistas s\u00e3o dirigentes da Associa\u00e7\u00e3o Brasileira dos Produtores de Soja (Aprosoja), uma das organiza\u00e7\u00f5es fundadoras do Instituto Pensar Agro (IPA), o bra\u00e7o log\u00edstico da bancada ruralista no Congresso.<\/p>\n<p style=\"text-align: justify;\">Entre eles, Christiano da Silva Bortolotto, ex-presidente da Aprosoja de Mato Grosso do Sul e do Sindicato Rural de Amambai (MS), onde protagoniza um conflito hist\u00f3rico contra o povo Guarani-Kaiow\u00e1 do Tekoh\u00e1 Kurusu Amb\u00e1.<\/p>\n<h3><b>TEMAS DO RELAT\u00d3RIO SER\u00c3O EXPLORADOS EM S\u00c9RIE DE REPORTAGENS<\/b><\/h3>\n<p style=\"text-align: justify;\">Nenhum dos fazendeiros suspeitos de financiar os atos golpistas foi preso ou condenado por esse motivo. Os indiciados em comiss\u00f5es parlamentares de inqu\u00e9rito \u2014 tanto do Senado quanto da C\u00e2mara Legislativa do Distrito Federal \u2014 n\u00e3o integram a den\u00fancia da Procuradoria-Geral da Rep\u00fablica (PGR) que definiu os seis n\u00facleos golpistas no julgamento no STF. Tamb\u00e9m n\u00e3o foram processados os empres\u00e1rios listados na rela\u00e7\u00e3o de donos dos caminh\u00f5es flagrados no QG do Ex\u00e9rcito, divulgada pela SSP-DF.<\/p>\n<p style=\"text-align: justify;\">Mesmo com a declara\u00e7\u00e3o de Mauro Cid que apontou o \u201cpessoal do agro\u201d como respons\u00e1vel por financiar o plano Punhal Verde e Amarelo. Mesmo que mensagens interceptadas pela Pol\u00edcia Federal comprovem que os organizadores do acampamento instavam Jair Bolsonaro a sair das quatro linhas da Constitui\u00e7\u00e3o.<\/p>\n<p style=\"text-align: justify;\">A impunidade \u00e9 um dos fatores centrais trazidos pelo relat\u00f3rio \u201c<a href=\"https:\/\/deolhonosruralistas.com.br\/wp-content\/uploads\/2025\/06\/Agrogolpistas-2025.pdf\" target=\"_blank\" rel=\"noopener noreferrer\">Agrogolpistas\u201d<\/a>. O empresariado que financiou a empreitada bolsonarista saiu at\u00e9 agora ileso e de imagem lavada. Aos poucos, vai ficando invis\u00edvel. Como se apenas tramas verde-oliva tivessem sido os fatores decisivos para a viol\u00eancia institucional.As digitais do agroneg\u00f3cio na engrenagem do golpe podiam ser observadas desde 2022. De Olho nos Ruralistas revelou a ponta do iceberg em um dossi\u00ea intitulado \u201c<a href=\"https:\/\/deolhonosruralistas.com.br\/2023\/05\/08\/dossie-mostra-face-agraria-do-terror-no-brasil\/\" target=\"_blank\" rel=\"noopener noreferrer\">As Origens Agr\u00e1rias do Terror<\/a>\u201d \u2014 publicado apenas quatro meses ap\u00f3s os atos terroristas de 8 de janeiro de 2023. Na \u00e9poca, o levantamento identificou as conex\u00f5es agr\u00e1rias de 44 empres\u00e1rios e pol\u00edticos que atuaram na organiza\u00e7\u00e3o do quebra-quebra na Pra\u00e7a dos Tr\u00eas Poderes, em Bras\u00edlia, e nos bloqueios a rodovias em cinco estados.<\/p>\n<p style=\"text-align: justify;\">Passados dois anos, pouco se avan\u00e7ou no sentido de responsabilizar os financiadores do golpismo no Brasil.<\/p>\n<\/div>\n","protected":false},"excerpt":{"rendered":"<p>O dado mais alarmante diz respeito \u00e0 responsabiliza\u00e7\u00e3o: salvo quem foi flagrado nos atos golpistas, nenhum dos nomes respondeu juridicamente por golpe Conte\u00fado postado por: Leonardo Lucena Por Alceu Lu\u00eds Castilho e Bruno Stankevicius Bassi,\u00a0De Olho nos Ruralistas\u00a0&#8211;\u00a0Essas perguntas pairam desde 21 de novembro de 2024, quando a Pol\u00edcia Federal (PF) indiciou o ex-presidente e [&hellip;]<\/p>\n","protected":false},"author":2,"featured_media":124071,"comment_status":"open","ping_status":"open","sticky":false,"template":"","format":"standard","meta":[],"categories":[94,105],"tags":[610,1457,387],"_links":{"self":[{"href":"https:\/\/www.blogdopaulonunes.com\/v5\/index.php\/wp-json\/wp\/v2\/posts\/124070"}],"collection":[{"href":"https:\/\/www.blogdopaulonunes.com\/v5\/index.php\/wp-json\/wp\/v2\/posts"}],"about":[{"href":"https:\/\/www.blogdopaulonunes.com\/v5\/index.php\/wp-json\/wp\/v2\/types\/post"}],"author":[{"embeddable":true,"href":"https:\/\/www.blogdopaulonunes.com\/v5\/index.php\/wp-json\/wp\/v2\/users\/2"}],"replies":[{"embeddable":true,"href":"https:\/\/www.blogdopaulonunes.com\/v5\/index.php\/wp-json\/wp\/v2\/comments?post=124070"}],"version-history":[{"count":1,"href":"https:\/\/www.blogdopaulonunes.com\/v5\/index.php\/wp-json\/wp\/v2\/posts\/124070\/revisions"}],"predecessor-version":[{"id":124072,"href":"https:\/\/www.blogdopaulonunes.com\/v5\/index.php\/wp-json\/wp\/v2\/posts\/124070\/revisions\/124072"}],"wp:featuredmedia":[{"embeddable":true,"href":"https:\/\/www.blogdopaulonunes.com\/v5\/index.php\/wp-json\/wp\/v2\/media\/124071"}],"wp:attachment":[{"href":"https:\/\/www.blogdopaulonunes.com\/v5\/index.php\/wp-json\/wp\/v2\/media?parent=124070"}],"wp:term":[{"taxonomy":"category","embeddable":true,"href":"https:\/\/www.blogdopaulonunes.com\/v5\/index.php\/wp-json\/wp\/v2\/categories?post=124070"},{"taxonomy":"post_tag","embeddable":true,"href":"https:\/\/www.blogdopaulonunes.com\/v5\/index.php\/wp-json\/wp\/v2\/tags?post=124070"}],"curies":[{"name":"wp","href":"https:\/\/api.w.org\/{rel}","templated":true}]}}